{"id":458,"date":"2008-08-14T09:35:43","date_gmt":"2008-08-14T06:35:43","guid":{"rendered":"http:\/\/www.korhanyilmaz.com\/?p=458"},"modified":"2008-08-14T09:35:43","modified_gmt":"2008-08-14T06:35:43","slug":"lubnan%e2%80%99da-bomba-18-olu-45-yarali","status":"publish","type":"post","link":"http:\/\/www.korhanyilmaz.com\/?p=458","title":{"rendered":"L\u00fcbnan\u2019da bomba: 18 \u00f6l\u00fc 45 yaral\u0131"},"content":{"rendered":"<p style=\"text-align: center;\"><img loading=\"lazy\" decoding=\"async\" class=\"aligncenter size-full wp-image-459\" title=\"fft17_mf86838\" src=\"http:\/\/www.korhanyilmaz.com\/wp-content\/uploads\/2008\/08\/fft17_mf86838.jpg\" alt=\"\" width=\"207\" height=\"255\" \/><\/p>\n<p style=\"text-align: justify;\">Sald\u0131r\u0131n\u0131n, \u00fc\u00e7 y\u0131l aradan sonra L\u00fcbnan Cumhurba\u015fkan\u0131&#8217;n\u0131n Suriye&#8217;ye yapaca\u011f\u0131 ilk ziyaretin hemen \u00f6ncesinde d\u00fczenlendi\u011fine dikkat \u00e7ekiliyor.<\/p>\n<p style=\"text-align: justify;\">L\u00fcbnan&#8217;\u0131n kuzeyindeki Trablus kentinin merkezinde otob\u00fcs dura\u011f\u0131na yerle\u015ftirilen bomban\u0131n patlamas\u0131 sonucu 10&#8217;u asker 18 ki\u015fi \u00f6ld\u00fc, 45 ki\u015fi yaraland\u0131.<br \/>\nYerel saatle d\u00fcn 07.45&#8217;te \u015fehrin en i\u015flek caddelerinden birinde meydana gelen patlama s\u0131ras\u0131nda, kalabal\u0131k bir asker grubunun ayn\u0131 yerde servis arac\u0131na binmek \u00fczere oldu\u011fu bildirildi.<br \/>\nL\u00fcbnan Cumhurba\u015fkan\u0131 Mi\u015fel S\u00fcleyman sald\u0131r\u0131y\u0131 k\u0131nayarak, L\u00fcbnan ordusu ve polisinin ter\u00f6ristlere kar\u015f\u0131 m\u00fccadelesinde yenilmeyece\u011fini s\u00f6yledi. Sald\u0131r\u0131n\u0131n, \u00fc\u00e7 y\u0131l aradan sonra L\u00fcbnan Cumhurba\u015fkan\u0131&#8217;n\u0131n Suriye&#8217;ye yapaca\u011f\u0131 ilk ziyaretin hemen \u00f6ncesinde d\u00fczenlendi\u011fine dikkat \u00e7ekiliyor.<!--more--><\/p>\n<p style=\"text-align: justify;\">AB&#8217;den k\u0131nama<br \/>\nEl Kaide k\u00f6kenli \u0130slamc\u0131 militanlar taraf\u0131ndan yap\u0131ld\u0131\u011f\u0131 tahmin edilen sald\u0131r\u0131n\u0131n, L\u00fcbnan ordusuna kar\u015f\u0131 ge\u00e7en y\u0131ldan beri d\u00fczenlenen en b\u00fcy\u00fck \u00e7apl\u0131 ter\u00f6r sald\u0131r\u0131s\u0131 oldu\u011fu bildiriliyor.<br \/>\nAB ve Fransa, yapt\u0131klar\u0131 yaz\u0131l\u0131 a\u00e7\u0131klamalarda sald\u0131r\u0131y\u0131 k\u0131nad\u0131. AB&#8217;den yap\u0131lan a\u00e7\u0131klamada, &#8220;ter\u00f6rist aktiviteler tam olarak ayd\u0131nlat\u0131lmal\u0131&#8221; denildi. Fransa Cumhurba\u015fkan\u0131 Nicolas Sarkozy de sald\u0131r\u0131n\u0131n &#8220;korkak\u00e7a&#8221; oldu\u011funu belirterek, Fransa&#8217;n\u0131n ter\u00f6rizmle olan sava\u015f\u0131nda L\u00fcbnan halk\u0131na olan deste\u011fini yineledi\u011fini kaydetti.<\/p>\n<p style=\"text-align: justify;\">Kaynak: Miliyet Gazetesi<\/p>\n","protected":false},"excerpt":{"rendered":"<p style=\"text-align: center;\">\n<p style=\"text-align: justify;\">Sald\u0131r\u0131n\u0131n, \u00fc\u00e7 y\u0131l aradan sonra L\u00fcbnan Cumhurba\u015fkan\u0131&#8217;n\u0131n Suriye&#8217;ye yapaca\u011f\u0131 ilk ziyaretin hemen \u00f6ncesinde d\u00fczenlendi\u011fine dikkat \u00e7ekiliyor.<\/p>\n<p style=\"text-align: justify;\">L\u00fcbnan&#8217;\u0131n kuzeyindeki Trablus kentinin merkezinde otob\u00fcs dura\u011f\u0131na yerle\u015ftirilen bomban\u0131n patlamas\u0131 sonucu 10&#8217;u asker 18 ki\u015fi \u00f6ld\u00fc, 45 ki\u015fi yaraland\u0131. Yerel saatle d\u00fcn 07.45&#8217;te \u015fehrin en i\u015flek caddelerinden birinde meydana gelen patlama s\u0131ras\u0131nda, <\/p>\n","protected":false},"author":1,"featured_media":0,"comment_status":"open","ping_status":"open","sticky":false,"template":"","format":"standard","meta":{"footnotes":""},"categories":[3],"tags":[],"class_list":["post-458","post","type-post","status-publish","format-standard","hentry","category-dunya","odd"],"_links":{"self":[{"href":"http:\/\/www.korhanyilmaz.com\/index.php?rest_route=\/wp\/v2\/posts\/458","targetHints":{"allow":["GET"]}}],"collection":[{"href":"http:\/\/www.korhanyilmaz.com\/index.php?rest_route=\/wp\/v2\/posts"}],"about":[{"href":"http:\/\/www.korhanyilmaz.com\/index.php?rest_route=\/wp\/v2\/types\/post"}],"author":[{"embeddable":true,"href":"http:\/\/www.korhanyilmaz.com\/index.php?rest_route=\/wp\/v2\/users\/1"}],"replies":[{"embeddable":true,"href":"http:\/\/www.korhanyilmaz.com\/index.php?rest_route=%2Fwp%2Fv2%2Fcomments&post=458"}],"version-history":[{"count":0,"href":"http:\/\/www.korhanyilmaz.com\/index.php?rest_route=\/wp\/v2\/posts\/458\/revisions"}],"wp:attachment":[{"href":"http:\/\/www.korhanyilmaz.com\/index.php?rest_route=%2Fwp%2Fv2%2Fmedia&parent=458"}],"wp:term":[{"taxonomy":"category","embeddable":true,"href":"http:\/\/www.korhanyilmaz.com\/index.php?rest_route=%2Fwp%2Fv2%2Fcategories&post=458"},{"taxonomy":"post_tag","embeddable":true,"href":"http:\/\/www.korhanyilmaz.com\/index.php?rest_route=%2Fwp%2Fv2%2Ftags&post=458"}],"curies":[{"name":"wp","href":"https:\/\/api.w.org\/{rel}","templated":true}]}}