{"id":45799,"date":"2012-01-05T18:42:48","date_gmt":"2012-01-05T16:42:48","guid":{"rendered":"http:\/\/www.korhanyilmaz.com\/?p=45799"},"modified":"2012-01-05T23:16:09","modified_gmt":"2012-01-05T21:16:09","slug":"uludere-raporunda-dikkat-cekici-sorular","status":"publish","type":"post","link":"http:\/\/www.korhanyilmaz.com\/?p=45799","title":{"rendered":"&#8220;Uludere&#8221; raporunda dikkat \u00e7ekici sorular"},"content":{"rendered":"<p style=\"text-align: justify;\"><a href=\"http:\/\/www.korhanyilmaz.com\/wp-content\/uploads\/2012\/01\/8949.jpg\"  class=\"lightview\"><img loading=\"lazy\" decoding=\"async\" class=\"aligncenter size-full wp-image-45800\" title=\"\" src=\"http:\/\/www.korhanyilmaz.com\/wp-content\/uploads\/2012\/01\/8949.jpg\" alt=\"\" width=\"312\" height=\"199\" \/><\/a><\/p>\n<p style=\"text-align: justify;\">Do\u011fu ve G\u00fcneydo\u011fu illeri barolar\u0131ndan olu\u015fturulan heyet, \u015e\u0131rnak&#8217;\u0131n Uludere il\u00e7esindeki s\u0131n\u0131r b\u00f6lgesinde meydana gelen ve 35 ki\u015finin \u00f6l\u00fcm\u00fc ile sonu\u00e7lanan olaya ili\u015fkin \u00e7e\u015fitli g\u00f6r\u00fc\u015fme ve incelemelerde bulunarak, rapor haz\u0131rlad\u0131.<\/p>\n<p style=\"text-align: justify;\">Diyarbak\u0131r Baro Ba\u015fkan\u0131 Emin Aktar&#8217;\u0131n, bas\u0131n toplant\u0131s\u0131yla a\u00e7\u0131klad\u0131\u011f\u0131 raporun, ger\u00e7e\u011fin ortaya \u00e7\u0131kar\u0131lmas\u0131na katk\u0131 sunmak amac\u0131yla haz\u0131rland\u0131\u011f\u0131 belirtildi.\u00a0<!--more--><\/p>\n<p style=\"text-align: justify;\">Olayda \u00f6lenlerin yak\u0131nlar\u0131 ile g\u00f6r\u00fc\u015f\u00fcld\u00fc\u011f\u00fc ifade edilen raporda, b\u00f6lgede gelir getirecek bir faaliyet olmad\u0131\u011f\u0131 i\u00e7in vatanda\u015flar\u0131n genelde s\u0131n\u0131r\u0131n di\u011fer taraf\u0131ndan sigara, mazot ve g\u0131da \u00fcr\u00fcn\u00fc getirerek ge\u00e7imlerini sa\u011flad\u0131\u011f\u0131, olayda \u00f6len sivillerin, askerlerince bilinen tan\u0131nan k\u00f6y \u00e7ocuk ve gen\u00e7leri oldu\u011fu belirtildi.<\/p>\n<p style=\"text-align: justify;\">Sa\u011f kurtulanlar\u0131n, &#8220;Dur&#8221; ihtar\u0131 veya uyar\u0131 almad\u0131klar\u0131, g\u00fcvenlik g\u00fc\u00e7lerinin s\u0131n\u0131r ticareti nedeniyle yap\u0131lan bu gidi\u015f ve geli\u015flerden genelde haberdar olduklar\u0131, kendilerine m\u00fcsamaha g\u00f6sterildi\u011fi, olay g\u00fcn\u00fc y\u00fckleri ile s\u0131n\u0131ra geldiklerinde askerlerce d\u0131\u015far\u0131da tutulduklar\u0131, d\u0131\u015far\u0131da tutulan iki \u00fc\u00e7 grubun birikti\u011fi, \u00f6nce ayd\u0131nlatma fi\u015fe\u011fi ve top at\u0131\u015f\u0131 yap\u0131ld\u0131\u011f\u0131n\u0131, sonra da u\u00e7aklarla 1-1.5 saat bombalama yap\u0131ld\u0131\u011f\u0131 anlat\u0131mlar\u0131na yer verilen raporda, \u00f6zetle \u015funlar kaydedildi:<\/p>\n<p style=\"text-align: justify;\">&#8220;Olaydan \u00f6nce sivillerin s\u0131n\u0131rdan girmelerini askerler ni\u00e7in ve kimin emri ile engellemi\u015ftir? Olaydan sonra askerler ni\u00e7in olay yerini terk etmi\u015f ve T\u00fcrkiye&#8217;de t\u00fcm bas\u0131nda, televizyonlarda olay fla\u015f haber iken olay yerine ni\u00e7in intikal etmemi\u015flerdir, cenazelerin toplanmas\u0131na i\u015ftirak etmemi\u015flerdir, bu emri kim vermi\u015ftir? A\u011f\u0131r yaral\u0131 baz\u0131 ki\u015filerin t\u0131bbi m\u00fcdahalesizlikten \u00f6ld\u00fckleri iddias\u0131 kar\u015f\u0131s\u0131nda ilgililerin olay yerine gitmeyi\u015finin nedeni nedir, sorumlular\u0131 kimlerdir? Olay sonras\u0131 Karakola haber verilmesine ra\u011fmen neden olay yerine hi\u00e7bir g\u00f6revli, yetkili gitmemi\u015ftir, hangi yetkili bunu engellemi\u015ftir?<\/p>\n<p style=\"text-align: justify;\">Olayda kullan\u0131lan bombalar\u0131n t\u00fcr\u00fc, miktar\u0131, etki g\u00fcc\u00fc, amac\u0131, bombalaman\u0131n s\u00fcresi nedir?<\/p>\n<p style=\"text-align: justify;\">Ayd\u0131nlatma fi\u015fe\u011fi ve karadan top at\u0131\u015f\u0131 yap\u0131lm\u0131\u015f m\u0131d\u0131r? \u0130HA&#8217;larda ilk g\u00f6r\u00fcnt\u00fc 18.39&#8217;da al\u0131nm\u0131\u015f, bombard\u0131man 21.37&#8217;de yap\u0131lm\u0131\u015ft\u0131r. Aradan ge\u00e7en 3 saat zarf\u0131nda, bu hususta Ba\u015fbakan yard\u0131mc\u0131s\u0131n\u0131n en ince detay\u0131na kadar ara\u015ft\u0131r\u0131l\u0131p operasyona karar verildi\u011fi a\u00e7\u0131klamas\u0131 kar\u015f\u0131s\u0131nda, operasyona ni\u00e7in, nas\u0131l ve kimler taraf\u0131ndan karar verilmi\u015ftir, karar verenler bu karar\u0131 vermeye yetkili midir? Gruptakiler \u00f6rg\u00fct \u00fcyesi olsa bile herhangi bir uyar\u0131 yap\u0131lmadan bu \u015fekilde bombalanmalar\u0131, \u00f6ld\u00fcr\u00fclmeleri kimin emri ile hangi mevzuata g\u00f6re yap\u0131lmaktad\u0131r, yasal dayana\u011f\u0131 nedir?&#8221;<\/p>\n<p style=\"text-align: justify;\"><strong>&#8220;G\u00fcvensizlik duygusu ve duygusal k\u0131r\u0131lma oldu&#8221;\u00a0<\/strong><\/p>\n<p style=\"text-align: justify;\">Raporda, &#8220;Resmi makamlar\u0131n cenazeleri almak i\u00e7in gitmeyi\u015fi, \u00f6lenler ve yak\u0131nlar\u0131na kar\u015f\u0131 teredd\u00fctl\u00fc ve kademeli yakla\u015f\u0131m\u0131, taziye ziyaretinin s\u0131n\u0131rla kalmas\u0131n\u0131n, \u00f6lenlerin yak\u0131nlar\u0131 ve y\u00f6re halk\u0131nda, devletin resmi makamlar\u0131na kar\u015f\u0131 tepki, g\u00fcvensizlik alg\u0131s\u0131 ve duygusal k\u0131r\u0131lma yaratm\u0131\u015ft\u0131r&#8221; vurgusu yap\u0131ld\u0131.<\/p>\n<p style=\"text-align: justify;\">Olay\u0131n, uluslararas\u0131 mevzuat h\u00fck\u00fcmleri \u00e7er\u00e7evesinde uluslararas\u0131 kurulu\u015flar\u0131n ilgisine aday oldu\u011fu vurgulanan raporda, \u015funlar kaydedildi: &#8220;Bu itibarla olaydan zarar g\u00f6renlerin, \u00f6lenlerin yak\u0131nlar\u0131n\u0131n maddi ve manevi zararlar\u0131n\u0131n devlet taraf\u0131ndan tazmin edilmesi \u00f6ncelikli olmak \u00fczere, olayda kas\u0131t, ihmal ve sorumlulu\u011fu olanlar\u0131n derhal soru\u015fturularak, g\u00f6revlerinden al\u0131nmalar\u0131 ve yarg\u0131lanarak eylemlerinin kar\u015f\u0131l\u0131\u011f\u0131 olan cezay\u0131 almalar\u0131n\u0131n sa\u011flanmas\u0131n\u0131n, \u00f6l\u00fcmlerin T\u00fcrk Silahl\u0131 Kuvvetlerine ait u\u00e7aklar taraf\u0131ndan bombalamas\u0131 sonucu meydana geldi\u011fi kesin oldu\u011fundan, bu hususta vatanda\u015flardan \u00f6z\u00fcr dilenmesinin, ayr\u0131ca TBMM&#8217;de bu hususta meclis soru\u015fturmas\u0131 a\u00e7\u0131lmas\u0131n\u0131n ve bir ara\u015ft\u0131rma komisyonu kurulmas\u0131n\u0131n hukuk devleti olman\u0131n, temel insan haklar\u0131na sayg\u0131n\u0131n, adaletin gere\u011fi oldu\u011fu kanaatine var\u0131lm\u0131\u015ft\u0131r.&#8221;<\/p>\n<p style=\"text-align: justify;\"><a href=\"http:\/\/www.cnnturk.com\/2012\/turkiye\/01\/05\/uludere.raporunda.dikkat.cekici.sorular\/643547.0\/index.html\" target=\"_blank\">Kaynak : CNN T\u00dcRK<\/a><\/p>\n","protected":false},"excerpt":{"rendered":"<p style=\"text-align: justify;\">\n<p style=\"text-align: justify;\">Do\u011fu ve G\u00fcneydo\u011fu illeri barolar\u0131ndan olu\u015fturulan heyet, \u015e\u0131rnak&#8217;\u0131n Uludere il\u00e7esindeki s\u0131n\u0131r b\u00f6lgesinde meydana gelen ve 35 ki\u015finin \u00f6l\u00fcm\u00fc ile sonu\u00e7lanan olaya ili\u015fkin \u00e7e\u015fitli g\u00f6r\u00fc\u015fme ve incelemelerde bulunarak, rapor haz\u0131rlad\u0131.<\/p>\n<p style=\"text-align: justify;\">Diyarbak\u0131r Baro Ba\u015fkan\u0131 Emin Aktar&#8217;\u0131n, bas\u0131n toplant\u0131s\u0131yla a\u00e7\u0131klad\u0131\u011f\u0131 raporun, ger\u00e7e\u011fin ortaya \u00e7\u0131kar\u0131lmas\u0131na katk\u0131 sunmak amac\u0131yla haz\u0131rland\u0131\u011f\u0131 belirtildi. <\/p>\n","protected":false},"author":1,"featured_media":0,"comment_status":"open","ping_status":"open","sticky":false,"template":"","format":"standard","meta":{"footnotes":""},"categories":[105],"tags":[],"class_list":["post-45799","post","type-post","status-publish","format-standard","hentry","category-gundem","odd"],"_links":{"self":[{"href":"http:\/\/www.korhanyilmaz.com\/index.php?rest_route=\/wp\/v2\/posts\/45799","targetHints":{"allow":["GET"]}}],"collection":[{"href":"http:\/\/www.korhanyilmaz.com\/index.php?rest_route=\/wp\/v2\/posts"}],"about":[{"href":"http:\/\/www.korhanyilmaz.com\/index.php?rest_route=\/wp\/v2\/types\/post"}],"author":[{"embeddable":true,"href":"http:\/\/www.korhanyilmaz.com\/index.php?rest_route=\/wp\/v2\/users\/1"}],"replies":[{"embeddable":true,"href":"http:\/\/www.korhanyilmaz.com\/index.php?rest_route=%2Fwp%2Fv2%2Fcomments&post=45799"}],"version-history":[{"count":0,"href":"http:\/\/www.korhanyilmaz.com\/index.php?rest_route=\/wp\/v2\/posts\/45799\/revisions"}],"wp:attachment":[{"href":"http:\/\/www.korhanyilmaz.com\/index.php?rest_route=%2Fwp%2Fv2%2Fmedia&parent=45799"}],"wp:term":[{"taxonomy":"category","embeddable":true,"href":"http:\/\/www.korhanyilmaz.com\/index.php?rest_route=%2Fwp%2Fv2%2Fcategories&post=45799"},{"taxonomy":"post_tag","embeddable":true,"href":"http:\/\/www.korhanyilmaz.com\/index.php?rest_route=%2Fwp%2Fv2%2Ftags&post=45799"}],"curies":[{"name":"wp","href":"https:\/\/api.w.org\/{rel}","templated":true}]}}