{"id":45783,"date":"2012-01-03T08:15:23","date_gmt":"2012-01-03T06:15:23","guid":{"rendered":"http:\/\/www.korhanyilmaz.com\/?p=45783"},"modified":"2012-01-03T18:10:11","modified_gmt":"2012-01-03T16:10:11","slug":"turkone-ataturkcu-olmayi-hakaret-sayarim","status":"publish","type":"post","link":"http:\/\/www.korhanyilmaz.com\/?p=45783","title":{"rendered":"T\u00fcrk\u00f6ne: Atat\u00fcrk\u00e7\u00fc olmay\u0131 hakaret sayar\u0131m"},"content":{"rendered":"<p style=\"text-align: justify;\"><a href=\"http:\/\/www.korhanyilmaz.com\/wp-content\/uploads\/2012\/01\/8946.jpg\"  class=\"lightview\"><img loading=\"lazy\" decoding=\"async\" class=\"aligncenter size-full wp-image-45784\" title=\"\" src=\"http:\/\/www.korhanyilmaz.com\/wp-content\/uploads\/2012\/01\/8946.jpg\" alt=\"\" width=\"292\" height=\"224\" \/><\/a><\/p>\n<p style=\"text-align: justify;\">Atat\u00fcrk K\u00fclt\u00fcr, Dil ve Tarih Y\u00fcksek Kurumu Y\u00f6netimine atanan M\u00fcmtazer T\u00fcrk\u00f6ne, kat\u0131ld\u0131\u011f\u0131 canl\u0131 yay\u0131nda yine \u00e7arp\u0131c\u0131 a\u00e7\u0131klamalarda bulundu.<\/p>\n<p style=\"text-align: justify;\">Cumhurba\u015fkan\u0131 Abdullah G\u00fcl taraf\u0131ndan s\u00fcrpriz bir \u015fekilde Atat\u00fcrk K\u00fclt\u00fcr Dil ve Tarih Y\u00fcksek Kurulu Y\u00f6netim Kurulu \u00fcyeli\u011fi&#8217;ne getirilen Zaman gazetesi yazar\u0131 Prof. Dr. M\u00fcmtazer T\u00fcrk\u00f6ne Habert\u00fcrk TV&#8217;de Bal\u00e7i\u00e7ek \u0130lter&#8217;in sundu\u011fu S\u00f6z Sende&#8217;ye konuk oldu.<!--more--><\/p>\n<p style=\"text-align: justify;\"><strong>Atat\u00fcrk\u00e7\u00fc olmay\u0131 kendime hakaret sayar\u0131m<\/strong><\/p>\n<p style=\"text-align: justify;\">T\u00fcrkiye&#8217;de y\u00fczlerce Atat\u00fcrk\u00e7\u00fc oldu\u011funu ifade eden T\u00fcrk\u00f6ne kendisine Atat\u00fcrk\u00e7\u00fc tan\u0131mlamas\u0131n\u0131n yap\u0131lmas\u0131n\u0131 da hakaret olarak alg\u0131layaca\u011f\u0131n\u0131 s\u00f6yledi. Atat\u00fcrk&#8217;\u00fcn bu \u00fclkenin bir ortak de\u011ferini oldu\u011funu kaydeden T\u00fcrk\u00f6ne &#8220;Atat\u00fcrk&#8217;\u00fcn miras\u0131na sahip \u00e7\u0131kmam\u0131z laz\u0131m ve Atat\u00fcrk&#8217;\u00fcn Atat\u00fcrk\u00e7\u00fclerden korunmas\u0131 gerekli. Atat\u00fcrk 19 May\u0131s&#8217;ta Samsun&#8217;a \u00e7\u0131kt\u0131. Ve biz 19 May\u0131s&#8217;\u0131 Atat\u00fcrk&#8217;\u00fc anma Gen\u00e7lik ve Spor Bayram\u0131 olarak kutluyoruz. 1932 y\u0131l\u0131nda \u0130n\u00f6n\u00fc \u0130talya&#8217;ya gidiyor. Ve \u0130talya&#8217;da fa\u015fist kutlamalar\u0131 g\u00f6r\u00fcyorlar. Al\u0131yorlar onu 1938&#8217;den itibaren 19 May\u0131s t\u00f6renleri diye T\u00fcrkiye&#8217;de uyguluyorlar.&#8221; dedi.<\/p>\n<p style=\"text-align: justify;\"><strong>19 May\u0131s t\u00f6renleri fa\u015fist kutlamalar\u0131 and\u0131r\u0131yor<\/strong><\/p>\n<p style=\"text-align: justify;\">Stadyumda \u00f6\u011frencilerin ayn\u0131 hareketleri yapmas\u0131, askeri disipline benzeten T\u00fcrk\u00f6ne &#8220;19 May\u0131s kutlamalar\u0131na model olarak \u0130talya&#8217;n\u0131n fa\u015fist kutlamalar\u0131 al\u0131nm\u0131\u015f. Beden e\u011fitimi \u00f6\u011fretmenleri b\u00fct\u00fcn liselerde ali k\u0131ran ba\u015f kesen oluyor ve e\u011fitim bitiyor. &#8221; diye konu\u015ftu.<\/p>\n<p style=\"text-align: justify;\"><a href=\"http:\/\/www.cnnturk.com\/2012\/guncel\/01\/03\/turkone.ataturkcu.olmayi.hakaret.sayarim\/643040.0\/index.html\" target=\"_blank\">Kaynak : CNN T\u00dcRK<\/a><\/p>\n","protected":false},"excerpt":{"rendered":"<p style=\"text-align: justify;\">\n<p style=\"text-align: justify;\">Atat\u00fcrk K\u00fclt\u00fcr, Dil ve Tarih Y\u00fcksek Kurumu Y\u00f6netimine atanan M\u00fcmtazer T\u00fcrk\u00f6ne, kat\u0131ld\u0131\u011f\u0131 canl\u0131 yay\u0131nda yine \u00e7arp\u0131c\u0131 a\u00e7\u0131klamalarda bulundu.<\/p>\n<p style=\"text-align: justify;\">Cumhurba\u015fkan\u0131 Abdullah G\u00fcl taraf\u0131ndan s\u00fcrpriz bir \u015fekilde Atat\u00fcrk K\u00fclt\u00fcr Dil ve Tarih Y\u00fcksek Kurulu Y\u00f6netim Kurulu \u00fcyeli\u011fi&#8217;ne getirilen Zaman gazetesi yazar\u0131 Prof. Dr. M\u00fcmtazer T\u00fcrk\u00f6ne Habert\u00fcrk TV&#8217;de Bal\u00e7i\u00e7ek \u0130lter&#8217;in sundu\u011fu <\/p>\n","protected":false},"author":1,"featured_media":0,"comment_status":"open","ping_status":"open","sticky":false,"template":"","format":"standard","meta":{"footnotes":""},"categories":[105],"tags":[],"class_list":["post-45783","post","type-post","status-publish","format-standard","hentry","category-gundem","odd"],"_links":{"self":[{"href":"http:\/\/www.korhanyilmaz.com\/index.php?rest_route=\/wp\/v2\/posts\/45783","targetHints":{"allow":["GET"]}}],"collection":[{"href":"http:\/\/www.korhanyilmaz.com\/index.php?rest_route=\/wp\/v2\/posts"}],"about":[{"href":"http:\/\/www.korhanyilmaz.com\/index.php?rest_route=\/wp\/v2\/types\/post"}],"author":[{"embeddable":true,"href":"http:\/\/www.korhanyilmaz.com\/index.php?rest_route=\/wp\/v2\/users\/1"}],"replies":[{"embeddable":true,"href":"http:\/\/www.korhanyilmaz.com\/index.php?rest_route=%2Fwp%2Fv2%2Fcomments&post=45783"}],"version-history":[{"count":0,"href":"http:\/\/www.korhanyilmaz.com\/index.php?rest_route=\/wp\/v2\/posts\/45783\/revisions"}],"wp:attachment":[{"href":"http:\/\/www.korhanyilmaz.com\/index.php?rest_route=%2Fwp%2Fv2%2Fmedia&parent=45783"}],"wp:term":[{"taxonomy":"category","embeddable":true,"href":"http:\/\/www.korhanyilmaz.com\/index.php?rest_route=%2Fwp%2Fv2%2Fcategories&post=45783"},{"taxonomy":"post_tag","embeddable":true,"href":"http:\/\/www.korhanyilmaz.com\/index.php?rest_route=%2Fwp%2Fv2%2Ftags&post=45783"}],"curies":[{"name":"wp","href":"https:\/\/api.w.org\/{rel}","templated":true}]}}