{"id":45779,"date":"2012-01-03T13:31:14","date_gmt":"2012-01-03T11:31:14","guid":{"rendered":"http:\/\/www.korhanyilmaz.com\/?p=45779"},"modified":"2012-01-03T15:42:35","modified_gmt":"2012-01-03T13:42:35","slug":"silahli-efendileriniz-ipinizi-gevsetmedigi-surece","status":"publish","type":"post","link":"http:\/\/www.korhanyilmaz.com\/?p=45779","title":{"rendered":"&#8220;Silahl\u0131 efendileriniz ipinizi gev\u015fetmedi\u011fi s\u00fcrece&#8230;&#8221;"},"content":{"rendered":"<p style=\"text-align: center;\"><a href=\"http:\/\/www.korhanyilmaz.com\/wp-content\/uploads\/2012\/01\/8945.jpg\"  class=\"lightview\"><img loading=\"lazy\" decoding=\"async\" class=\"aligncenter  wp-image-45780\" src=\"http:\/\/www.korhanyilmaz.com\/wp-content\/uploads\/2012\/01\/8945.jpg\" alt=\"\" width=\"346\" height=\"246\" \/><\/a><\/p>\n<p style=\"text-align: justify;\">Ba\u015fbakan Erdo\u011fan Uludere&#8217;deki kay\u0131plarla ilgili gelen ele\u015ftirilere sert yan\u0131t verdi. \u0130sim vermeden BDP lideri Demirta\u015f&#8217;\u0131 ele\u015ftiren Erdo\u011fan, &#8220;Silahl\u0131 efendileriniz, ipinizi gev\u015fetmedi\u011fi s\u00fcrece tuvalete bile gidemezsiniz&#8221; dedi.<!--more--><\/p>\n<p style=\"text-align: justify;\">(Cnnturk.com) &#8212; Erdo\u011fan&#8217;\u0131n partisinin grup toplant\u0131s\u0131nda yapt\u0131\u011f\u0131 a\u00e7\u0131klamalardan \u00f6ne \u00e7\u0131kanlar \u015f\u00f6yle:<\/p>\n<p style=\"text-align: justify;\"><strong><span style=\"text-decoration: underline;\">BDP&#8217;ye sert ele\u015ftiriler:<\/span><\/strong><\/p>\n<p style=\"text-align: justify;\">&#8211; Hale bak\u0131n. Cenazeleri bile etnik k\u00f6kenleriyle tasnif edenler, insanl\u0131ktan nasibini alamayanlard\u0131r. Siyasi zihniyeti nedir bilemem, ancak mesela orada \u00f6lenlerden birinin ablas\u0131 da benim \u015fu an kad\u0131n kollar\u0131nda \u00e7al\u0131\u015fan bir bayan, ba\u015fkanl\u0131k yapan bir bayan. Bu da var. Bizden bunun istismar\u0131n\u0131 duydunuz mu?<\/p>\n<p style=\"text-align: justify;\">&#8211; Bunlar vicdanlar\u0131n\u0131 yitirmi\u015fler. Irk\u00e7\u0131l\u0131k ve fa\u015fizm, iblisin yani \u015feytan\u0131n a\u00e7t\u0131\u011f\u0131 bir yoldur. Cenazeleri bile T\u00fcrk-K\u00fcrt diye ay\u0131ranlar i\u015fte iblisin yolunda, \u015feytan\u0131n izinde y\u00fcr\u00fcyenlerdir.<\/p>\n<p style=\"text-align: justify;\">&#8211; \u0130stanbul\u2019da yapt\u0131klar\u0131 bas\u0131n toplant\u0131s\u0131n\u0131n g\u00f6r\u00fcnt\u00fclerini izlediniz de\u011fil mi? Kendi milletvekilleri. G\u00fcya ac\u0131 i\u00e7indeler. Ama kameralar \u00f6n\u00fcnde kahkahalar atmaya \u00e7ekinmeyecek kadar insafs\u0131zlar vicdans\u0131zlar. Bunlar\u0131n koruculara nas\u0131l bakt\u0131klar\u0131n\u0131 \u00e7ok iyi biliyoruz. O korucu karde\u015flerimizi nas\u0131l hedef yapt\u0131klar\u0131n\u0131 biz \u00e7ok iyi biliyoruz. O cenazelerin tabutlar\u0131n \u00fczerine parti bayraklar\u0131n\u0131 asmak iki y\u00fczl\u00fcl\u00fck f\u0131rsat\u00e7\u0131l\u0131k de\u011fil de nedir?<\/p>\n<p style=\"text-align: justify;\">&#8211; Cenaze ter\u00f6rist ba\u015f\u0131n\u0131n resmini ta\u015f\u0131yanlar neye hizmet etmek istiyorlar? Sonra birileri \u00e7\u0131k\u0131yor, baz\u0131 densizler \u00e7\u0131k\u0131yor, bu olay y\u00fcz\u00fcnden bu \u00fclke b\u00f6l\u00fcnm\u00fc\u015ft\u00fcr diyor. Yahu sen kimsin? Kimi temsil ediyorsun?<\/p>\n<p style=\"text-align: justify;\">&#8211; Siz silahl\u0131 efendileriniz, ipinizi gev\u015fetmedi\u011fi s\u00fcrece tuvalete bile gidemezsiniz. Neyi b\u00f6l\u00fcyorsunuz? Kimi b\u00f6l\u00fcyorsunuz?<\/p>\n<p style=\"text-align: justify;\">&#8211; Apo&#8217;ya peygamber diyenlerin Her t\u00fcrl\u00fc manevi de\u011feri \u00e7i\u011fneyenlerin gen\u00e7lerin kan\u0131yla beslenen vampirlerin bu topraklarda hi\u00e7bir \u015fekilde muhatab\u0131 yoktur.<\/p>\n<p style=\"text-align: justify;\">&#8211; Faili me\u00e7hullerle, k\u00f6y yakmalarla an\u0131lan bir devlet yok, vatanda\u015f\u0131n\u0131 koruyan bir devlet var.<\/p>\n<p style=\"text-align: justify;\">&#8211; Ya\u015fanan talihsiz bir olay \u00fczerine devleti cani gibi g\u00f6stermeye kalkmak b\u00fcy\u00fck bir \u015fuursuzluk ve vicdans\u0131zl\u0131kt\u0131r.<\/p>\n<p style=\"text-align: justify;\">&#8211; Ter\u00f6r \u00f6rg\u00fct\u00fcn\u00fcn t\u00fcm tahriklerine ra\u011fmen insan\u0131 y\u00fcceltmeyi esas alan bir anlay\u0131\u015f iktidad\u0131r.<\/p>\n<p style=\"text-align: justify;\"><strong>&#8220;Kaymakam d\u00f6vmek&#8230;&#8221;\u00a0<\/strong><\/p>\n<p style=\"text-align: justify;\">&#8211; Benim K\u00fcrt k\u00f6kenli vatanda\u015f\u0131m ekme\u011fini a\u015f\u0131n\u0131 suyunu, misafirle payla\u015fmaktan onur duyar gurur duyar. Bu \u00fclkenin insan\u0131 ba\u015f\u0131m g\u00f6z\u00fcm \u00fcst\u00fcne der, misafiri evinin de g\u00f6nl\u00fcn\u00fcn de ba\u015f k\u00f6\u015fesinde a\u011f\u0131rlar. Taziyeye gelmi\u015f, ba\u015fsa\u011fl\u0131\u011f\u0131 dilemeye gelmi\u015f, ac\u0131y\u0131 payla\u015fmaya gelmi\u015f, kendisi de o co\u011frafyan\u0131n insan\u0131 olan bir kaymakam\u0131 \u00f6ld\u00fcresiye d\u00f6vmek, lin\u00e7 etmek, benim K\u00fcrt k\u00f6kenli karde\u015flerimin de\u011fil, o insan diye ge\u00e7inen m\u00fcsveddelerin i\u015fidir.<\/p>\n<p style=\"text-align: justify;\">&#8211; Cenazeleri dahi istismar edecek kadar m\u0131 akl\u0131n\u0131z\u0131 vicdan\u0131n\u0131z\u0131 yitirdiniz? Ayr\u0131\u015ft\u0131rmak, kutupla\u015ft\u0131rmak, tahrik etmek, demokrasiye inanmayan zihnin \u00fcr\u00fcn\u00fc olabilir. Toplumu tahrik etmeye de\u011fer mi?<\/p>\n<p style=\"text-align: justify;\">&#8211; F\u0131rsat\u00e7\u0131 siyaset\u00e7iler kadar, baz\u0131 medya kurulu\u015flar\u0131, baz\u0131 yazarlarda bu ac\u0131 hadiseyi istismar etme i\u00e7ine girdiler. Dertleri ac\u0131y\u0131 payla\u015fmak de\u011fil, dertleri suyu buland\u0131rmak. Ve ilk saatlerde kendi \u00fcrettikleri komplo teorilerine kendileri de inand\u0131lar.<\/p>\n<p style=\"text-align: justify;\">Devlet halk\u0131n\u0131 bombalad\u0131lar diyorlar, katliam diyorlar, g\u00fcya kuzu postu alt\u0131nda toplumu terbiye etmenin, \u00e7ok bilmi\u015f edas\u0131yla millete istikamet \u00e7izmenin gayreti i\u00e7erisindeler.<\/p>\n<p style=\"text-align: justify;\">&#8211; Bu millet, bu \u00fclke habis bir ur kar\u015f\u0131s\u0131nda teslim olmayacak kadar asildir, g\u00fc\u00e7l\u00fcd\u00fcr, sa\u011flamd\u0131r. En \u00f6nemlisi de bir anan\u0131n \u00e7ocuklar\u0131 gibi, bir elin parmaklar\u0131 gibi birbirinin karde\u015fidir. Bunu b\u00f6yle bilin. Sizin nifak tohumlar\u0131n\u0131z bu topraklarda asla k\u00f6k salamaz.<\/p>\n<p style=\"text-align: justify;\"><strong>&#8220;Ben Kas\u0131mpa\u015fal\u0131 Tayyip olmaktan \u015feref duyar\u0131m\u201d\u00a0<\/strong><\/p>\n<p style=\"text-align: justify;\">&#8211; &#8220;Ben eli silahl\u0131 olandan korkmad\u0131m, Kas\u0131mpa\u015fal\u0131\u2019dan m\u0131 korkaca\u011f\u0131m&#8221; diyor. \u015eunu unutma veya unutmay\u0131n. Ben Kas\u0131mpa\u015fal\u0131 Tayyip olmaktan \u015feref duyar\u0131m. Kas\u0131mpa\u015fa\u2019dan \u00e7\u0131kan oran\u0131n bir evlad\u0131 olarak, t\u00fcm halk\u0131m\u0131n da bizi oralara getirmesinden dolay\u0131, milletime hizmet etmekten onur duyar\u0131m.<\/p>\n<p style=\"text-align: justify;\">&#8211; E\u011fer bu \u00fclke y\u00fczde 50 bize oyunu verdiyse, ondan sen gocun. Herhalde bu y\u00fczde 50\u2019den daha ak\u0131ll\u0131 de\u011filsin. Kendinizi kontrolden ge\u00e7irin. Bu ancak adaletle olur. Bu ancak d\u00fcr\u00fcstl\u00fckle olur. Biz bunu yapt\u0131k, yap\u0131yoruz. Ama kendi kendinize sorun biz ne yapt\u0131k? Kusura bakmas\u0131nlar beyler. Bizim istikametimizi her zaman millet \u00e7izdi. Bunlar gibi, bunlar\u0131n ta\u015feron fikirlerini alacak de\u011filiz. Biz devlet millet kayna\u015fmas\u0131n\u0131 sa\u011flamaya \u00e7al\u0131\u015f\u0131yoruz. Bunlar da ter\u00f6r \u00f6rg\u00fct\u00fcn\u00fcn d\u00fc\u015fman devlet alg\u0131s\u0131 i\u00e7in \u00e7anak tutuyorlar.<\/p>\n<p style=\"text-align: justify;\"><strong><span style=\"text-decoration: underline;\">CHP&#8217;ye ele\u015ftiriler:<\/span><\/strong><\/p>\n<p style=\"text-align: justify;\">Ba\u015fbakan Erdo\u011fan&#8217;\u0131n ele\u015ftirilerinin hedefinde BDP&#8217;den sonra CHP vard\u0131.<\/p>\n<p style=\"text-align: justify;\">&#8211; Ana muhalefet partisi CHP\u2019den gelen a\u00e7\u0131klamalarda tam bir sorumsuzluk \u00f6rne\u011fi olmu\u015ftur. CHP genel ba\u015fkan\u0131 bu hadiseyi \u201c33 kur\u015fun\u201d yani Mustafa Mu\u011flal\u0131 olay\u0131yla e\u015f tutarak, sorumsuzluk \u00f6rne\u011fi sergilemi\u015ftir. Bu hadiseyi 33 kur\u015funa benzetmek sorumsuzluktur f\u0131rsat\u00e7\u0131l\u0131kt\u0131r. Biz BDP\u2019nin olay\u0131 nifak giri\u015fimine \u00e7evirmesini anl\u0131yoruz, zira i\u015fleri bu. Baz\u0131 medya kurulu\u015flar\u0131n\u0131n yanl\u0131\u015f bilgilendirmesini de anl\u0131yoruz. Onlar\u0131n da i\u015fi bu. Ama CHP\u2019nin PKK\u2019n\u0131n diliyle, BDP\u2019nin diliyle konu\u015fmas\u0131na a\u00e7\u0131k\u00e7as\u0131 anlam vermekte zorlan\u0131yoruz.<\/p>\n<p style=\"text-align: justify;\">&#8211; Se\u00e7im meydanlar\u0131nda g\u00f6rd\u00fc\u011f\u00fcm\u00fcz siyasi ittifak\u0131 \u015fimdi de taziye \u00e7ad\u0131r\u0131nda g\u00f6r\u00fcyoruz. CHP\u2019nin BDP\u2019nin de\u011firmenine su ta\u015f\u0131mas\u0131 \u00e7ok ac\u0131d\u0131r. Mustafa Mu\u011flal\u0131 olay\u0131 CHP\u2019nin eseridir.<\/p>\n<p style=\"text-align: justify;\">&#8211; Van\u2019\u0131n \u00d6zalp il\u00e7esinden bir k\u0131\u015fladan Mustafa Mu\u011flal\u0131 ismini indiren de AK Parti iktidar\u0131 olmu\u015ftur. Bir kez daha ifade ediyorum. Bu hadisenin \u00fczerine kararl\u0131l\u0131kla gidece\u011fiz gidiyoruz. Uludere\u2019deki ac\u0131l\u0131 karde\u015flerimizi yaln\u0131z b\u0131rakmayaca\u011f\u0131z. Onlar\u0131n ac\u0131s\u0131n\u0131 y\u00fcre\u011fimizde ta\u015f\u0131yacak, payla\u015faca\u011f\u0131z.<\/p>\n<p style=\"text-align: justify;\">&#8211; Ba\u015fbakan Yard\u0131mc\u0131m Say\u0131n Atalay, bakan arkada\u015flar\u0131m\u0131z, milletvekili arkada\u015flar\u0131m\u0131z olarak hemen olay\u0131n ard\u0131ndan Uludere\u2019ye gittiler. Oradaki karde\u015flerimizle bir araya geldiler, tehditlere ra\u011fmen bir araya geldiler. Bende orada telefonla oradaki karde\u015flerimizle g\u00f6r\u00fc\u015ft\u00fck. Yap\u0131lmas\u0131 gereken neyse hepsini biz yapaca\u011f\u0131z. Biz i\u015fi gelece\u011fe ta\u015f\u0131mayaca\u011f\u0131z. Biz i\u015fi ge\u00e7mi\u015fte oldu\u011fu gibi, s\u00fcrekli bunun \u00fczerinde spek\u00fclasyonlar\u0131n yap\u0131lmas\u0131na f\u0131rsat vermeyece\u011fiz.<\/p>\n<p style=\"text-align: justify;\"><strong>&#8220;Molotof silah say\u0131lacak&#8221;\u00a0<\/strong><\/p>\n<p style=\"text-align: justify;\">&#8211; \u0130stanbul\u2019da Tarlaba\u015f\u0131 Caddesi\u2019nde bir otob\u00fcs\u00fcn i\u00e7indeki vatanda\u015f\u0131m\u0131z\u0131n ne g\u00fcnah\u0131 var? Bunlar\u0131 Molotoflarla ate\u015fe vermek zihniyetine, hakk\u0131na nas\u0131l sahip olabilirsin? Bunun insani bir yan\u0131 var m\u0131? \u0130\u015fte onun i\u00e7in \u015fimdi biz molotof kokteylini de bir silah olarak yasala\u015ft\u0131racak bir yasay\u0131 in\u015fallah getiriyoruz. Bu teklifi \u00e7\u0131karaca\u011f\u0131z. Masum bir olay de\u011fil. Bu da bir silah. Serap k\u0131z\u0131m\u0131z\u0131 b\u00f6yle kaybettik, nice yavrumuzu yanan otob\u00fcslerde kaybettik. Vatanda\u015f ticaretini yap\u0131yor, cam \u00e7er\u00e7eve her \u015fey iniyoruz. B\u00f6yle bir hakk\u0131n\u0131 var m\u0131? Yahu otob\u00fcs duraklar\u0131n\u0131n ne g\u00fcnah\u0131 var. Bunlar hepimizin. Bunlar insanl\u0131ktan nasibini almam\u0131\u015f, ger\u00e7ekten bunlar m\u00fcsvedde bile de\u011fil.<\/p>\n<p style=\"text-align: justify;\"><a href=\"http:\/\/www.cnnturk.com\/2012\/turkiye\/01\/03\/silahli.efendileriniz.ipinizi.gevsetmedigi.surece\/643105.0\/index.html\" target=\"_blank\">Kaynak : CNN T\u00dcRK<\/a><\/p>\n","protected":false},"excerpt":{"rendered":"<p style=\"text-align: center;\">\n<p style=\"text-align: justify;\">Ba\u015fbakan Erdo\u011fan Uludere&#8217;deki kay\u0131plarla ilgili gelen ele\u015ftirilere sert yan\u0131t verdi. \u0130sim vermeden BDP lideri Demirta\u015f&#8217;\u0131 ele\u015ftiren Erdo\u011fan, &#8220;Silahl\u0131 efendileriniz, ipinizi gev\u015fetmedi\u011fi s\u00fcrece tuvalete bile gidemezsiniz&#8221; dedi.<\/p>\n","protected":false},"author":1,"featured_media":0,"comment_status":"open","ping_status":"open","sticky":false,"template":"","format":"standard","meta":{"footnotes":""},"categories":[105],"tags":[],"class_list":["post-45779","post","type-post","status-publish","format-standard","hentry","category-gundem","odd"],"_links":{"self":[{"href":"http:\/\/www.korhanyilmaz.com\/index.php?rest_route=\/wp\/v2\/posts\/45779","targetHints":{"allow":["GET"]}}],"collection":[{"href":"http:\/\/www.korhanyilmaz.com\/index.php?rest_route=\/wp\/v2\/posts"}],"about":[{"href":"http:\/\/www.korhanyilmaz.com\/index.php?rest_route=\/wp\/v2\/types\/post"}],"author":[{"embeddable":true,"href":"http:\/\/www.korhanyilmaz.com\/index.php?rest_route=\/wp\/v2\/users\/1"}],"replies":[{"embeddable":true,"href":"http:\/\/www.korhanyilmaz.com\/index.php?rest_route=%2Fwp%2Fv2%2Fcomments&post=45779"}],"version-history":[{"count":0,"href":"http:\/\/www.korhanyilmaz.com\/index.php?rest_route=\/wp\/v2\/posts\/45779\/revisions"}],"wp:attachment":[{"href":"http:\/\/www.korhanyilmaz.com\/index.php?rest_route=%2Fwp%2Fv2%2Fmedia&parent=45779"}],"wp:term":[{"taxonomy":"category","embeddable":true,"href":"http:\/\/www.korhanyilmaz.com\/index.php?rest_route=%2Fwp%2Fv2%2Fcategories&post=45779"},{"taxonomy":"post_tag","embeddable":true,"href":"http:\/\/www.korhanyilmaz.com\/index.php?rest_route=%2Fwp%2Fv2%2Ftags&post=45779"}],"curies":[{"name":"wp","href":"https:\/\/api.w.org\/{rel}","templated":true}]}}