{"id":45776,"date":"2012-01-03T15:32:27","date_gmt":"2012-01-03T13:32:27","guid":{"rendered":"http:\/\/www.korhanyilmaz.com\/?p=45776"},"modified":"2012-01-03T15:38:46","modified_gmt":"2012-01-03T13:38:46","slug":"demirtastan-erdogana-jet-yanit","status":"publish","type":"post","link":"http:\/\/www.korhanyilmaz.com\/?p=45776","title":{"rendered":"Demirta\u015f&#8217;tan Erdo\u011fan&#8217;a jet yan\u0131t!"},"content":{"rendered":"<p style=\"text-align: center;\"><a href=\"http:\/\/www.korhanyilmaz.com\/wp-content\/uploads\/2012\/01\/8944.jpg\"  class=\"lightview\"><img loading=\"lazy\" decoding=\"async\" class=\"aligncenter  wp-image-45777\" src=\"http:\/\/www.korhanyilmaz.com\/wp-content\/uploads\/2012\/01\/8944.jpg\" alt=\"\" width=\"307\" height=\"236\" \/><\/a><\/p>\n<p style=\"text-align: justify;\">BDP Genel Ba\u015fkan\u0131 Selattin Demirta\u015f, partisinin grup toplant\u0131s\u0131nda Ba\u015fbakan Erdo\u011fan&#8217;\u0131n partisine y\u00f6nelik sert s\u00f6zlerine kar\u015f\u0131l\u0131k &#8221;Utan\u00e7 verici bir konu\u015fmayd\u0131&#8221; dedi. Demirta\u015f Erdo\u011fan&#8217;a \u015fu s\u00f6zlerle seslendi: &#8220;Haddine de\u011fil BDP&#8217;den hesap sormak. \u00c7\u0131k\u0131p bu \u00e7ocuklar\u0131 katletti\u011fin i\u00e7in \u00f6z\u00fcr dileyeceksin. Sen bizden hesap soramazs\u0131n. Sen bu katliam\u0131n ba\u015f sorumlususun.&#8221;<!--more--><\/p>\n<p style=\"text-align: justify;\">Demirta\u015f, &#8221;50 bin defa lanet olsun oyunuza da \u00e7\u0131karlar\u0131n\u0131za da siyasetinize de&#8221; diye konu\u015ftu.<\/p>\n<p style=\"text-align: justify;\">Demirta\u015f konu\u015fmas\u0131nda \u015funlar\u0131 s\u00f6yledi:<\/p>\n<p style=\"text-align: justify;\">&#8211; Orada s\u0131n\u0131r yok, may\u0131n yok, teller yok. Bu k\u00f6ydekilerle kar\u015f\u0131 k\u00f6ydekiler akraba. Son bir ayd\u0131r her g\u00fcn gidiyorlar. Son bir ayd\u0131r karakol izin vermi\u015f durumda. 50 ve 100&#8217;er ki\u015filik gruplar ger g\u00fcn kat\u0131rlarla gidiyorlar.<\/p>\n<p style=\"text-align: justify;\">&#8211; 28 Aral\u0131k&#8217;ta \u00f6\u011flen saatinde devletin karakolunun \u00f6n\u00fcnden gidiyorlar. Ka\u00e7 ki\u015finin gitti\u011fini karakol biliyor. \u0130ki yol var, ikisi de karakolun \u00f6n\u00fcnden ge\u00e7iyor. Bunlar\u0131n hepsi tan\u0131k anlat\u0131m\u0131d\u0131r. Al\u0131\u015fveri\u015fini yap\u0131yorlar, geri geliyorlar. \u00d6\u011flen ge\u00e7tikleri iki yol da ak\u015fam saatlerine do\u011fru k\u00f6y\u00fcn giri\u015finde askerler taraf\u0131ndan kapat\u0131l\u0131yor. \u0130lk k\u00f6yl\u00fc grubu k\u00f6ye girmek \u00fczereyken onalra k\u0131lavuzluk yapan bir ki\u015fi &#8221;Askerler k\u00f6y\u00fc kapatm\u0131\u015flar, bekleyin&#8221; diyorlar. Askerler mallar\u0131na el koyarlar diye bekliyorlar. \u0130lk 7 ki\u015filik gruptan sonra 20 ki\u015filik grup daha geliyor. \u0130lk gruba 200 metre mesafede bekliyorlar. Sonra \u00fc\u00e7\u00fcnc\u00fc grup geliyor. 18.30 ile 21.30 aras\u0131nda Heron&#8217;dan g\u00f6r\u00fcnt\u00fc ald\u0131k diyor Genelkurmay. Bu defa daha uzun bekliyorlar. Askerler oray\u0131 terketmiyor \u00e7\u00fcnk\u00fc. Daha sonra askerler hi\u00e7bir i\u015flem yapmadan ayr\u0131l\u0131yor. Bu arada \u00e7ocuklar da 3 saat boyunca k\u00f6ye 2 km mesafede bekliyor. Bu arada \u00e7ocuklar aileleri ile g\u00f6r\u00fc\u015f\u00fcp &#8221;K\u00f6y\u00fc askerler tutmu\u015f, bekliyoruz&#8221; diye haber veriyorlar.<\/p>\n<p style=\"text-align: justify;\"><strong>&#8220;Orada kimin oldu\u011funu isim isim biliyorlar&#8221;\u00a0<\/strong><\/p>\n<p style=\"text-align: justify;\">&#8211; Ve sava\u015f u\u00e7aklar\u0131 Ankara&#8217;n\u0131n verdi\u011fi talimatla 19&#8217;u \u00e7ocuk 35 ki\u015fiyi vuruyor. Gece saat 21.30. K\u00f6yl\u00fcler \u00e7ocuklar\u0131n\u0131n vuruldu\u011funu anl\u0131yor. Yar\u0131m saat sonra olay yerine gidiyorlar. O s\u0131rada 112&#8217;yi aray\u0131p ambulans istiyorlar. Olaydan 45 dakika sonra ambulans gidiyor. Yaral\u0131y\u0131 ambulans al\u0131yor, kurtar\u0131yor. Saat 22.00 s\u0131ralar\u0131nda devlet orada kimler oldu\u011funu biliyordu. Aradan 24 saat ge\u00e7tikten sonra &#8216;Onlar\u0131n kim oldu\u011funu ara\u015ft\u0131r\u0131yoruz&#8217; demeleri yaland\u0131r. Orada sivil olmad\u0131\u011f\u0131n\u0131 bilmeme ihtimalleri s\u0131f\u0131rd\u0131r. Orada kim oldu\u011funu isim isim biliyorlar. Olay duyulduktan sonra bug\u00fcne kadar ya\u015fanan ac\u0131 deneyimler maalesef ki bize g\u00f6stermi\u015ftir ki devlet yapt\u0131\u011f\u0131 hi\u00e7bir katliam\u0131 \u00fcstlenmiyor. \u00dcst\u00fcn\u00fc \u00f6rtmeye \u00e7al\u0131\u015f\u0131yorlar.<\/p>\n<p style=\"text-align: justify;\">&#8211; Ba\u015fbakanl\u0131k b\u00fct\u00fcn medya merkezlerini aray\u0131p &#8216;Bu haberi girmeyeceksiniz&#8217; deniliyor. BDP bu nedenle olay\u0131 sahiplenmi\u015ftir, siyasi \u00e7\u0131kar i\u00e7in yap\u0131lm\u0131\u015f bir davran\u0131\u015f de\u011fildir. K\u00f6yler zaten partimize oy vermi\u015f k\u00f6ylerdir. Neyin siyasetini yapaca\u011f\u0131z. AKP ve devletin tavr\u0131 katliam kadar ac\u0131 olmu\u015ftur.<\/p>\n<p style=\"text-align: justify;\">&#8211; Bilmeyen de katliam\u0131n sorumlusu BDP&#8217;dir, Ba\u015fbakan da BDP&#8217;den hesap soruyor sanacak G\u00f6stermelik \u015fahlanmayla bize hesap soruytor. Biz senin me\u015fruiyetini tan\u0131m\u0131yoruz. Kanl\u0131 ellerinin hesab\u0131n\u0131 vereceksin. Haddine de\u011fil BDP&#8217;den hesap sormak. \u00c7\u0131k\u0131p bu \u00e7ocuklar\u0131 katletti\u011fin i\u00e7in \u00f6z\u00fcr dileyeceksin. Sen bizden hesap soramazs\u0131n. Sen bu katliam\u0131n ba\u015f sorumlususun. \u00d6nce bunun hesab\u0131n\u0131 vereceksin.<\/p>\n<p style=\"text-align: justify;\"><strong>Erdo\u011fan ne demi\u015fti?\u00a0<\/strong><\/p>\n<p style=\"text-align: justify;\">Ba\u015fbakan Erdo\u011fan Uludere&#8217;deki kay\u0131plarla ilgili gelen ele\u015ftirilere partisinin grup toplant\u0131s\u0131nda verdi\u011fi yan\u0131tta, isim vermeden BDP lideri Demirta\u015f&#8217;\u0131 ele\u015ftirmi\u015f ve &#8220;Silahl\u0131 efendileriniz, ipinizi gev\u015fetmedi\u011fi s\u00fcrece tuvalete bile gidemezsiniz&#8221; demi\u015fti.<\/p>\n<p style=\"text-align: justify;\"><a href=\"http:\/\/www.cnnturk.com\/2012\/turkiye\/01\/03\/demirtastan.erdogana.jet.yanit\/643110.0\/index.html\" target=\"_blank\">Kaynak : CNN T\u00dcRK<\/a><\/p>\n","protected":false},"excerpt":{"rendered":"<p style=\"text-align: center;\">\n<p style=\"text-align: justify;\">BDP Genel Ba\u015fkan\u0131 Selattin Demirta\u015f, partisinin grup toplant\u0131s\u0131nda Ba\u015fbakan Erdo\u011fan&#8217;\u0131n partisine y\u00f6nelik sert s\u00f6zlerine kar\u015f\u0131l\u0131k &#8221;Utan\u00e7 verici bir konu\u015fmayd\u0131&#8221; dedi. Demirta\u015f Erdo\u011fan&#8217;a \u015fu s\u00f6zlerle seslendi: &#8220;Haddine de\u011fil BDP&#8217;den hesap sormak. \u00c7\u0131k\u0131p bu \u00e7ocuklar\u0131 katletti\u011fin i\u00e7in \u00f6z\u00fcr dileyeceksin. Sen bizden hesap soramazs\u0131n. Sen bu katliam\u0131n ba\u015f sorumlususun.&#8221;<\/p>\n","protected":false},"author":1,"featured_media":0,"comment_status":"open","ping_status":"open","sticky":false,"template":"","format":"standard","meta":{"footnotes":""},"categories":[105],"tags":[],"class_list":["post-45776","post","type-post","status-publish","format-standard","hentry","category-gundem","odd"],"_links":{"self":[{"href":"http:\/\/www.korhanyilmaz.com\/index.php?rest_route=\/wp\/v2\/posts\/45776","targetHints":{"allow":["GET"]}}],"collection":[{"href":"http:\/\/www.korhanyilmaz.com\/index.php?rest_route=\/wp\/v2\/posts"}],"about":[{"href":"http:\/\/www.korhanyilmaz.com\/index.php?rest_route=\/wp\/v2\/types\/post"}],"author":[{"embeddable":true,"href":"http:\/\/www.korhanyilmaz.com\/index.php?rest_route=\/wp\/v2\/users\/1"}],"replies":[{"embeddable":true,"href":"http:\/\/www.korhanyilmaz.com\/index.php?rest_route=%2Fwp%2Fv2%2Fcomments&post=45776"}],"version-history":[{"count":0,"href":"http:\/\/www.korhanyilmaz.com\/index.php?rest_route=\/wp\/v2\/posts\/45776\/revisions"}],"wp:attachment":[{"href":"http:\/\/www.korhanyilmaz.com\/index.php?rest_route=%2Fwp%2Fv2%2Fmedia&parent=45776"}],"wp:term":[{"taxonomy":"category","embeddable":true,"href":"http:\/\/www.korhanyilmaz.com\/index.php?rest_route=%2Fwp%2Fv2%2Fcategories&post=45776"},{"taxonomy":"post_tag","embeddable":true,"href":"http:\/\/www.korhanyilmaz.com\/index.php?rest_route=%2Fwp%2Fv2%2Ftags&post=45776"}],"curies":[{"name":"wp","href":"https:\/\/api.w.org\/{rel}","templated":true}]}}