{"id":45757,"date":"2012-01-03T10:25:26","date_gmt":"2012-01-03T08:25:26","guid":{"rendered":"http:\/\/www.korhanyilmaz.com\/?p=45757"},"modified":"2012-01-03T11:17:10","modified_gmt":"2012-01-03T09:17:10","slug":"memur-ve-emekliye-enflasyon-zammi","status":"publish","type":"post","link":"http:\/\/www.korhanyilmaz.com\/?p=45757","title":{"rendered":"Memur ve emekliye enflasyon zamm\u0131"},"content":{"rendered":"<p style=\"text-align: center;\"><a href=\"http:\/\/www.korhanyilmaz.com\/wp-content\/uploads\/2012\/01\/8940.jpg\"  class=\"lightview\"><img loading=\"lazy\" decoding=\"async\" class=\"aligncenter  wp-image-45758\" src=\"http:\/\/www.korhanyilmaz.com\/wp-content\/uploads\/2012\/01\/8940.jpg\" alt=\"\" width=\"396\" height=\"180\" \/><\/a><\/p>\n<p style=\"text-align: justify;\">Devlet memurlar\u0131, s\u00f6zle\u015fmeliler ve memur emeklileri i\u00e7in b\u00fcy\u00fck \u00f6nem ta\u015f\u0131yan enflasyon rakamlar\u0131 a\u00e7\u0131kland\u0131.<\/p>\n<p style=\"text-align: justify;\">Devlet memurlar\u0131, s\u00f6zle\u015fmeliler ve memur emeklileri i\u00e7in b\u00fcy\u00fck \u00f6nem ta\u015f\u0131yan Aral\u0131k ay\u0131na ait enflasyon rakamlar\u0131 a\u00e7\u0131kland\u0131.<\/p>\n<p style=\"text-align: justify;\">Temmuz-Aral\u0131k d\u00f6neminde B\u00fct\u00e7e Kanunu kapsam\u0131nda y\u00fczde 4 oran\u0131nda zam alan devlet memurlar\u0131, y\u00fczde 0.58 \u00e7\u0131kan Aral\u0131k ay\u0131 enflasyonu nedeniyle y\u00fczde 2.79 ek zam alacaklar.<!--more--><\/p>\n<p style=\"text-align: justify;\">Enflasyon, T\u00dcFE&#8217;de y\u00fczde 0.58, \u00dcFE&#8217;de y\u00fczde 1 artt\u0131. Y\u0131ll\u0131k T\u00dcFE y\u00fczde 10.45, \u00dcFE y\u00fczde 13.33 olarak ger\u00e7ekle\u015fti.<\/p>\n<p style=\"text-align: justify;\">Bu rakamlarla birlikte enflasyon, 2008 y\u0131l\u0131n\u0131n Kas\u0131m ay\u0131ndan beri en y\u00fcksek d\u00fczeye ula\u015fm\u0131\u015f oldu.<\/p>\n<p style=\"text-align: justify;\"><strong>6 AYLIK ZAM ORANI 6,78&#8217;E \u00c7IKACAK<\/strong><\/p>\n<p style=\"text-align: justify;\">B\u00f6ylece, devlet memurlar\u0131 ve s\u00f6zle\u015fmeliler, y\u00fczde 4&#8217;l\u00fck ikinci yar\u0131 y\u0131l zamm\u0131n\u0131n \u00fczerine y\u00fczde 2,67 enflasyon fark\u0131 alacak. B\u00f6ylelikle 6 ayl\u0131k zam oran\u0131 y\u00fczde 6,78 olacak. Memur emeklilerinin zamdan do\u011fan maa\u015f farklar\u0131 ise Sosyal G\u00fcvenlik Kurumunca daha sonra ilan edilecek tarihte hesaplara yatacak.<\/p>\n<p style=\"text-align: justify;\">Memur ve memur emeklilerine enflasyon fark\u0131 verilmesinden dolay\u0131, 2012 Merkezi Y\u00f6netim B\u00fct\u00e7esinde yer alan maa\u015f katsay\u0131lar\u0131, enflasyon fark\u0131n\u0131 da kar\u015f\u0131layacak \u015fekilde Bakanlar Kurulunca yeniden belirlenecek.<\/p>\n<p style=\"text-align: justify;\"><strong>ASGAR\u0130 GE\u00c7\u0130M \u0130ND\u0130R\u0130M\u0130 DE ARTIYOR<\/strong><\/p>\n<p style=\"text-align: justify;\">\u00d6te yandan, 1 Ocak&#8217;ta y\u00fcr\u00fcrl\u00fc\u011fe giren ve 16 ya\u015f\u0131ndan b\u00fcy\u00fck i\u015f\u00e7iler i\u00e7in br\u00fct 886,5 lira olarak belirlenen yeni asgari \u00fccret de, asgari ge\u00e7im indirimiyle memur ve s\u00f6zle\u015fmelilere ayl\u0131k 6,75 lira ile 11,41 lira aras\u0131nda maa\u015f art\u0131\u015f\u0131 sa\u011flayacak.<\/p>\n<p style=\"text-align: justify;\">Bekar ya da evli ancak e\u015fi \u00e7al\u0131\u015fan bir memur ya da s\u00f6zle\u015fmeli i\u00e7in 6,75 lira olan asgari ge\u00e7im indirimindeki iyile\u015fme, evli ve e\u015fi \u00e7al\u0131\u015fmayan bir kamu \u00e7al\u0131\u015fan\u0131 i\u00e7in 8,09 lira, e\u015fi \u00e7al\u0131\u015fmayan 1 \u00e7ocuklular i\u00e7in 9,1 lira, 2 \u00e7ocuklular i\u00e7in 10,12 lira, 3 \u00e7ocuklular i\u00e7in 10,74 lira, 4 \u00e7ocuklular i\u00e7in de 11,41 lira olacak.<\/p>\n<p style=\"text-align: justify;\">Fi\u015f toplaman\u0131n sona ermesinin ard\u0131ndan uygulamaya konan asgari ge\u00e7im indiriminin, asgari \u00fccrete endeksli olarak hesaplanmas\u0131 asgari \u00fccretteki art\u0131\u015f\u0131n \u00e7al\u0131\u015fan\u0131n maa\u015f\u0131na yans\u0131mas\u0131n\u0131 sa\u011fl\u0131yor. Ayl\u0131k maa\u015flara eklenen asgari ge\u00e7im indirimi asgari \u00fccrete endeksli olarak her 6 ayda bir yeniden hesaplan\u0131yor.<\/p>\n<p style=\"text-align: justify;\"><strong>G\u00d6ZLER TOPLU S\u00d6ZLE\u015eMEYE \u00c7EVR\u0130LD\u0130<\/strong><\/p>\n<p style=\"text-align: justify;\">Bu arada, toplu s\u00f6zle\u015fme yasas\u0131 gecikti\u011fi i\u00e7in devlet memuru, s\u00f6zle\u015fmeli ve memur emeklilerinin, 15 Ocak&#8217;ta alaca\u011f\u0131 zaml\u0131 maa\u015f hen\u00fcz netle\u015fmedi. Her y\u0131l toplu g\u00f6r\u00fc\u015fme ile a\u011fustos ay\u0131nda belirlenen zam oran\u0131, bu sene toplu s\u00f6zle\u015fmeye ge\u00e7ildi\u011fi i\u00e7in tespit edilemedi.<\/p>\n<p style=\"text-align: justify;\">\u015eu anda Bakanlar Kurulu&#8217;nda olan yasa tasla\u011f\u0131n\u0131n Meclis Genel Kurulu&#8217;nda yasala\u015fmas\u0131 gerekiyor. Daha sonra \u00e7\u0131kacak kanun, Cumhurba\u015fkan\u0131 Abdullah G\u00fcl&#8217;\u00fcn onay\u0131na sunulacak. Cumhurba\u015fkan\u0131n\u0131n onay\u0131n\u0131n ard\u0131ndan, sendikalar ile h\u00fck\u00fcmet toplu s\u00f6zle\u015fme masas\u0131na oturarak zam oran\u0131n\u0131 belirlemeye \u00e7al\u0131\u015facak. Anla\u015fma sa\u011flanmas\u0131 halinde uzla\u015f\u0131lan oran, memur maa\u015flar\u0131na yans\u0131yacak. Uzla\u015fma olmamas\u0131 halinde, Kamu G\u00f6revlileri Hakem Kurulu devreye girecek ve memur maa\u015f zamm\u0131n\u0131 belirleyecek.<\/p>\n<p style=\"text-align: justify;\"><a href=\"http:\/\/www.gazeteport.com.tr\/haber\/71630\/memur_ve_emekliye_enflasyon_zammi\" target=\"_blank\">Kaynak : GAZETEPORT<\/a><\/p>\n","protected":false},"excerpt":{"rendered":"<p style=\"text-align: center;\">\n<p style=\"text-align: justify;\">Devlet memurlar\u0131, s\u00f6zle\u015fmeliler ve memur emeklileri i\u00e7in b\u00fcy\u00fck \u00f6nem ta\u015f\u0131yan enflasyon rakamlar\u0131 a\u00e7\u0131kland\u0131.<\/p>\n<p style=\"text-align: justify;\">Devlet memurlar\u0131, s\u00f6zle\u015fmeliler ve memur emeklileri i\u00e7in b\u00fcy\u00fck \u00f6nem ta\u015f\u0131yan Aral\u0131k ay\u0131na ait enflasyon rakamlar\u0131 a\u00e7\u0131kland\u0131.<\/p>\n<p style=\"text-align: justify;\">Temmuz-Aral\u0131k d\u00f6neminde B\u00fct\u00e7e Kanunu kapsam\u0131nda y\u00fczde 4 oran\u0131nda zam alan devlet memurlar\u0131, y\u00fczde 0.58 \u00e7\u0131kan Aral\u0131k ay\u0131 <\/p>\n","protected":false},"author":1,"featured_media":0,"comment_status":"open","ping_status":"open","sticky":false,"template":"","format":"standard","meta":{"footnotes":""},"categories":[7],"tags":[],"class_list":["post-45757","post","type-post","status-publish","format-standard","hentry","category-ekonomi","odd"],"_links":{"self":[{"href":"http:\/\/www.korhanyilmaz.com\/index.php?rest_route=\/wp\/v2\/posts\/45757","targetHints":{"allow":["GET"]}}],"collection":[{"href":"http:\/\/www.korhanyilmaz.com\/index.php?rest_route=\/wp\/v2\/posts"}],"about":[{"href":"http:\/\/www.korhanyilmaz.com\/index.php?rest_route=\/wp\/v2\/types\/post"}],"author":[{"embeddable":true,"href":"http:\/\/www.korhanyilmaz.com\/index.php?rest_route=\/wp\/v2\/users\/1"}],"replies":[{"embeddable":true,"href":"http:\/\/www.korhanyilmaz.com\/index.php?rest_route=%2Fwp%2Fv2%2Fcomments&post=45757"}],"version-history":[{"count":0,"href":"http:\/\/www.korhanyilmaz.com\/index.php?rest_route=\/wp\/v2\/posts\/45757\/revisions"}],"wp:attachment":[{"href":"http:\/\/www.korhanyilmaz.com\/index.php?rest_route=%2Fwp%2Fv2%2Fmedia&parent=45757"}],"wp:term":[{"taxonomy":"category","embeddable":true,"href":"http:\/\/www.korhanyilmaz.com\/index.php?rest_route=%2Fwp%2Fv2%2Fcategories&post=45757"},{"taxonomy":"post_tag","embeddable":true,"href":"http:\/\/www.korhanyilmaz.com\/index.php?rest_route=%2Fwp%2Fv2%2Ftags&post=45757"}],"curies":[{"name":"wp","href":"https:\/\/api.w.org\/{rel}","templated":true}]}}