{"id":45750,"date":"2012-01-02T08:36:18","date_gmt":"2012-01-02T06:36:18","guid":{"rendered":"http:\/\/www.korhanyilmaz.com\/?p=45750"},"modified":"2012-06-30T12:07:41","modified_gmt":"2012-06-30T09:07:41","slug":"turkiyeyi-2012de-olaganustu-gelismeler-bekliyor","status":"publish","type":"post","link":"http:\/\/www.korhanyilmaz.com\/?p=45750","title":{"rendered":"T\u00fcrkiye\u2019yi 2012\u2019de ola\u011fan\u00fcst\u00fc geli\u015fmeler bekliyor"},"content":{"rendered":"<div id=\"attachment_45751\" style=\"width: 98px\" class=\"wp-caption alignright\"><img loading=\"lazy\" decoding=\"async\" aria-describedby=\"caption-attachment-45751\" class=\" wp-image-45751  \" title=\"Can Atakl\u0131 - Vatan Gazetesi\" src=\"http:\/\/www.korhanyilmaz.com\/wp-content\/uploads\/2012\/01\/8939.jpg\" alt=\"\" width=\"88\" height=\"88\" \/><p id=\"caption-attachment-45751\" class=\"wp-caption-text\">Can Atakl\u0131<\/p><\/div>\n<p style=\"text-align: justify;\">Sevgili okurlar; bir y\u0131l\u0131 daha geride b\u0131rakt\u0131k. 2011\u2019e bak\u0131nca geli\u015fmelerin hi\u00e7 de ho\u015f olmad\u0131\u011f\u0131n\u0131 s\u00f6yleyebilirim. Haziran\u2019da AKP\u2019nin kazand\u0131\u011f\u0131 b\u00fcy\u00fck se\u00e7im zaferinden sonra herkesin umudu artm\u0131\u015ft\u0131. Ancak AKP bu zaferi hoyrat\u00e7a harcad\u0131. Bekleneni veremedi. D\u00fcn ba\u015flad\u0131\u011f\u0131m\u0131z yeni y\u0131l\u0131n 2011\u2019i arataca\u011f\u0131n\u0131 hemen s\u00f6yleyebilirim.<\/p>\n<p style=\"text-align: justify;\"><strong>Kehanet de\u011fil tahmin\u00a0<\/strong><\/p>\n<p style=\"text-align: justify;\">Elbette kendimi kahin yerine koymuyorum, tahminlerde bulunuyorum. G\u00f6r\u00fcnen k\u00f6y k\u0131lavuz istemez. 2012\u2019ye umut mesajlar\u0131 vererek girdik ama bunun sanal oldu\u011funu herkes biliyor. Ba\u015fta ekonomi olmak \u00fczere siyasi, sosyal geli\u015fmelerin hi\u00e7 iyi olmayaca\u011f\u0131n\u0131 tahmin etmek zor de\u011fil. Buna bir de d\u0131\u015f politikay\u0131 eklemek gerek.\u00a0<!--more--><\/p>\n<p style=\"text-align: justify;\"><strong>Se\u00e7im y\u0131l\u0131 olabilir\u00a0<\/strong><\/p>\n<p style=\"text-align: justify;\">Ekonomik konular\u0131 bir kenara b\u0131rakmak istiyorum. \u00c7\u00fcnk\u00fc o ba\u015fl\u0131 ba\u015f\u0131na ayr\u0131 bir konu, nas\u0131l olsa \u00f6n\u00fcm\u00fczdeki g\u00fcnlerde geli\u015fmeleri birlikte ya\u015fayaca\u011f\u0131z. Ancak siyasi a\u00e7\u0131dan 2012 ola\u011fan\u00fcst\u00fc geli\u015fmelere sahne olabilir. Ba\u015fta Cumhurba\u015fkanl\u0131\u011f\u0131 se\u00e7imi olmak \u00fczere bir genel se\u00e7im olma olas\u0131l\u0131\u011f\u0131n\u0131n hi\u00e7 de az olmad\u0131\u011f\u0131n\u0131 s\u00f6yleyebilirim.<\/p>\n<p style=\"text-align: justify;\"><strong>Cumhurba\u015fkanl\u0131\u011f\u0131\u00a0<\/strong><\/p>\n<p style=\"text-align: justify;\">Ba\u015fbakan Erdo\u011fan\u2019\u0131n rahats\u0131zl\u0131\u011f\u0131ndan bu yana \u201cErdo\u011fan sonras\u0131 AKP\u2019yi\u201d tart\u0131\u015fanlar bunu bilerek bilmeyerek mevcut Cumhurba\u015fkan\u0131n\u0131n g\u00f6rev s\u00fcresi a\u015famas\u0131na da ta\u015f\u0131d\u0131lar. Hen\u00fcz bilmiyoruz ama G\u00fcl\u2019\u00fcn 5 y\u0131l m\u0131 7 y\u0131l m\u0131 g\u00f6revde kalaca\u011f\u0131 konusu \u00e7ok \u00f6nemlidir. \u0130ki ay i\u00e7inde hi\u00e7 beklenmedik bir geli\u015fme s\u00fcrpriz olmaz.<\/p>\n<p style=\"text-align: justify;\"><strong>Y\u0131l\u0131n olay\u0131\u00a0<\/strong><\/p>\n<p style=\"text-align: justify;\">Ahmet Hakan\u2019\u0131n Tarafs\u0131z B\u00f6lge program\u0131nda konuklara \u201cSize g\u00f6re y\u0131l\u0131n olay\u0131 nedir?\u201d diye soruldu\u011funda \u201cBa\u015fbakan Erdo\u011fan\u2019\u0131n ameliyat\u0131\u201d cevab\u0131n\u0131 vermi\u015ftim. Ahmet Hakan ve di\u011fer konuklar merakla \u201cNeden?\u201d diye sorduklar\u0131nda \u201c\u00c7\u00fcnk\u00fc sonu\u00e7lar\u0131n\u0131 hen\u00fcz bilmiyoruz\u201d demi\u015ftim. Ba\u015fbakan\u2019\u0131n sa\u011fl\u0131k durumunu bilen kimse yok.<\/p>\n<p style=\"text-align: justify;\"><strong>Ne olabilir?\u00a0<\/strong><\/p>\n<p style=\"text-align: justify;\">Ba\u015fbakan Ulusa Sesleni\u015f program\u0131nda \u201cSa\u011fl\u0131\u011f\u0131m \u00e7ok iyi, g\u00f6revimin ba\u015f\u0131na d\u00f6nd\u00fcm\u201d diyor ve buna y\u00fcrekten kat\u0131l\u0131yorum ama, T\u00fcrkiye\u2019deki baz\u0131 g\u00fc\u00e7lerin ayn\u0131 kan\u0131da olmad\u0131\u011f\u0131n\u0131 d\u00fc\u015f\u00fcn\u00fcyorum. \u00d6zellikle bir b\u00fcy\u00fck cemaatin son zamanlardaki ataklar\u0131 sanki Erdo\u011fan sonras\u0131na bir haz\u0131rl\u0131k izlenimi veriyor. G\u00f6r\u00fcnmeyen bir sava\u015f var gibi.<\/p>\n<p style=\"text-align: justify;\"><strong>G\u00fcl\u2019\u00fcn ataklar\u0131\u00a0<\/strong><\/p>\n<p style=\"text-align: justify;\">Ahmet Hakan\u2019\u0131n yan\u0131 program\u0131nda \u201cAbdullah G\u00fcl, sanki se\u00e7im kampanyas\u0131 yap\u0131yor havas\u0131nda, g\u00f6rev s\u00fcresinin be\u015f y\u0131l oldu\u011funu s\u00f6yleyerek, 2012\u2019de tekrar aday olmak ko\u015fuluyla se\u00e7im isteyebilir\u201d dedim. Sonra da ekledim \u201cMilletvekili emeklilerine zam yasas\u0131n\u0131 veto ederse se\u00e7im istiyor etmezse istemiyor anlam\u0131na gelir.\u201d Veto etti.<\/p>\n<p style=\"text-align: justify;\"><strong>G\u00f6r\u00fcnmeyen sava\u015f\u00a0<\/strong><\/p>\n<p style=\"text-align: justify;\">G\u00f6zledi\u011fim kadar\u0131yla Ankara\u2019da g\u00f6r\u00fcnmeyen bir sava\u015f ya\u015fan\u0131yor. Cumhurba\u015fkan\u0131 Abdullah G\u00fcl, h\u00fck\u00fcmetle \u00e7ok uyum i\u00e7indeymi\u015f gibi g\u00f6r\u00fcnmesine ra\u011fmen sanki hen\u00fcz kamuoyu ile payla\u015f\u0131lmayan bir bilgiye sahip olarak yeni oyun plan\u0131n\u0131 kurmaya ve bu oyunun en \u00f6nemli akt\u00f6r\u00fc olmaya soyunuyor. Geli\u015fmeler hepimizi \u00e7ok \u015fa\u015f\u0131rtabilir.<\/p>\n<p style=\"text-align: justify;\"><strong>\u00c7evreden aktif katk\u0131lar\u00a0<\/strong><\/p>\n<p style=\"text-align: justify;\">Dikkatinizi \u00e7ekiyor mu bilemem ama, son zamanlarda Ba\u015fbakan Erdo\u011fan, kendine yak\u0131n g\u00f6rd\u00fc\u011f\u00fc ya da kendisine \u00e7ok destek veren \u00e7evrelerden s\u00fcrekli ele\u015ftiri al\u0131yor. G\u00fcya liberal olduklar\u0131n\u0131 s\u00f6yleyen fa\u015fist kesimler Ba\u015fbakan\u2019a kar\u015f\u0131 a\u00e7\u0131k bir cephe ald\u0131. Bir cemaatin s\u00f6zc\u00fcleri de sat\u0131r aralar\u0131nda s\u00fcrekli olarak Erdo\u011fan\u2019\u0131 ele\u015ftiriyorlar.<\/p>\n<p style=\"text-align: justify;\"><strong>Baransu olay\u0131\u00a0<\/strong><\/p>\n<p style=\"text-align: justify;\">\u00c7ok \u00e7arp\u0131c\u0131 ve \u015fa\u015f\u0131rt\u0131c\u0131 oldu\u011fu i\u00e7in Taraf yazar\u0131 Mehmet Baransu olay\u0131 \u00fczerinde durmak istiyorum. Baransu\u2019nun \u201c35 ki\u015finin \u00f6ld\u00fc\u011f\u00fc bombalama olay\u0131n\u0131 M\u0130T rapor etmi\u015fti\u201d haberine Ba\u015fbakan \u00e7ok \u015fiddetli bir tepki g\u00f6sterdi. Ba\u015fbakan Taraf Gazetesi\u2019nin man\u015fetine de \u00f6fkelendi. Ancak gerek Baransu gerekse Taraf gazetesi buna ald\u0131rmad\u0131.<\/p>\n<p style=\"text-align: justify;\"><strong>Garip bir \u00fcslup\u00a0<\/strong><\/p>\n<p style=\"text-align: justify;\">Taraf yay\u0131nlar\u0131nda Ba\u015fbakan\u2019a ele\u015ftirileri s\u00fcrd\u00fcr\u00fcrken Mehmet Baransu daha da garip bir \u00fcslup kullanarak Ba\u015fbakan\u2019\u0131n \u201ckarizmas\u0131n\u0131 \u00e7izecek\u201d bi\u00e7imde \u201cBen eli silah tutanlardan korkmad\u0131m. Kas\u0131mpa\u015fal\u0131 Tayyip Erdo\u011fan\u2019dan korkaca\u011f\u0131m\u0131 zannediyorsan\u0131z yan\u0131l\u0131yorsunuz\u201d cevab\u0131n\u0131 verdi. Dik duru\u015f gibi g\u00f6r\u00fcnen bu tutumun arkas\u0131nda ne var?<\/p>\n<p style=\"text-align: justify;\"><strong>O bir Ba\u015fbakan\u00a0<\/strong><\/p>\n<p style=\"text-align: justify;\">Baransu\u2019nun \u201cKas\u0131mpa\u015fal\u0131 Erdo\u011fan\u201d dedi\u011fi ki\u015fi T\u00fcrkiye Cumhuriyeti\u2019nin Ba\u015fbakan\u0131. Bu da Ba\u015fbakan\u2019a kar\u015f\u0131 bir sava\u015f a\u00e7\u0131ld\u0131\u011f\u0131n\u0131n i\u015faretidir. Herhalde sadece bir yazar \u201cgurur\u201d ad\u0131na yola \u00e7\u0131karak Ba\u015fbakan\u2019la \u00e7at\u0131\u015fmaya girmek istemez. Ancak bir s\u00fcre sonra olacaklar\u0131 biliyorsa ya da bu \u00f6nceden planlanm\u0131\u015fsa durum de\u011fi\u015fir.<\/p>\n<p style=\"text-align: justify;\"><strong>35 ki\u015finin \u00f6l\u00fcm\u00fc\u00a0<\/strong><\/p>\n<p style=\"text-align: justify;\">Y\u0131l\u0131n bitmesine iki g\u00fcn kala Uludere\u2019de ya\u015fad\u0131\u011f\u0131m\u0131z facia alt\u0131ndan kalk\u0131lmas\u0131 \u00e7ok zor bir durum yaratt\u0131. Cumartesi yazd\u0131\u011f\u0131m i\u00e7in ayr\u0131nt\u0131lar\u0131na girmek istemiyorum ama bunda as\u0131l sorumluluk h\u00fck\u00fcmetindir. Zaten b\u00f6yle oldu\u011fu i\u00e7in de hem iktidar hem de art\u0131k iyice yalaka hale gelen yanda\u015f medya m\u00fcthi\u015f bir savunmaya ge\u00e7ti.<\/p>\n<p style=\"text-align: justify;\"><strong>Ne oldu da oldu?\u00a0<\/strong><\/p>\n<p style=\"text-align: justify;\">Bundan \u00f6nceki ter\u00f6r sald\u0131r\u0131lar\u0131nda seslerini y\u00fckselten ve \u201cOrdu kendi askerini \u00f6ld\u00fcrtt\u00fc, Ergenekon\u2019un i\u015fi bu\u201d diyenlerin 35 vatanda\u015f\u0131m\u0131z\u0131n \u00f6ld\u00fcr\u00fclmesini \u201chata, yanl\u0131\u015fl\u0131k\u201d diye ge\u00e7i\u015ftirmeye \u00e7al\u0131\u015fmas\u0131 ibretlik bir durumdur. Ama ger\u00e7e\u011fin ortaya \u00e7\u0131kmas\u0131na kar\u015f\u0131 bu \u00f6nlemi almak zorundalar. \u00c7\u00fcnk\u00fc bombalama emri h\u00fck\u00fcmet taraf\u0131ndan verilmi\u015ftir.<\/p>\n<p style=\"text-align: justify;\"><strong>\u0130nsan bombalanmaz\u00a0<\/strong><\/p>\n<p style=\"text-align: justify;\">Askeri a\u00e7\u0131dan bakarsan\u0131z, Hava Kuvvetleri sava\u015fta bile insana kar\u015f\u0131 kullan\u0131lmaz. Bombard\u0131man askeri tesislere, silah sistemlerine, \u00fcslere, lojistik destek \u00fcnitelerine kar\u015f\u0131 yap\u0131l\u0131r. Oysa son iki ayd\u0131r T\u00fcrk jetleri s\u00fcrekli olarak kendi \u00fclkesinin topraklar\u0131n\u0131 ve insanlar\u0131n\u0131 bombalamaktad\u0131r. \u0130ki ayda \u00f6ld\u00fcr\u00fclen ter\u00f6rist say\u0131s\u0131 300\u2019\u00fcn \u00fczerindedir.<\/p>\n<p style=\"text-align: justify;\"><strong>Ama\u00e7 K\u00fcrt oylar\u0131\u00a0<\/strong><\/p>\n<p style=\"text-align: justify;\">Son iki ayd\u0131r h\u00fck\u00fcmetin ter\u00f6rle m\u00fccadele planlar\u0131nda \u00e7ok k\u00f6kl\u00fc de\u011fi\u015fiklikler ya\u015fan\u0131yor. K\u00fcrt a\u00e7\u0131l\u0131m\u0131n\u0131 b\u00f6lgesel oy hesab\u0131 olarak g\u00f6ren h\u00fck\u00fcmet uzun bir s\u00fcre b\u00f6lgede etkinli\u011fini art\u0131rmak i\u00e7in g\u00fcvenlik kuvvetlerinin elini kolunu ba\u011flam\u0131\u015ft\u0131. Ancak gelinen noktada ter\u00f6r \u00f6rg\u00fct\u00fcn\u00fcn ve yanda\u015flar\u0131n\u0131n avantajl\u0131 duruma ge\u00e7ti\u011fi g\u00f6r\u00fcld\u00fc. Bunun \u00fczerine ter\u00f6rle m\u00fccadele ad\u0131 alt\u0131nda tekrar g\u00fc\u00e7 kullan\u0131m\u0131na ge\u00e7ildi.<\/p>\n<p style=\"text-align: justify;\"><strong>Karar sivil otoritenin\u00a0<\/strong><\/p>\n<p style=\"text-align: justify;\">\u0130ster ter\u00f6rle m\u00fccadele ister ba\u015fka bir \u015fey, e\u011fer bir \u00fclkede silahl\u0131 g\u00fc\u00e7ler orant\u0131s\u0131z g\u00fc\u00e7 kullanmaya ba\u015flam\u0131\u015fsa bunu asla kendi inisiyatifleri ile yapamazlar. Burada as\u0131l karar merci sivil otoritedir. G\u00fcvenlik birimleri m\u00fccadele y\u00f6ntemlerini belirler, sivil otorite izin verir. Belli ki iktidar askere bombalama dahil orant\u0131s\u0131z g\u00fc\u00e7 kullan\u0131m\u0131 izni vermi\u015ftir.<\/p>\n<p style=\"text-align: justify;\"><strong>Ba\u015f\u0131m\u0131z \u00e7ok a\u011fr\u0131yacak\u00a0<\/strong><\/p>\n<p style=\"text-align: justify;\">T\u00fcrk askeri son 4 y\u0131ld\u0131r ola\u011fan\u00fcst\u00fc sald\u0131r\u0131lara kar\u015f\u0131 \u00e7aresiz b\u0131rak\u0131l\u0131rken, ve onlarca \u015fehit verirken, bunlara kar\u015f\u0131 hi\u00e7 duyarl\u0131 olmayan bat\u0131 medyas\u0131, 35 vatanda\u015f\u0131n \u00f6l\u00fcm\u00fcn\u00fc man\u015fetlere ta\u015f\u0131m\u0131\u015ft\u0131r. Bu bile \u00f6n\u00fcm\u00fczdeki g\u00fcnlerde ba\u015f\u0131m\u0131z\u0131n ne kadar a\u011fr\u0131yaca\u011f\u0131n\u0131n i\u015faretidir. T\u00fcrkiye\u2019nin Uludere olay\u0131ndan s\u0131yr\u0131lmas\u0131 o kadar da kolay olmayacakt\u0131r.<\/p>\n<p style=\"text-align: justify;\"><strong>Kabile devleti\u00a0<\/strong><\/p>\n<p style=\"text-align: justify;\">\u0130ktidar halk\u0131n yar\u0131s\u0131n\u0131n deste\u011fini almas\u0131na ra\u011fmen g\u00fc\u00e7 zehirlenmesine u\u011fram\u0131\u015f ve sorunlarla ba\u015f edemez hale d\u00fc\u015fm\u00fc\u015f g\u00f6r\u00fcn\u00fcmdedir. Bu tela\u015f nedeniyle y\u00f6netim adeta Kabile Devleti y\u00f6netimine d\u00f6n\u00fc\u015fm\u00fc\u015f durumda. Sadece ka\u00e7ak\u00e7\u0131l\u0131k ile ilgili s\u00f6ylenenler bile ibret vericidir. Bu konuyla ilgili g\u00f6r\u00fc\u015flerimi hafta i\u00e7indeki yaz\u0131lar\u0131mda payla\u015faca\u011f\u0131m.<\/p>\n<p style=\"text-align: justify;\"><strong>Y\u0131lba\u015f\u0131 kutlamalar\u0131\u00a0<\/strong><\/p>\n<p style=\"text-align: justify;\">Sevgili okurlar, yeni y\u0131l nedeniyle \u00e7ok say\u0131da kutlama mesaj\u0131 ald\u0131m. Bunlar\u0131n bir k\u0131sm\u0131n\u0131 cevaplamaya \u00e7al\u0131\u015ft\u0131ysam da a\u00e7\u0131k\u00e7as\u0131 hepsiyle ba\u015f edemedim. Hepinizin yeni y\u0131l\u0131n\u0131 tekrar kutlar, b\u00fct\u00fcn olumsuzluklara ra\u011fmen 2012\u2019nin \u00fclkemize hay\u0131rl\u0131 olmas\u0131n\u0131 dilerim.<\/p>\n<p style=\"text-align: justify;\"><a href=\"http:\/\/haber.gazetevatan.com\/Haber\/421051\/1\/Gundem\" target=\"_blank\">Kaynak : VATAN Gazetesi<\/a><\/p>\n","protected":false},"excerpt":{"rendered":"<p id=\"caption-attachment-45751\" class=\"wp-caption-text\">Can Atakl\u0131<\/p>\n<p style=\"text-align: justify;\">Sevgili okurlar; bir y\u0131l\u0131 daha geride b\u0131rakt\u0131k. 2011\u2019e bak\u0131nca geli\u015fmelerin hi\u00e7 de ho\u015f olmad\u0131\u011f\u0131n\u0131 s\u00f6yleyebilirim. Haziran\u2019da AKP\u2019nin kazand\u0131\u011f\u0131 b\u00fcy\u00fck se\u00e7im zaferinden sonra herkesin umudu artm\u0131\u015ft\u0131. Ancak AKP bu zaferi hoyrat\u00e7a harcad\u0131. Bekleneni veremedi. D\u00fcn ba\u015flad\u0131\u011f\u0131m\u0131z yeni y\u0131l\u0131n 2011\u2019i arataca\u011f\u0131n\u0131 hemen s\u00f6yleyebilirim.<\/p>\n<p style=\"text-align: justify;\">Kehanet de\u011fil tahmin <\/p>\n<p style=\"text-align:  \n\n","protected":false},"author":1,"featured_media":0,"comment_status":"open","ping_status":"open","sticky":false,"template":"","format":"standard","meta":{"footnotes":""},"categories":[16],"tags":[632],"class_list":["post-45750","post","type-post","status-publish","format-standard","hentry","category-kose-yazilari","tag-can-atakli","odd"],"_links":{"self":[{"href":"http:\/\/www.korhanyilmaz.com\/index.php?rest_route=\/wp\/v2\/posts\/45750","targetHints":{"allow":["GET"]}}],"collection":[{"href":"http:\/\/www.korhanyilmaz.com\/index.php?rest_route=\/wp\/v2\/posts"}],"about":[{"href":"http:\/\/www.korhanyilmaz.com\/index.php?rest_route=\/wp\/v2\/types\/post"}],"author":[{"embeddable":true,"href":"http:\/\/www.korhanyilmaz.com\/index.php?rest_route=\/wp\/v2\/users\/1"}],"replies":[{"embeddable":true,"href":"http:\/\/www.korhanyilmaz.com\/index.php?rest_route=%2Fwp%2Fv2%2Fcomments&post=45750"}],"version-history":[{"count":0,"href":"http:\/\/www.korhanyilmaz.com\/index.php?rest_route=\/wp\/v2\/posts\/45750\/revisions"}],"wp:attachment":[{"href":"http:\/\/www.korhanyilmaz.com\/index.php?rest_route=%2Fwp%2Fv2%2Fmedia&parent=45750"}],"wp:term":[{"taxonomy":"category","embeddable":true,"href":"http:\/\/www.korhanyilmaz.com\/index.php?rest_route=%2Fwp%2Fv2%2Fcategories&post=45750"},{"taxonomy":"post_tag","embeddable":true,"href":"http:\/\/www.korhanyilmaz.com\/index.php?rest_route=%2Fwp%2Fv2%2Ftags&post=45750"}],"curies":[{"name":"wp","href":"https:\/\/api.w.org\/{rel}","templated":true}]}}