{"id":45731,"date":"2012-01-02T21:05:51","date_gmt":"2012-01-02T19:05:51","guid":{"rendered":"http:\/\/www.korhanyilmaz.com\/?p=45731"},"modified":"2012-01-03T01:21:29","modified_gmt":"2012-01-02T23:21:29","slug":"meclisteki-617-memurun-sirri","status":"publish","type":"post","link":"http:\/\/www.korhanyilmaz.com\/?p=45731","title":{"rendered":"Meclis&#8217;teki 617 memurun s\u0131rr\u0131"},"content":{"rendered":"<p style=\"text-align: center;\"><a href=\"http:\/\/www.korhanyilmaz.com\/wp-content\/uploads\/2012\/01\/8934.jpg\"  class=\"lightview\"><img loading=\"lazy\" decoding=\"async\" class=\"aligncenter  wp-image-45732\" src=\"http:\/\/www.korhanyilmaz.com\/wp-content\/uploads\/2012\/01\/8934.jpg\" alt=\"\" width=\"408\" height=\"200\" \/><\/a><\/p>\n<p style=\"text-align: justify;\">AKP iktidar\u0131 d\u00f6neminde TBMM&#8217;ye toplam 2 bin 100 ki\u015finin al\u0131nd\u0131\u011f\u0131 ortaya \u00e7\u0131kt\u0131.<\/p>\n<p style=\"text-align: justify;\">Bunlar\u0131n sadece 147&#8217;si KPSS ile i\u015fe ba\u015flat\u0131l\u0131rken Meclis&#8217;e torpille, hi\u00e7bir s\u0131nava girmeden yerle\u015ftirilenlerin say\u0131s\u0131n\u0131n 617 oldu\u011fu anla\u015f\u0131ld\u0131. AKP d\u00f6neminde 2002 sonunda 4.500 olan TBMM\u2019deki personel say\u0131s\u0131 bug\u00fcn itibariyle 6 bine y\u00fckseldi.\u00a0<!--more--><\/p>\n<p style=\"text-align: justify;\">T\u00fcrkiye B\u00fcy\u00fck Millet Meclisi (TBMM) Ba\u015fkanl\u0131\u011f\u0131, 1 Ocak 2003 ve 2 Aral\u0131k 2011 tarihleri aras\u0131ndaki AKP iktidarlar\u0131nda Meclis\u2019e toplam 2021 ki\u015finin al\u0131nd\u0131\u011f\u0131n\u0131 a\u00e7\u0131klad\u0131. TBMM Ba\u015fkanl\u0131\u011f\u0131 bu ki\u015filerden sadece 147\u2019sinin Kamu Personel Se\u00e7me S\u0131nav\u0131\u2019ya (KPSS) al\u0131nd\u0131\u011f\u0131n\u0131 kaydetti. Son d\u00f6nemde al\u0131nan 70 ki\u015fiyle bu say\u0131 2 bin 100\u2019e y\u00fckseldi.<\/p>\n<p style=\"text-align: justify;\"><strong>BUNLAR DA YANGINDAN MAL KA\u00c7IRIRCASINA ALINANLAR<\/strong><\/p>\n<p style=\"text-align: justify;\">Cemil \u00c7i\u00e7ek&#8217;\u0131n Meclis Ba\u015fkan\u0131 olmas\u0131ndan sonra al\u0131nan 70 ki\u015finin b\u00fcy\u00fck b\u00f6l\u00fcm\u00fcN\u00dc, TBMM Te\u015fkilat Yasas\u0131\u2019n\u0131n onay i\u00e7in K\u00f6\u015fk\u2019e g\u00f6nderilmeyerek Meclis\u2019te tutuldu\u011fu d\u00f6nemde yang\u0131ndan mal ka\u00e7\u0131r\u0131rcas\u0131na s\u0131navs\u0131z olarak i\u015fe yerle\u015ftirilenler olu\u015fturuyor.<\/p>\n<p style=\"text-align: justify;\">2002 sonunda 4.500 olan TBMM\u2019deki personel say\u0131s\u0131 bug\u00fcn itibariyle yakla\u015f\u0131k 6 bine y\u00fckseldi.<\/p>\n<p style=\"text-align: justify;\">CHP Manisa Milletvekili Hasan \u00d6ren, TBMM Ba\u015fkan\u0131 Cemil \u00c7i\u00e7ek\u2019e Meclis\u2019e al\u0131nan personel say\u0131s\u0131n\u0131 sordu. \u00d6ren\u2019e, \u00c7i\u00e7ek ad\u0131na TBMM Ba\u015fkanvekili AKPli Mehmet Sa\u011flam yan\u0131t verdi. Sa\u011flam, AKP\u2019nin iktidara geldi\u011fi 20 Aral\u0131k 2002 y\u0131l\u0131nda TBMM Personel Say\u0131s\u0131\u2019n\u0131n 4.491 oldu\u011funu a\u00e7\u0131klad\u0131. Sa\u011flam, bu personelden 2.782\u2019nin kadrolu oldu\u011funu kaydetti.<\/p>\n<p style=\"text-align: justify;\">Sa\u011flam, 1 Ocak 2003 ila 2 Aral\u0131k 2011 tarihleri aras\u0131ndaki yakla\u015f\u0131k 9 y\u0131ll\u0131k AKP iktidarlar\u0131nda toplam 2 bin 21 ki\u015finin i\u015fe al\u0131nd\u0131\u011f\u0131n\u0131 belirtti. Sa\u011flam, bu 2 bin 21 ki\u015fiden 764\u2019n\u00fcn kadrolu olarak g\u00f6reve ba\u015flat\u0131ld\u0131\u011f\u0131n\u0131, 935\u2019nin 4\/C\u2019li oldu\u011funu, 322\u2019sinin ise ba\u015fka kurumlarda \u00e7al\u0131\u015f\u0131rken, Meclis\u2019e ge\u00e7ici olarak geldi\u011fini dile getirdi.<\/p>\n<p style=\"text-align: justify;\"><strong>\u0130\u015eTE TORP\u0130LLE SINAVSIZ ALINANLARIN SAYISI<\/strong><\/p>\n<p style=\"text-align: justify;\">Sa\u011flam\u2019\u0131n s\u00f6z\u00fcn\u00fc etti\u011fi 764 kadroludan s\u0131navla al\u0131nan 147 ki\u015fi \u00e7\u0131kart\u0131ld\u0131\u011f\u0131nda geriye 617 ki\u015fi kal\u0131yor. Milyonlarca \u00fcniversite mezunu devlet kap\u0131s\u0131nda i\u015f bulabilmek i\u00e7in kamu personel s\u0131navlar\u0131nda dirsek \u00e7\u00fcr\u00fct\u00fcrken, bu 617 ki\u015finin tamam\u0131 s\u0131navs\u0131z olarak Meclis\u2019e yerle\u015ftirilenler. Hepsinin AKP\u2019li eski meclis ba\u015fkanlar\u0131 ve AKP\u2019nin di\u011fer ileri gelenlerininin torpilli olanlar oldu\u011fu vurgulan\u0131yor. Bunlardan 300 tanesinin Mehmet Ali \u015eahin&#8217;in TBMM Ba\u015fkanl\u0131\u011f\u0131 s\u0131ras\u0131nda i\u015fe do\u011frudan al\u0131nd\u0131\u011f\u0131 belirtiliyor.<\/p>\n<p style=\"text-align: justify;\"><strong>PERDEC\u0130 VE SOBACI<\/strong><\/p>\n<p style=\"text-align: justify;\">Sa\u011flam\u2019\u0131n verdi\u011fi bilgilere g\u00f6re; TBMM\u2019ye al\u0131nan kadrolular aras\u0131nda, \u201c1 dekorat\u00f6r, 16 mimar, 8 muhabir, 23 rehber, 9 usta, 3 y\u00f6netmen\u201d gibi ilgin\u00e7 meslek \u00e7al\u0131\u015fanlar\u0131 da var. 4\/C\u2019li personel i\u00e7inde de \u201c2 d\u00f6\u015femeci, 2 d\u00fcz ta\u015f\u00e7\u0131, 1 iskeleci, 3 kuaf\u00f6r, 3 meydanc\u0131, 5 pastac\u0131, 12 rehber, 1 saat\u00e7i, 1 soba onar\u0131m ustas\u0131, 2 terzi-perdeci\u201d bulunuyor.<\/p>\n<p style=\"text-align: justify;\">Sa\u011flam, 12 Haziran se\u00e7iminde sonra TBMM Ba\u015fkan\u0131 Cemil \u00c7i\u00e7ek\u2019in 2 Aral\u0131k 2011\u2019e kadar 2\u2019si 4\/C\u2019li olmak \u00fczere toplam 17 personeli i\u015fe ba\u015flatt\u0131\u011f\u0131n\u0131 kaydetti. Sa\u011flam sadece 2 Aral\u0131k 2011\u2019e kadar olan personel al\u0131m\u0131n\u0131 a\u00e7\u0131klarken, s\u0131navla eleman al\u0131m\u0131n\u0131 zorunlu hale getiren TBMM Ba\u015fkanl\u0131\u011f\u0131 \u0130dari Te\u015fkilat Kanunu\u2019nun \u00e7\u0131k\u0131\u015f\u0131 olan 18 Aral\u0131k 2011\u2019e kadar ka\u00e7 ki\u015finin al\u0131nd\u0131\u011f\u0131 ise belirsizli\u011fini koruyor.<\/p>\n<p style=\"text-align: justify;\"><strong>SAYI 6 B\u0130N OLDU<\/strong><\/p>\n<p style=\"text-align: justify;\">Kulislerde bu d\u00f6nemde kadroya al\u0131nan personel say\u0131s\u0131n\u0131n 70\u2019i a\u015ft\u0131\u011f\u0131 dile getiriliyor. B\u00f6ylece AKP iktidar\u0131nda bug\u00fcne kadar yakla\u015f\u0131k 2.100 ki\u015fi Meclis\u2019te i\u015fe al\u0131nd\u0131. Bu arada 20 Kas\u0131m 2002\u2019de 4.491 ki\u015fi olan Meclis personelinin, AKP\u2019nin al\u0131mlar\u0131yla 6.500\u2019\u00fc ge\u00e7ti\u011fi hesaplan\u0131rken, 500\u2019\u00fcn \u00fczerinde \u00e7al\u0131\u015fan\u0131n emekli olmas\u0131 nedeniyle TBMM personeli say\u0131s\u0131n\u0131n yakla\u015f\u0131k 6 bin civar\u0131nda oldu\u011fu belirtiliyor. iki y\u0131ld\u0131r TBMM Ba\u015fkanlar\u0131 Meclis personel say\u0131s\u0131n\u0131 kamuoyuna a\u00e7\u0131klam\u0131yor.<\/p>\n<p style=\"text-align: justify;\"><strong>SINAVLA 147 K\u0130\u015e\u0130<\/strong><\/p>\n<p style=\"text-align: justify;\">Aral\u0131k 2011\u2019de \u00e7\u0131kar\u0131lan TBMM \u0130dari Te\u015fkilat Kanunu ile bundan sonra Meclis\u2019e eleman al\u0131nmas\u0131na s\u0131nav zorunlulu\u011fu getirilirken, 9 y\u0131ll\u0131k AKP iktidar\u0131nda Meclis\u2019te i\u015fe giren 2.100 ki\u015fiden sadece 147\u2019sinin s\u0131navla i\u015fe al\u0131nd\u0131\u011f\u0131 ortaya \u00e7\u0131kt\u0131. Sa\u011flam bu konuda, \u201cTBMM\u2019ye Kamu Personel Se\u00e7me S\u0131nav\u0131yla 137 uzman yard\u0131mc\u0131s\u0131, 10 stenograf yard\u0131mc\u0131s\u0131 olamk \u00fczere toplam 147 ki\u015fi i\u015fe al\u0131nm\u0131\u015ft\u0131r\u201d dedi.<\/p>\n<p style=\"text-align: justify;\"><strong>PERDEC\u0130, SOBACI NORMAL\u00a0<\/strong><\/p>\n<p style=\"text-align: justify;\">Haberler \u00fczerine a\u00e7\u0131klama yapan TBMM Ba\u015fkan\u0131 Cemil \u00c7i\u00e7ek, \u015funlar\u0131 s\u00f6yledi:<\/p>\n<p style=\"text-align: justify;\">&#8220;T\u00fcrkiye B\u00fcy\u00fck Millet Meclisi, yasama ve denetim g\u00f6revinin yan\u0131 s\u0131ra ayn\u0131 zamanda merkez te\u015fkilat\u0131n\u0131n ve Milli Saraylara ba\u011fl\u0131 saray ve k\u00f6\u015fklerin fiziki alanlar\u0131n\u0131n bak\u0131m, onar\u0131m ve temizlik hizmetlerini yapmakla y\u00fck\u00fcml\u00fcd\u00fcr.<\/p>\n<p style=\"text-align: justify;\">TBMM&#8217;ye ba\u011fl\u0131 Milli Saraylar Ba\u015fkanl\u0131\u011f\u0131n\u0131n g\u00f6rev ve sorumluluk alan\u0131nda ba\u015fta Dolmabah\u00e7e ve Beylerbeyi Saray\u0131 olmak \u00fczere 4 kas\u0131r (Aynal\u0131kavak Kasr\u0131, Beykoz Kasr\u0131, Ihlamur Kasr\u0131, K\u00fc\u00e7\u00fcksu Kasr\u0131) 3 k\u00f6\u015fk (Florya Atat\u00fcrk K\u00f6\u015fk\u00fc, Yalova Atat\u00fcrk K\u00f6\u015fk\u00fc, Y\u0131ld\u0131z \u015eale) ve Hereke Hal\u0131 ve Dokuma Fabrikas\u0131 ile Y\u0131ld\u0131z \u00c7ini Fabrikas\u0131 bulunmaktad\u0131r.<\/p>\n<p style=\"text-align: justify;\">Tarihten g\u00fcn\u00fcm\u00fcze intikal eden milli varl\u0131klar\u0131m\u0131z\u0131n bak\u0131m, onar\u0131m ve restorasyon hizmetlerini y\u00fcr\u00fctmek i\u00e7in d\u00fcn oldu\u011fu gibi bug\u00fcn de TBMM&#8217;nin personel ihtiyac\u0131 s\u00f6z konusudur. Ayn\u0131 zamanda m\u00fczecilik hizmeti de verilen bu mekanlar y\u0131lda onbinlerce yerli ve yabanc\u0131 turist taraf\u0131ndan ziyaret edilmektedir.<\/p>\n<p style=\"text-align: justify;\">Bu tarihsel varl\u0131klar\u0131n gelecek ku\u015faklara aktar\u0131labilmesi i\u00e7in ihtiya\u00e7lar do\u011frultusunda rehber, dekorat\u00f6r, mimar, d\u00f6\u015femeci, ta\u015f ustas\u0131, iskeleci, meydanc\u0131, perdeci, saat\u00e7i ve bunlara benzer ustal\u0131k gerektiren sanatk\u00e2r personel \u00e7al\u0131\u015ft\u0131r\u0131lmaktad\u0131r. Bu gibi personel geli\u015fig\u00fczel de\u011fil, nitelikleri do\u011frultusunda se\u00e7ilerek istihdam edilmektedir.<\/p>\n<p style=\"text-align: justify;\">Bug\u00fcnk\u00fc baz\u0131 yay\u0131n organlar\u0131nda yer alan haberler \u00fczerine, kamuoyunun do\u011fru bilgilendirilmesi i\u00e7in bu a\u00e7\u0131klaman\u0131n yap\u0131lmas\u0131 gerekli g\u00f6r\u00fclm\u00fc\u015ft\u00fcr.&#8221;<\/p>\n<p style=\"text-align: justify;\"><a href=\"http:\/\/www.muhalifgazete.com\/28908-Meclis-teki-617-memurun-sirri-.htm\" target=\"_blank\">Kaynak : Muhalif Gazete<\/a><\/p>\n","protected":false},"excerpt":{"rendered":"<p style=\"text-align: center;\">\n<p style=\"text-align: justify;\">AKP iktidar\u0131 d\u00f6neminde TBMM&#8217;ye toplam 2 bin 100 ki\u015finin al\u0131nd\u0131\u011f\u0131 ortaya \u00e7\u0131kt\u0131.<\/p>\n<p style=\"text-align: justify;\">Bunlar\u0131n sadece 147&#8217;si KPSS ile i\u015fe ba\u015flat\u0131l\u0131rken Meclis&#8217;e torpille, hi\u00e7bir s\u0131nava girmeden yerle\u015ftirilenlerin say\u0131s\u0131n\u0131n 617 oldu\u011fu anla\u015f\u0131ld\u0131. AKP d\u00f6neminde 2002 sonunda 4.500 olan TBMM\u2019deki personel say\u0131s\u0131 bug\u00fcn itibariyle 6 bine y\u00fckseldi. <\/p>\n","protected":false},"author":1,"featured_media":0,"comment_status":"open","ping_status":"open","sticky":false,"template":"","format":"standard","meta":{"footnotes":""},"categories":[105],"tags":[],"class_list":["post-45731","post","type-post","status-publish","format-standard","hentry","category-gundem","odd"],"_links":{"self":[{"href":"http:\/\/www.korhanyilmaz.com\/index.php?rest_route=\/wp\/v2\/posts\/45731","targetHints":{"allow":["GET"]}}],"collection":[{"href":"http:\/\/www.korhanyilmaz.com\/index.php?rest_route=\/wp\/v2\/posts"}],"about":[{"href":"http:\/\/www.korhanyilmaz.com\/index.php?rest_route=\/wp\/v2\/types\/post"}],"author":[{"embeddable":true,"href":"http:\/\/www.korhanyilmaz.com\/index.php?rest_route=\/wp\/v2\/users\/1"}],"replies":[{"embeddable":true,"href":"http:\/\/www.korhanyilmaz.com\/index.php?rest_route=%2Fwp%2Fv2%2Fcomments&post=45731"}],"version-history":[{"count":0,"href":"http:\/\/www.korhanyilmaz.com\/index.php?rest_route=\/wp\/v2\/posts\/45731\/revisions"}],"wp:attachment":[{"href":"http:\/\/www.korhanyilmaz.com\/index.php?rest_route=%2Fwp%2Fv2%2Fmedia&parent=45731"}],"wp:term":[{"taxonomy":"category","embeddable":true,"href":"http:\/\/www.korhanyilmaz.com\/index.php?rest_route=%2Fwp%2Fv2%2Fcategories&post=45731"},{"taxonomy":"post_tag","embeddable":true,"href":"http:\/\/www.korhanyilmaz.com\/index.php?rest_route=%2Fwp%2Fv2%2Ftags&post=45731"}],"curies":[{"name":"wp","href":"https:\/\/api.w.org\/{rel}","templated":true}]}}