{"id":45727,"date":"2012-01-02T13:08:49","date_gmt":"2012-01-02T11:08:49","guid":{"rendered":"http:\/\/www.korhanyilmaz.com\/?p=45727"},"modified":"2012-01-03T01:08:31","modified_gmt":"2012-01-02T23:08:31","slug":"bu-haberi-yaparsan-sizi-batiririm","status":"publish","type":"post","link":"http:\/\/www.korhanyilmaz.com\/?p=45727","title":{"rendered":"Bu haberi yaparsan sizi bat\u0131r\u0131r\u0131m&#8230;"},"content":{"rendered":"<p style=\"text-align: center;\"><a href=\"http:\/\/www.korhanyilmaz.com\/wp-content\/uploads\/2012\/01\/8933.jpg\"  class=\"lightview\"><img loading=\"lazy\" decoding=\"async\" class=\"aligncenter  wp-image-45728\" src=\"http:\/\/www.korhanyilmaz.com\/wp-content\/uploads\/2012\/01\/8933.jpg\" alt=\"\" width=\"420\" height=\"210\" \/><\/a><\/p>\n<p style=\"text-align: justify;\">Usuls\u00fcz kredi ald\u0131\u011f\u0131 su\u00e7lamas\u0131yla istifas\u0131 istenen Alman Cumhurba\u015fkan\u0131 Wulff yeni bir skandala imza att\u0131. Kredi haberinin yay\u0131nlanaca\u011f\u0131n\u0131 \u00f6\u011frenen Wulff\u2019un Bild gazetesinin y\u00f6neticisini arayarak \u201cSizi bat\u0131r\u0131r\u0131m\u201d diye tehdit etti\u011fi ortaya \u00e7\u0131kt\u0131.\u00a0<!--more--><\/p>\n<p style=\"text-align: justify;\">Almanya\u2019n\u0131n g\u00fcnlerdir konu\u015ftu\u011fu skandal\u0131, \u00fclkenin en \u00e7ok satan gazetesi Bild ortaya \u00e7\u0131karm\u0131\u015ft\u0131. Gazetenin 13 Aral\u0131k\u2019ta man\u015fetten duyurdu\u011fu habere g\u00f6re, Cumhurba\u015fkan\u0131 Christian Wulff, 2008\u2019de A\u015fa\u011f\u0131 Saksonya Eyaleti Ba\u015fbakan\u0131\u2019yken i\u015f adam\u0131 Egon Geerkens\u2019in e\u015fi Edith Geerkens\u2019ten 500 bin euro \u2018\u00f6zel\u2019 kredi ald\u0131. Tatillerini de i\u015f adamlar\u0131na ait villalarda ge\u00e7iriyordu. Buna kar\u015f\u0131l\u0131k Geerkens dahil olmak \u00fczere bu i\u015f adamlar\u0131na yurtd\u0131\u015f\u0131 ziyaretleri s\u0131ras\u0131nda u\u00e7a\u011f\u0131nda yer veriyordu. O d\u00f6nem eyalet meclisinde kendisine y\u00f6neltilen sorulara \u201cu\u00e7a\u011f\u0131na ald\u0131\u011f\u0131 i\u015f adamlar\u0131yla herhangi bir \u00e7\u0131kar ili\u015fkisi olmad\u0131\u011f\u0131\u201d yan\u0131t\u0131n\u0131 vererek yalan ifade vermi\u015fti.<\/p>\n<p style=\"text-align: justify;\"><strong>\u2018\u0130sterseniz sava\u015f\u0131r\u0131z\u2019\u00a0<\/strong><\/p>\n<p style=\"text-align: justify;\">Gazetenin bu olay\u0131 ortaya \u00e7\u0131karmas\u0131n\u0131n ard\u0131ndan Wulff istifa bask\u0131lar\u0131yla kar\u015f\u0131 kar\u015f\u0131ya kald\u0131. Ancak d\u00fcn S\u00fcddeutsche Zeitung ve Frankfurter Allgemeine Zeitung gazetelerinde yay\u0131nlanan bir haber Wulff\u2019u daha da zor durumda b\u0131rakt\u0131. Haberlere g\u00f6re, Bild gazetesinin kendisi hakk\u0131nda haz\u0131rlad\u0131\u011f\u0131 haberi yay\u0131nlanmadan bir g\u00fcn \u00f6nce \u00f6\u011frenen Wulff, 12 Aral\u0131k\u2019ta resmi ziyaret i\u00e7in bulundu\u011fu Kuveyt\u2019ten gazetenin genel yay\u0131n y\u00f6netmeni Kai Diekmann\u2019\u0131 arad\u0131. Ancak New York\u2019ta bulunan Diekmann\u2019a ula\u015famayan Cumhurba\u015fkan\u0131, gazetecinin telesekreterine bu haberin yay\u0131nlanmamas\u0131n\u0131 isteyen sert bir mesaj b\u0131rakt\u0131. Haberin yay\u0131nlanmas\u0131 halinde Bild\u2019in sahibi Springer-Verlag\u2019\u0131 \u201cbat\u0131rmakla\u201d tehdit eden Wulff \u201cBu gazete bana ve e\u015fime sava\u015f a\u00e7t\u0131. Sava\u015fmak istiyorsan\u0131z bu sava\u015f\u0131n nas\u0131l yap\u0131laca\u011f\u0131n\u0131 size g\u00f6steririm. \u00dclkeye d\u00f6nd\u00fckten sonra benimle \u00f6zel olarak g\u00f6r\u00fc\u015fmeniz gerekli. Ayr\u0131ca haberi yapan gazeteciler de mahkemede bunun hesab\u0131n\u0131 verir\u201d dedi. Alman Der Spiegel dergisinde yer alan bir haberde ise, Wulff\u2019un Diekmann\u2019\u0131 aramas\u0131 sonras\u0131nda gazetenin bu konuda haber yapma hevesini kaybetti\u011fi ileri s\u00fcr\u00fcld\u00fc.<\/p>\n<p style=\"text-align: justify;\"><strong>\u2018Aray\u0131p \u00f6z\u00fcr diledi\u2019\u00a0<\/strong><\/p>\n<p style=\"text-align: justify;\">Ancak bu tehdide ra\u011fmen Bild gazetesi ertesi g\u00fcn haberi yay\u0131nlad\u0131. Cumhurba\u015fkan\u0131\u2019n\u0131n bu etkileme giri\u015fimi konusuna ise haberde yer verilmedi. Habere Bild d\u0131\u015f\u0131ndaki Alman medyas\u0131n\u0131n da ilgi g\u00f6stermesi sonras\u0131nda Wulff\u2019un bir kez daha Diekmann\u2019\u0131 telefonla arayarak daha \u00f6nce s\u00f6yledi\u011fi s\u00f6zlerden dolay\u0131 \u00fcz\u00fcnt\u00fcs\u00fcn\u00fc dile getirdi\u011fi kaydedildi.<\/p>\n<p style=\"text-align: justify;\"><strong>Bild, Wulff\u2019un tehdidini haber yapmad\u0131\u00a0<\/strong><\/p>\n<p style=\"text-align: justify;\">Bild gazetesinin Genel Yay\u0131n Y\u00f6netmeni Kai Diekmann d\u00fcn Alman bas\u0131n\u0131nda yer alan haberlerle ilgili bir a\u00e7\u0131klama yapmad\u0131. Gazete kredi skandal\u0131yla ilgili haberlerinde \u2018tehdit olay\u0131\u2019na yer vermedi.<\/p>\n<p style=\"text-align: justify;\"><strong>\u2018Biliyorum, bana ve e\u015fime sava\u015f a\u00e7t\u0131n\u0131z\u2019\u00a0<\/strong><\/p>\n<p style=\"text-align: justify;\">Christian Wulff\u2019un b\u0131rakt\u0131\u011f\u0131 telesekreter notunda\u201dBana ve e\u015fime sava\u015f a\u00e7t\u0131n\u0131z. size nas\u0131l sava\u015f\u0131l\u0131r g\u00f6sterebilirim. Bu haberi yapanlar hakk\u0131nda su\u00e7 duyurusunda bulunaca\u011f\u0131m\u201d dedi\u011fi \u00f6ne s\u00fcr\u00fcld\u00fc.<\/p>\n<p style=\"text-align: justify;\"><strong>Soru\u015fturma a\u00e7\u0131lmayacak\u00a0<\/strong><\/p>\n<p style=\"text-align: justify;\">Wulff\u2019un Bild gazetesi Genel Yay\u0131n Y\u00f6netmeni Kai Diekmann\u2019\u0131 tehdit etti\u011fi iddialar\u0131 \u00fczerine Cumhurba\u015fkanl\u0131\u011f\u0131 bas\u0131n b\u00fcrosu \u201cCumhurba\u015fkan\u0131 Wulff i\u00e7in bas\u0131n \u00f6zg\u00fcrl\u00fc\u011f\u00fc b\u00fcy\u00fck bir de\u011ferdir. Bug\u00fcne kadar kendine ait ev i\u00e7in ald\u0131\u011f\u0131 kredi ve yapt\u0131\u011f\u0131 tatiller konusunda \u015feffafl\u0131\u011f\u0131 koruyarak a\u00e7\u0131klamalar yapt\u0131 ve y\u00fczlerce soruya yan\u0131t verdi\u201d denildi. A\u00e7\u0131klamada, Cumhurba\u015fkan\u0131\u2019n\u0131n \u00f6zel g\u00f6r\u00fc\u015fmeler ve \u00f6zel telefon g\u00f6r\u00fc\u015fmeleri hakk\u0131nda temelde herhangi bir bilgi vermedi\u011fi ifade edildi. \u00d6te yandan, Hannover Savc\u0131l\u0131\u011f\u0131, yapt\u0131\u011f\u0131 a\u00e7\u0131klamada, Wulff hakk\u0131nda 11 yeni su\u00e7 duyurusunda bulunuldu\u011fu ancak cezai i\u015flem gerektirecek \u015f\u00fcpheli bir durum olmad\u0131\u011f\u0131 gerek\u00e7esiyle soru\u015fturman\u0131n a\u00e7\u0131lmayaca\u011f\u0131n\u0131 belirtti.<\/p>\n<p style=\"text-align: justify;\"><a href=\"http:\/\/haber.gazetevatan.com\/bu-haberi-yaparsan-sizi-batiririm\/421146\/30\/Dunya\" target=\"_blank\">Kaynak : VATAN Gazetesi<\/a><\/p>\n","protected":false},"excerpt":{"rendered":"<p style=\"text-align: center;\">\n<p style=\"text-align: justify;\">Usuls\u00fcz kredi ald\u0131\u011f\u0131 su\u00e7lamas\u0131yla istifas\u0131 istenen Alman Cumhurba\u015fkan\u0131 Wulff yeni bir skandala imza att\u0131. Kredi haberinin yay\u0131nlanaca\u011f\u0131n\u0131 \u00f6\u011frenen Wulff\u2019un Bild gazetesinin y\u00f6neticisini arayarak \u201cSizi bat\u0131r\u0131r\u0131m\u201d diye tehdit etti\u011fi ortaya \u00e7\u0131kt\u0131. <\/p>\n","protected":false},"author":1,"featured_media":0,"comment_status":"open","ping_status":"open","sticky":false,"template":"","format":"standard","meta":{"footnotes":""},"categories":[105],"tags":[],"class_list":["post-45727","post","type-post","status-publish","format-standard","hentry","category-gundem","odd"],"_links":{"self":[{"href":"http:\/\/www.korhanyilmaz.com\/index.php?rest_route=\/wp\/v2\/posts\/45727","targetHints":{"allow":["GET"]}}],"collection":[{"href":"http:\/\/www.korhanyilmaz.com\/index.php?rest_route=\/wp\/v2\/posts"}],"about":[{"href":"http:\/\/www.korhanyilmaz.com\/index.php?rest_route=\/wp\/v2\/types\/post"}],"author":[{"embeddable":true,"href":"http:\/\/www.korhanyilmaz.com\/index.php?rest_route=\/wp\/v2\/users\/1"}],"replies":[{"embeddable":true,"href":"http:\/\/www.korhanyilmaz.com\/index.php?rest_route=%2Fwp%2Fv2%2Fcomments&post=45727"}],"version-history":[{"count":0,"href":"http:\/\/www.korhanyilmaz.com\/index.php?rest_route=\/wp\/v2\/posts\/45727\/revisions"}],"wp:attachment":[{"href":"http:\/\/www.korhanyilmaz.com\/index.php?rest_route=%2Fwp%2Fv2%2Fmedia&parent=45727"}],"wp:term":[{"taxonomy":"category","embeddable":true,"href":"http:\/\/www.korhanyilmaz.com\/index.php?rest_route=%2Fwp%2Fv2%2Fcategories&post=45727"},{"taxonomy":"post_tag","embeddable":true,"href":"http:\/\/www.korhanyilmaz.com\/index.php?rest_route=%2Fwp%2Fv2%2Ftags&post=45727"}],"curies":[{"name":"wp","href":"https:\/\/api.w.org\/{rel}","templated":true}]}}