{"id":45722,"date":"2012-01-02T13:57:16","date_gmt":"2012-01-02T11:57:16","guid":{"rendered":"http:\/\/www.korhanyilmaz.com\/?p=45722"},"modified":"2012-01-03T01:55:36","modified_gmt":"2012-01-02T23:55:36","slug":"elazigda-zincirleme-suc","status":"publish","type":"post","link":"http:\/\/www.korhanyilmaz.com\/?p=45722","title":{"rendered":"Yolsuzlukta 46 \u015f\u00fcpheli"},"content":{"rendered":"<p style=\"text-align: center;\"><a href=\"http:\/\/www.korhanyilmaz.com\/wp-content\/uploads\/2012\/01\/8937.jpg\"  class=\"lightview\"><img loading=\"lazy\" decoding=\"async\" class=\"aligncenter  wp-image-45743\" src=\"http:\/\/www.korhanyilmaz.com\/wp-content\/uploads\/2012\/01\/8937.jpg\" alt=\"\" width=\"322\" height=\"241\" \/><\/a><\/p>\n<p style=\"text-align: justify;\">Cumhuriyet&#8217;in 2011 y\u0131l\u0131n\u0131n ba\u015f\u0131ndan itibaren kamuoyunun g\u00fcndemine ta\u015f\u0131d\u0131\u011f\u0131 Elaz\u0131\u011f Belediyesi&#8217;ndeki yolsuzluk iddialar\u0131yla ilgili &#8217;46 \u015f\u00fcphelinin su\u00e7land\u0131\u011f\u0131&#8217; iddianame mahkemeye sunuldu. Belediye Ba\u015fkan\u0131 M. S\u00fcleyman Selmano\u011flu, &#8216;2005-2010 y\u0131llar\u0131 aras\u0131nda ihaleye fesat kar\u0131\u015ft\u0131rmak ve zincirleme g\u00f6revi k\u00f6t\u00fcye kullanmak&#8217;la su\u00e7lan\u0131yor.\u00a0<!--more--><\/p>\n<p style=\"text-align: justify;\">Cumhuriyet &#8211; Cumhuriyet\u2019in 2011 y\u0131l\u0131n\u0131n ba\u015f\u0131ndan itibaren kamuoyunun g\u00fcndemine ta\u015f\u0131d\u0131\u011f\u0131 AKP\u2019li Elaz\u0131\u011f Belediyesi\u2019ndeki yolsuzluk iddialar\u0131yla ilgili \u201c46 \u015f\u00fcphelinin su\u00e7land\u0131\u011f\u0131\u201d iddianame mahkemeye sunularak dava a\u00e7\u0131ld\u0131. Elaz\u0131\u011f Cumhuriyet Savc\u0131s\u0131 \u0130rfan Sar\u0131c\u0131\u2019n\u0131n haz\u0131rlad\u0131\u011f\u0131 \u201c41 sayfal\u0131k iddianamede\u201d AKP\u2019li Elaz\u0131\u011f Belediye Ba\u015fkan\u0131 M. S\u00fcleyman Selmano\u011flu, \u201c2005-2010 y\u0131llar\u0131 aras\u0131nda ihaleye fesat kar\u0131\u015ft\u0131rmak ve zincirleme g\u00f6revi k\u00f6t\u00fcye kullanmak\u201dla su\u00e7lan\u0131yor. Savc\u0131 Sar\u0131c\u0131 iddianamesinde, \u201csu\u00e7tan zarar g\u00f6ren\u201d b\u00f6l\u00fcm\u00fcne ise \u201cElaz\u0131\u011f Belediyesi\u201d yazd\u0131.<\/p>\n<p style=\"text-align: justify;\">2005-2010 y\u0131llar\u0131 aras\u0131nda belediye y\u00f6netimince ger\u00e7ekle\u015ftirilen ihalelerde on milyonlarca liral\u0131k yolsuzluk yap\u0131ld\u0131\u011f\u0131 iddias\u0131 m\u00fclkiye m\u00fcfetti\u015fi ve bilirki\u015fi raporlar\u0131na dayan\u0131larak iddianamede yer ald\u0131.<\/p>\n<p style=\"text-align: justify;\">Selmano\u011flu\u2019nun da aralar\u0131nda bulundu\u011fu 46 \u015f\u00fcpheli i\u00e7inde en dikkat \u00e7eken di\u011fer isimler, ge\u00e7en d\u00f6nem AKP Elaz\u0131\u011f Milletvekili olan Tahir \u00d6zt\u00fcrk\u2019\u00fcn karde\u015fleri Metin \u00d6zt\u00fcrk ve Suat \u00d6zt\u00fcrk. \u00d6zt\u00fcrk karde\u015flerin ismi iddianamede \u201csu\u00e7 tarihi itibar\u0131yla\u201d AKP Elaz\u0131\u011f Milletvekili \u00d6zt\u00fcrk\u2019\u00fcn eskiden sahibi oldu\u011fu aile \u015firketi \u201cHazar Limited \u015eirketi\u201d ve \u201c\u00d6zt\u00fcrk Limited \u015eirketi\u201dnin yetkilileri olarak ge\u00e7iyor.<\/p>\n<p style=\"text-align: justify;\">Savc\u0131n\u0131n iddianamesinde yer verdi\u011fi m\u00fclkiye m\u00fcfetti\u015flerinin haz\u0131rlad\u0131\u011f\u0131 raporlarda \u015f\u00fcpheli bulunan ihalelerin b\u00fcy\u00fck bir b\u00f6l\u00fcm\u00fcn\u00fc bu \u015firketlerin ald\u0131\u011f\u0131na at\u0131f yap\u0131l\u0131yor.<\/p>\n<p style=\"text-align: justify;\">Savc\u0131 Sar\u0131c\u0131, AKP\u2019li Elaz\u0131\u011f Belediyesi\u2019yle ilgili yolsuzluk iddialar\u0131yla ilgili y\u00fcr\u00fctt\u00fc\u011f\u00fc soru\u015fturmay\u0131 tamamlayarak haz\u0131rlad\u0131\u011f\u0131 iddianameyi 2 Aral\u0131k 2011 tarihinde Elaz\u0131\u011f Cumhuriyet Ba\u015fsavc\u0131l\u0131\u011f\u0131\u2019na sundu. 1. A\u011f\u0131r Ceza Mahkemesi iddianameyi iade etti.<\/p>\n<p style=\"text-align: justify;\"><strong>Savc\u0131dan karara itiraz\u00a0<\/strong><\/p>\n<p style=\"text-align: justify;\">Savc\u0131 Sar\u0131c\u0131 bir \u00fcst mahkemeye ba\u015fvurarak bu karara itiraz etti. 2. A\u011f\u0131r Ceza Mahkemesi Savc\u0131 Sar\u0131c\u0131\u2019n\u0131n itiraz\u0131n\u0131 kabul etti. \u00dcst mahkemenin iddianameyi kabul etmesiyle Elaz\u0131\u011f\u2019daki dava s\u00fcreci ba\u015flam\u0131\u015f oldu. \u0130tiraz\u0131 kabul eden Elaz\u0131\u011f 2. A\u011f\u0131r Ceza Mahkemesi iddianameyi 1. A\u011f\u0131r Ceza\u2019ya g\u00f6nderdi.<\/p>\n<p style=\"text-align: justify;\">\u0130ddianamesinde 46 \u015f\u00fcphelinin ismine yer veren Sar\u0131c\u0131, yolsuzluk davas\u0131yla ilgili delillerini, \u201c\u0130ddia, denetim raporlar\u0131, m\u00fcfetti\u015f raporlar\u0131, bilirki\u015fi raporlar\u0131, \u0130\u00e7i\u015fleri Bakanl\u0131\u011f\u0131\u2019n\u0131n soru\u015fturma izni kararlar\u0131, Dan\u0131\u015ftay kararlar\u0131, \u015f\u00fcpheli savunmalar\u0131, tan\u0131k beyanlar\u0131, birle\u015fme ve ay\u0131rma kararlar\u0131\u201d olarak s\u0131ralad\u0131.<\/p>\n<p style=\"text-align: justify;\">\u0130ddianamade \u00f6nemli raporlara yer veren Sar\u0131c\u0131, \u201c\u015e\u00fcphelilerin mahkemenizce yarg\u0131lamalar\u0131n\u0131n yap\u0131larak \u00fczerlerine at\u0131l\u0131 eylemlerine uyan su\u00e7lardan belirtilen sevk maddeleri uyar\u0131nca ayr\u0131 ayr\u0131 cezaland\u0131r\u0131lmalar\u0131na, haklar\u0131nda her bir cezalar\u0131 i\u00e7in tedbir karar\u0131 uygulanmas\u0131na, dosyada mevcut Elaz\u0131\u011f belediyesi ihale dosyalar\u0131 as\u0131llar\u0131n\u0131n karar kesinle\u015fti\u011finde bu kuruma iadesine, onayl\u0131 \u00f6rneklerinin dosyada delil olarak saklanmas\u0131na karar verilmesini\u201d kamu ad\u0131na talep etti.<\/p>\n<p style=\"text-align: justify;\"><a href=\"http:\/\/www.cumhuriyet.com.tr\/?hn=304812\" target=\"_blank\">Kaynak : Aykut K\u00fc\u00e7\u00fckkaya &#8211; Cumhuriyet Haber Portal\u0131<\/a><\/p>\n","protected":false},"excerpt":{"rendered":"<p style=\"text-align: center;\">\n<p style=\"text-align: justify;\">Cumhuriyet&#8217;in 2011 y\u0131l\u0131n\u0131n ba\u015f\u0131ndan itibaren kamuoyunun g\u00fcndemine ta\u015f\u0131d\u0131\u011f\u0131 Elaz\u0131\u011f Belediyesi&#8217;ndeki yolsuzluk iddialar\u0131yla ilgili &#8217;46 \u015f\u00fcphelinin su\u00e7land\u0131\u011f\u0131&#8217; iddianame mahkemeye sunuldu. Belediye Ba\u015fkan\u0131 M. S\u00fcleyman Selmano\u011flu, &#8216;2005-2010 y\u0131llar\u0131 aras\u0131nda ihaleye fesat kar\u0131\u015ft\u0131rmak ve zincirleme g\u00f6revi k\u00f6t\u00fcye kullanmak&#8217;la su\u00e7lan\u0131yor. <\/p>\n","protected":false},"author":1,"featured_media":0,"comment_status":"open","ping_status":"open","sticky":false,"template":"","format":"standard","meta":{"footnotes":""},"categories":[105],"tags":[625],"class_list":["post-45722","post","type-post","status-publish","format-standard","hentry","category-gundem","tag-m-suleyman-selmanoglu","odd"],"_links":{"self":[{"href":"http:\/\/www.korhanyilmaz.com\/index.php?rest_route=\/wp\/v2\/posts\/45722","targetHints":{"allow":["GET"]}}],"collection":[{"href":"http:\/\/www.korhanyilmaz.com\/index.php?rest_route=\/wp\/v2\/posts"}],"about":[{"href":"http:\/\/www.korhanyilmaz.com\/index.php?rest_route=\/wp\/v2\/types\/post"}],"author":[{"embeddable":true,"href":"http:\/\/www.korhanyilmaz.com\/index.php?rest_route=\/wp\/v2\/users\/1"}],"replies":[{"embeddable":true,"href":"http:\/\/www.korhanyilmaz.com\/index.php?rest_route=%2Fwp%2Fv2%2Fcomments&post=45722"}],"version-history":[{"count":0,"href":"http:\/\/www.korhanyilmaz.com\/index.php?rest_route=\/wp\/v2\/posts\/45722\/revisions"}],"wp:attachment":[{"href":"http:\/\/www.korhanyilmaz.com\/index.php?rest_route=%2Fwp%2Fv2%2Fmedia&parent=45722"}],"wp:term":[{"taxonomy":"category","embeddable":true,"href":"http:\/\/www.korhanyilmaz.com\/index.php?rest_route=%2Fwp%2Fv2%2Fcategories&post=45722"},{"taxonomy":"post_tag","embeddable":true,"href":"http:\/\/www.korhanyilmaz.com\/index.php?rest_route=%2Fwp%2Fv2%2Ftags&post=45722"}],"curies":[{"name":"wp","href":"https:\/\/api.w.org\/{rel}","templated":true}]}}