{"id":45718,"date":"2012-01-02T23:54:41","date_gmt":"2012-01-02T21:54:41","guid":{"rendered":"http:\/\/www.korhanyilmaz.com\/?p=45718"},"modified":"2012-01-03T00:31:55","modified_gmt":"2012-01-02T22:31:55","slug":"uluderede-kasit-yok-tazminat-var","status":"publish","type":"post","link":"http:\/\/www.korhanyilmaz.com\/?p=45718","title":{"rendered":"Uludere&#8217;de kas\u0131t yok, tazminat var"},"content":{"rendered":"<p style=\"text-align: center;\"><a href=\"http:\/\/www.korhanyilmaz.com\/wp-content\/uploads\/2012\/01\/8931.jpg\"  class=\"lightview\"><img loading=\"lazy\" decoding=\"async\" class=\"aligncenter  wp-image-45719\" src=\"http:\/\/www.korhanyilmaz.com\/wp-content\/uploads\/2012\/01\/8931.jpg\" alt=\"\" width=\"307\" height=\"236\" \/><\/a><\/p>\n<p style=\"text-align: justify;\">Bakanlar Kurulu toplant\u0131s\u0131ndan sonra a\u00e7\u0131klama yapan H\u00fck\u00fcmet S\u00f6zc\u00fcs\u00fc B\u00fclent Ar\u0131n\u00e7, 35 ki\u015finin hayat\u0131n\u0131 kaybetti\u011fi Uludere&#8217;deki \u00f6l\u00fcmler i\u00e7in &#8220;kas\u0131t yoktur&#8221; a\u00e7\u0131klamas\u0131nda bulundu. Ar\u0131n\u00e7, hayat\u0131n\u0131 kaybedenlerin yak\u0131nlar\u0131na tazminat \u00f6denece\u011fini belirtti.\u00a0<!--more--><\/p>\n<p style=\"text-align: justify;\">Ba\u015fbakanl\u0131k Yeni Bina&#8217;da yap\u0131lan Ba\u015fbakan Recep Tayyip Erdo\u011fan ba\u015fkanl\u0131\u011f\u0131nda toplanan Bakanlar Kurulu toplant\u0131s\u0131 yakla\u015f\u0131k 6 bu\u00e7uk saat s\u00fcrd\u00fc.<\/p>\n<p style=\"text-align: justify;\">Toplant\u0131 sonras\u0131nda kameralar kar\u015f\u0131s\u0131na ge\u00e7en Ba\u015fbakan Yard\u0131mc\u0131s\u0131 ve H\u00fck\u00fcmet S\u00f6zc\u00fcs\u00fc B\u00fclent Ar\u0131n\u00e7, Irak s\u0131n\u0131r\u0131nda 35 ki\u015finin hayat\u0131n\u0131 kaybetti\u011fi olayda, bi kas\u0131t\u0131n olmad\u0131\u011f\u0131n\u0131 belirtirken, soru\u015fturma a\u00e7\u0131ld\u0131\u011f\u0131n\u0131 ifade etti.<\/p>\n<p style=\"text-align: justify;\">Ar\u0131n\u00e7 \u015funlar\u0131 s\u00f6yledi: &#8220;Bu olay sonras\u0131nda yap\u0131labilecek en ac\u0131mas\u0131z yarg\u0131, bunun kas\u0131tl\u0131 olarak yap\u0131labilece\u011fidir. Bu konuda maalesef baz\u0131 medya organlar\u0131 sorumsuz ve tahrik edici ba\u015fl\u0131klarla bunu s\u00f6ylemi\u015flerdir. Do\u011frusu, bunu kesinlikle reddediyoruz. H\u00fck\u00fcmetimiz, Silahl\u0131 Kuvvetler ve g\u00fcvenlik g\u00fc\u00e7leri b\u00f6ylesine bir eylemi yapmazlar. Yapamazlar, b\u00f6yle bir zihniyet hi\u00e7bir zaman ta\u015f\u0131mazlar. Olayda kesinlikle kas\u0131t s\u00f6z konusu de\u011fildir. Bunu ortaya atanlar sadece bir tak\u0131m duyumlar\u0131 bir tak\u0131m varsay\u0131mlar\u0131 ortaya koyuyorlar.<\/p>\n<p style=\"text-align: justify;\">Ancak kas\u0131t olmasa bile bir ihmalin ve zafiyetin s\u00f6z konusu olup olamayaca\u011f\u0131 konusunda incelemeler devam etmektedir. Bildi\u011finiz gibi her \u00f6l\u00fcml\u00fc olaydan sonra adli soru\u015fturma yap\u0131lmaktad\u0131r. Savc\u0131lar mutlaka bir soru\u015fturma a\u00e7maktad\u0131r. Bu kez de, \u015e\u0131rnak Cumhuriyet Ba\u015fsavc\u0131l\u0131\u011f\u0131 taraf\u0131ndan Uludere Savc\u0131l\u0131\u011f\u0131 ile irtibatl\u0131 olarak olay \u00fczerinde bir adli soru\u015fturma ba\u015flat\u0131lm\u0131\u015f bulunmaktad\u0131r. Ayr\u0131ca Genelkurmay Ba\u015fkanl\u0131\u011f\u0131m\u0131z taraf\u0131ndan da adli ve idari incelemelerin yap\u0131ld\u0131\u011f\u0131 bilinmektedir.&#8221;<\/p>\n<p style=\"text-align: justify;\"><strong>Tazminat \u00f6denecek\u00a0<\/strong><\/p>\n<p style=\"text-align: justify;\">Ar\u0131n\u00e7, \u00f6len 35 ki\u015finin yak\u0131nlar\u0131na tazminat \u00f6denece\u011fini dile getirirken, &#8220;Elbette yak\u0131nlar\u0131na kar\u015f\u0131, hayatta kalanlara kar\u015f\u0131 h\u00fck\u00fcmetimizin yapaca\u011f\u0131 \u00e7ok b\u00fcy\u00fck i\u015fler var. Bunlardan bir tanesi esasen kanunlarla da h\u00fck\u00fcm alt\u0131na al\u0131nan tazminat \u00f6denmesidir. Bu derhal birka\u00e7 g\u00fcn i\u00e7inde ger\u00e7ekle\u015ftirilecektir. Onun d\u0131\u015f\u0131nda da ayr\u0131ca \u00f6zel baz\u0131 imkanlarla \u00f6lenlerimizin en yak\u0131nlar\u0131na, ailelerine, onlar\u0131n g\u00f6z ya\u015flar\u0131n\u0131 dirdirmese bile en az\u0131ndan kucakla\u015fmam\u0131za vesile olabilecek ad\u0131mlar da at\u0131lacakt\u0131r&#8221; dedi.<\/p>\n<p style=\"text-align: justify;\"><a href=\"http:\/\/www.cnnturk.com\/2012\/turkiye\/01\/02\/uluderede.kasit.yok.tazminat.var\/643036.0\/index.html\" target=\"_blank\">Kaynak : CNN T\u00dcRK<\/a><\/p>\n","protected":false},"excerpt":{"rendered":"<p style=\"text-align: center;\">\n<p style=\"text-align: justify;\">Bakanlar Kurulu toplant\u0131s\u0131ndan sonra a\u00e7\u0131klama yapan H\u00fck\u00fcmet S\u00f6zc\u00fcs\u00fc B\u00fclent Ar\u0131n\u00e7, 35 ki\u015finin hayat\u0131n\u0131 kaybetti\u011fi Uludere&#8217;deki \u00f6l\u00fcmler i\u00e7in &#8220;kas\u0131t yoktur&#8221; a\u00e7\u0131klamas\u0131nda bulundu. Ar\u0131n\u00e7, hayat\u0131n\u0131 kaybedenlerin yak\u0131nlar\u0131na tazminat \u00f6denece\u011fini belirtti. <\/p>\n","protected":false},"author":1,"featured_media":0,"comment_status":"open","ping_status":"open","sticky":false,"template":"","format":"standard","meta":{"footnotes":""},"categories":[105],"tags":[],"class_list":["post-45718","post","type-post","status-publish","format-standard","hentry","category-gundem","odd"],"_links":{"self":[{"href":"http:\/\/www.korhanyilmaz.com\/index.php?rest_route=\/wp\/v2\/posts\/45718","targetHints":{"allow":["GET"]}}],"collection":[{"href":"http:\/\/www.korhanyilmaz.com\/index.php?rest_route=\/wp\/v2\/posts"}],"about":[{"href":"http:\/\/www.korhanyilmaz.com\/index.php?rest_route=\/wp\/v2\/types\/post"}],"author":[{"embeddable":true,"href":"http:\/\/www.korhanyilmaz.com\/index.php?rest_route=\/wp\/v2\/users\/1"}],"replies":[{"embeddable":true,"href":"http:\/\/www.korhanyilmaz.com\/index.php?rest_route=%2Fwp%2Fv2%2Fcomments&post=45718"}],"version-history":[{"count":0,"href":"http:\/\/www.korhanyilmaz.com\/index.php?rest_route=\/wp\/v2\/posts\/45718\/revisions"}],"wp:attachment":[{"href":"http:\/\/www.korhanyilmaz.com\/index.php?rest_route=%2Fwp%2Fv2%2Fmedia&parent=45718"}],"wp:term":[{"taxonomy":"category","embeddable":true,"href":"http:\/\/www.korhanyilmaz.com\/index.php?rest_route=%2Fwp%2Fv2%2Fcategories&post=45718"},{"taxonomy":"post_tag","embeddable":true,"href":"http:\/\/www.korhanyilmaz.com\/index.php?rest_route=%2Fwp%2Fv2%2Ftags&post=45718"}],"curies":[{"name":"wp","href":"https:\/\/api.w.org\/{rel}","templated":true}]}}