{"id":45706,"date":"2012-01-02T23:55:55","date_gmt":"2012-01-02T21:55:55","guid":{"rendered":"http:\/\/www.korhanyilmaz.com\/?p=45706"},"modified":"2012-01-03T00:01:36","modified_gmt":"2012-01-02T22:01:36","slug":"intibak-yasasina-imzalar-atildi","status":"publish","type":"post","link":"http:\/\/www.korhanyilmaz.com\/?p=45706","title":{"rendered":"\u0130ntibak Yasas\u0131&#8217;na imzalar at\u0131ld\u0131"},"content":{"rendered":"<p style=\"text-align: center;\"><a href=\"http:\/\/www.korhanyilmaz.com\/wp-content\/uploads\/2012\/01\/8928.jpg\"  class=\"lightview\"><img loading=\"lazy\" decoding=\"async\" class=\"aligncenter  wp-image-45707\" src=\"http:\/\/www.korhanyilmaz.com\/wp-content\/uploads\/2012\/01\/8928.jpg\" alt=\"\" width=\"328\" height=\"197\" \/><\/a><\/p>\n<p style=\"text-align: justify;\">H\u00fck\u00fcmet S\u00f6zc\u00fcs\u00fc ve Ba\u015fbakan Yard\u0131mc\u0131s\u0131 B\u00fclent Ar\u0131n\u00e7, mamuoyunda \u0130ntibak Yasas\u0131 olarak bilinen tasla\u011f\u0131n ve Kamu G\u00f6revlileri Sendikalar\u0131 ve Toplu S\u00f6zle\u015fme Kanun Tasar\u0131s\u0131 tasla\u011f\u0131n\u0131n Bakanlar Kurulu&#8217;nda kabul edilerek imza alt\u0131na al\u0131nd\u0131\u011f\u0131n\u0131 bildirdi.<\/p>\n<p style=\"text-align: justify;\">Ar\u0131n\u00e7, Bakanlar Kurulu&#8217;nun ard\u0131ndan a\u00e7\u0131klamalarda bulundu.\u00a0<!--more--><\/p>\n<p style=\"text-align: justify;\">Pek \u00e7ok kesimi ilgilendiren, \u00e7al\u0131\u015fanlar aras\u0131nda &#8220;\u0130ntibak Yasas\u0131&#8221; olarak adland\u0131r\u0131lan konu hakk\u0131nda da \u00c7al\u0131\u015fma ve Sosyal G\u00fcvenlik Bakan\u0131 Faruk \u00c7elik&#8217;in, haz\u0131rlanan tasla\u011f\u0131 Bakanlar Kuruluna sundu\u011funu ifade eden Ar\u0131n\u00e7, tasla\u011f\u0131n Bakanlar Kurulunca kabul edilerek imza alt\u0131na al\u0131nd\u0131\u011f\u0131n\u0131 belirtti.<\/p>\n<p style=\"text-align: justify;\">Ar\u0131n\u00e7, \u015funlar\u0131 kaydetti: &#8220;Y\u0131llardan beri s\u00fcr\u00fcncemede kalan ve h\u00fck\u00fcmetimiz taraf\u0131ndan ele al\u0131narak bir an \u00f6nce kanunla\u015ft\u0131r\u0131lmas\u0131n\u0131 istedi\u011fimiz, emeklilerin farkl\u0131 stat\u00fclerde farkl\u0131 maa\u015f almalar\u0131 ve refah pay\u0131 \u00f6denmemi\u015f kesimlerin intibaklar\u0131n\u0131n yap\u0131larak gelirlerinin art\u0131r\u0131lmas\u0131 hedeflenmektedir. Bu tasar\u0131m\u0131z\u0131n ana \u00f6zeti 2000 y\u0131l\u0131 \u00f6ncesinde ba\u011flanan malull\u00fck, ya\u015fl\u0131l\u0131k ve \u00f6l\u00fcm ayl\u0131klar\u0131n\u0131n prim \u00f6deme g\u00fcn say\u0131lar\u0131 \u00fczerinden ve geli\u015fme pay\u0131, yani refah pay\u0131 da dikkate al\u0131narak yeniden hesaplanmas\u0131 \u00f6ng\u00f6r\u00fclmektedir. Say\u0131sal olarak bunun 2,5 milyon civar\u0131nda oldu\u011fu biliniyor.<\/p>\n<p style=\"text-align: justify;\">Yine \u00c7al\u0131\u015fma ve Sosyal G\u00fcvenlik Bakan\u0131m\u0131z taraf\u0131ndan takdim edilen bir di\u011fer taslak da g\u00f6r\u00fc\u015f\u00fcld\u00fc ve kabul edildi. Bu da 12 Eyl\u00fcl 2010 tarihinde kabul edilen anayasa de\u011fi\u015fikli\u011fiyle Kamu G\u00f6revlileri Sendikalar\u0131n\u0131n art\u0131k toplu g\u00f6r\u00fc\u015fme de\u011fil, toplu s\u00f6zle\u015fme yapacaklar\u0131 ger\u00e7ekle\u015ftirilmi\u015fti. Bunun yasal dayana\u011f\u0131n\u0131 taslak haline getirdiler Say\u0131n Bakan\u0131m\u0131z takdim ettiler. Bu da imzaland\u0131. Kamu G\u00f6revlileri Sendikalar\u0131 ve Toplu S\u00f6zle\u015fme Kanun Tasar\u0131s\u0131 tasla\u011f\u0131 da TBMM&#8217;ye sevk edilmek \u00fczere karar alt\u0131na al\u0131nd\u0131.&#8221;<\/p>\n<p style=\"text-align: justify;\"><a href=\"http:\/\/www.cnnturk.com\/2012\/ekonomi\/genel\/01\/02\/intibak.yasasina.imzalar.atildi\/643037.0\/index.html\" target=\"_blank\">Kaynak : CNN T\u00dcRK<\/a><\/p>\n","protected":false},"excerpt":{"rendered":"<p style=\"text-align: center;\">\n<p style=\"text-align: justify;\">H\u00fck\u00fcmet S\u00f6zc\u00fcs\u00fc ve Ba\u015fbakan Yard\u0131mc\u0131s\u0131 B\u00fclent Ar\u0131n\u00e7, mamuoyunda \u0130ntibak Yasas\u0131 olarak bilinen tasla\u011f\u0131n ve Kamu G\u00f6revlileri Sendikalar\u0131 ve Toplu S\u00f6zle\u015fme Kanun Tasar\u0131s\u0131 tasla\u011f\u0131n\u0131n Bakanlar Kurulu&#8217;nda kabul edilerek imza alt\u0131na al\u0131nd\u0131\u011f\u0131n\u0131 bildirdi.<\/p>\n<p style=\"text-align: justify;\">Ar\u0131n\u00e7, Bakanlar Kurulu&#8217;nun ard\u0131ndan a\u00e7\u0131klamalarda bulundu. <\/p>\n","protected":false},"author":1,"featured_media":0,"comment_status":"open","ping_status":"open","sticky":false,"template":"","format":"standard","meta":{"footnotes":""},"categories":[105],"tags":[],"class_list":["post-45706","post","type-post","status-publish","format-standard","hentry","category-gundem","odd"],"_links":{"self":[{"href":"http:\/\/www.korhanyilmaz.com\/index.php?rest_route=\/wp\/v2\/posts\/45706","targetHints":{"allow":["GET"]}}],"collection":[{"href":"http:\/\/www.korhanyilmaz.com\/index.php?rest_route=\/wp\/v2\/posts"}],"about":[{"href":"http:\/\/www.korhanyilmaz.com\/index.php?rest_route=\/wp\/v2\/types\/post"}],"author":[{"embeddable":true,"href":"http:\/\/www.korhanyilmaz.com\/index.php?rest_route=\/wp\/v2\/users\/1"}],"replies":[{"embeddable":true,"href":"http:\/\/www.korhanyilmaz.com\/index.php?rest_route=%2Fwp%2Fv2%2Fcomments&post=45706"}],"version-history":[{"count":0,"href":"http:\/\/www.korhanyilmaz.com\/index.php?rest_route=\/wp\/v2\/posts\/45706\/revisions"}],"wp:attachment":[{"href":"http:\/\/www.korhanyilmaz.com\/index.php?rest_route=%2Fwp%2Fv2%2Fmedia&parent=45706"}],"wp:term":[{"taxonomy":"category","embeddable":true,"href":"http:\/\/www.korhanyilmaz.com\/index.php?rest_route=%2Fwp%2Fv2%2Fcategories&post=45706"},{"taxonomy":"post_tag","embeddable":true,"href":"http:\/\/www.korhanyilmaz.com\/index.php?rest_route=%2Fwp%2Fv2%2Ftags&post=45706"}],"curies":[{"name":"wp","href":"https:\/\/api.w.org\/{rel}","templated":true}]}}