{"id":45702,"date":"2012-01-02T18:14:19","date_gmt":"2012-01-02T16:14:19","guid":{"rendered":"http:\/\/www.korhanyilmaz.com\/?p=45702"},"modified":"2012-01-02T23:54:57","modified_gmt":"2012-01-02T21:54:57","slug":"muhalefetin-susturulmasi-iddiasina-yalanlama","status":"publish","type":"post","link":"http:\/\/www.korhanyilmaz.com\/?p=45702","title":{"rendered":"&#8220;Muhalefetin susturulmas\u0131&#8221; iddias\u0131na yalanlama"},"content":{"rendered":"<p style=\"text-align: justify;\"><a href=\"http:\/\/www.korhanyilmaz.com\/wp-content\/uploads\/2012\/01\/8927.jpg\"  class=\"lightview\"><img loading=\"lazy\" decoding=\"async\" class=\"aligncenter size-full wp-image-45703\" title=\"\" src=\"http:\/\/www.korhanyilmaz.com\/wp-content\/uploads\/2012\/01\/8927.jpg\" alt=\"\" width=\"349\" height=\"189\" \/><\/a><\/p>\n<p style=\"text-align: justify;\">AK Parti Grup Ba\u015fkanvekili Nurettin Canikli, \u0130\u00e7t\u00fcz\u00fckte de\u011fi\u015fiklik teklifinin muhalefetin konu\u015fma s\u00fcresinin k\u0131salt\u0131lmas\u0131 gibi bir ama\u00e7 ta\u015f\u0131mad\u0131\u011f\u0131n\u0131 s\u00f6yledi.<\/p>\n<p style=\"text-align: justify;\">Canikli, Mecliste d\u00fczenledi\u011fi bas\u0131n toplant\u0131s\u0131nda, TBMM \u0130\u00e7t\u00fcz\u00fc\u011f\u00fcne ili\u015fkin verdikleri de\u011fi\u015fiklik teklifi ile muhalefetin konu\u015fma s\u00fcresinin k\u0131s\u0131lmas\u0131n\u0131n hedeflendi\u011fi y\u00f6n\u00fcndeki de\u011ferlendirmelerin ger\u00e7e\u011fi yans\u0131tmad\u0131\u011f\u0131n\u0131 belirtti. Hi\u00e7bir \u015fekilde muhalefetin konu\u015fma s\u00fcresinin k\u0131salt\u0131lmas\u0131 gibi bir hedeflerinin olmad\u0131\u011f\u0131n\u0131 ifade eden Canikli, &#8220;Amac\u0131m\u0131z, Mecliste daha etkin bir \u00e7al\u0131\u015fma y\u00f6ntemini olu\u015fturmak, verimlili\u011fi art\u0131rmak ve \u00e7al\u0131\u015fmay\u0131 engelleyen ya da suistimal edilen baz\u0131 d\u00fczenlemelere netlik kazand\u0131rmakt\u0131r&#8221; dedi.\u00a0<!--more--><\/p>\n<p style=\"text-align: justify;\">S\u00f6z konusu teklifte, H\u00fck\u00fcmetin g\u00fcndem d\u0131\u015f\u0131 konu\u015fmalara cevap hakk\u0131nda bir s\u00fcre k\u0131s\u0131tlamas\u0131 oldu\u011funu anlatan Canikli, &#8220;Yani bu pakette, tek tarafl\u0131 olarak sadece H\u00fck\u00fcmetin aleyhine konu\u015fma s\u00fcresinin k\u0131s\u0131tlanmas\u0131 s\u00f6z konusu. Bunun d\u0131\u015f\u0131nda, muhalefeti hedefleyen bir d\u00fczenleme s\u00f6z konusu de\u011fildir&#8221; diye konu\u015ftu.<\/p>\n<p style=\"text-align: justify;\">\u0130\u00e7t\u00fcz\u00fckteki baz\u0131 kurallar\u0131n yo\u011fun bir \u015fekilde suistimal edildi\u011fini ifade eden ve buna ili\u015fkin tutanaklardan \u00f6rnekler veren Canikli, \u015f\u00f6yle devam etti: &#8220;\u00d6zellikle grup \u00f6nerileri yoluyla baz\u0131 g\u00fcnler biz g\u00fcndeme dahi ge\u00e7emedik. \u00c7ok\u00e7a suistimal edilen alanlardan biri de acil durumlarda milletvekiline bulundu\u011fu yerden s\u00f6z verilmesine imkan tan\u0131yan \u0130\u00e7t\u00fcz\u00fc\u011f\u00fcn 60.<\/p>\n<p style=\"text-align: justify;\">maddesi. Engelleme ama\u00e7l\u0131 kullan\u0131yor. Oysa Meclisin temel amac\u0131 denetim ve yasama faaliyetidir.<\/p>\n<p style=\"text-align: justify;\">Teklife g\u00f6re, Dan\u0131\u015fma Kurulunun oy birli\u011fi ile karar ald\u0131\u011f\u0131 durumlarda g\u00f6r\u00fc\u015fme yap\u0131lmayacak. Burada iktidar i\u00e7in de muhalefet i\u00e7in de ayn\u0131 uygulama s\u00f6z konusu. Muhalefetin engelleme taktikleri nedeniyle Meclisin \u00e7al\u0131\u015fma saatleri de uzuyor. Uzun \u00e7al\u0131\u015fma s\u00fcresi yine muhalefet taraf\u0131ndan ele\u015ftiriliyor. Teklifle, Meclisin \u00e7al\u0131\u015fma saatlerini de 2 saat uzat\u0131yoruz. Bu, g\u00f6r\u00fc\u015fmelerin Meclis Televizyonunda yay\u0131nlanma s\u00fcresinin de uzat\u0131lmas\u0131 anlam\u0131na geliyor.<\/p>\n<p style=\"text-align: justify;\">Mevcut d\u00fczenlemeye g\u00f6re, karar yeter say\u0131s\u0131n\u0131 tek bir milletvekili isteyebiliyor. Bu i\u015fin daha ciddi yap\u0131lmas\u0131n\u0131 temin etmek amac\u0131yla teklifte 15 milletvekilinin talep etmesi \u015fart\u0131n\u0131 getiriyoruz. Teklifle, Meclisteki huzuru zedeleyen, tart\u0131\u015fmalara yol a\u00e7an baz\u0131 materyallerin Genel Kurula getirilmesi de ortadan kald\u0131r\u0131l\u0131yor. Daha rahat \u00e7al\u0131\u015f\u0131labilen, gerginli\u011fin olmad\u0131\u011f\u0131, bir Meclis istiyoruz. S\u00fckunetle \u00e7al\u0131\u015fal\u0131m, gergin olmas\u0131n, sinirler, \u015fekerler, tansiyonlar y\u00fckselmesin istiyoruz.&#8221;<\/p>\n<p style=\"text-align: justify;\">Muhalefetin daha \u00e7ok konu\u015fmas\u0131 gerekti\u011fine samimiyetle inand\u0131klar\u0131n\u0131 bildiren Canikli, teklifin ge\u00e7mesi halinde, kanun teklifi ya da tasar\u0131s\u0131 \u00fczerinde yap\u0131lacak g\u00f6r\u00fc\u015fmelerde yine en \u00e7ok konu\u015fan taraf\u0131n muhalefet olaca\u011f\u0131n\u0131, ancak bu arada Meclisin esas fonksiyonunu yerine getirece\u011fini vurgulad\u0131.<\/p>\n<p style=\"text-align: justify;\">\u00d6zellikle CHP&#8217;nin baz\u0131 temsilcilerinin s\u00f6z konusu teklifi anayasa g\u00f6r\u00fc\u015fmeleri ile ili\u015fkilendirdiklerini belirten Canikli, &#8220;\u015eu anda anayasa \u00e7al\u0131\u015fmalar\u0131 normal bir ortamda y\u00fcr\u00fct\u00fcl\u00fcyor. Her ihtilafl\u0131 konu g\u00fcndeme geldi\u011finde konuyu anayasa g\u00f6r\u00fc\u015fmeleri ile ili\u015fkilendirmek samimi bir yakla\u015f\u0131m de\u011fil. O, kendi mecras\u0131nda y\u00fcr\u00fcyor&#8221; dedi.<\/p>\n<p style=\"text-align: justify;\"><a href=\"http:\/\/www.cnnturk.com\/2012\/turkiye\/01\/02\/muhalefetin.susturulmasi.iddiasina.yalanlama\/643010.0\/index.html\" target=\"_blank\">Kaynak : CNN T\u00dcRK<\/a><\/p>\n","protected":false},"excerpt":{"rendered":"<p style=\"text-align: justify;\">\n<p style=\"text-align: justify;\">AK Parti Grup Ba\u015fkanvekili Nurettin Canikli, \u0130\u00e7t\u00fcz\u00fckte de\u011fi\u015fiklik teklifinin muhalefetin konu\u015fma s\u00fcresinin k\u0131salt\u0131lmas\u0131 gibi bir ama\u00e7 ta\u015f\u0131mad\u0131\u011f\u0131n\u0131 s\u00f6yledi.<\/p>\n<p style=\"text-align: justify;\">Canikli, Mecliste d\u00fczenledi\u011fi bas\u0131n toplant\u0131s\u0131nda, TBMM \u0130\u00e7t\u00fcz\u00fc\u011f\u00fcne ili\u015fkin verdikleri de\u011fi\u015fiklik teklifi ile muhalefetin konu\u015fma s\u00fcresinin k\u0131s\u0131lmas\u0131n\u0131n hedeflendi\u011fi y\u00f6n\u00fcndeki de\u011ferlendirmelerin ger\u00e7e\u011fi yans\u0131tmad\u0131\u011f\u0131n\u0131 belirtti. Hi\u00e7bir \u015fekilde muhalefetin konu\u015fma s\u00fcresinin k\u0131salt\u0131lmas\u0131 gibi bir <\/p>\n","protected":false},"author":1,"featured_media":0,"comment_status":"open","ping_status":"open","sticky":false,"template":"","format":"standard","meta":{"footnotes":""},"categories":[105],"tags":[],"class_list":["post-45702","post","type-post","status-publish","format-standard","hentry","category-gundem","odd"],"_links":{"self":[{"href":"http:\/\/www.korhanyilmaz.com\/index.php?rest_route=\/wp\/v2\/posts\/45702","targetHints":{"allow":["GET"]}}],"collection":[{"href":"http:\/\/www.korhanyilmaz.com\/index.php?rest_route=\/wp\/v2\/posts"}],"about":[{"href":"http:\/\/www.korhanyilmaz.com\/index.php?rest_route=\/wp\/v2\/types\/post"}],"author":[{"embeddable":true,"href":"http:\/\/www.korhanyilmaz.com\/index.php?rest_route=\/wp\/v2\/users\/1"}],"replies":[{"embeddable":true,"href":"http:\/\/www.korhanyilmaz.com\/index.php?rest_route=%2Fwp%2Fv2%2Fcomments&post=45702"}],"version-history":[{"count":0,"href":"http:\/\/www.korhanyilmaz.com\/index.php?rest_route=\/wp\/v2\/posts\/45702\/revisions"}],"wp:attachment":[{"href":"http:\/\/www.korhanyilmaz.com\/index.php?rest_route=%2Fwp%2Fv2%2Fmedia&parent=45702"}],"wp:term":[{"taxonomy":"category","embeddable":true,"href":"http:\/\/www.korhanyilmaz.com\/index.php?rest_route=%2Fwp%2Fv2%2Fcategories&post=45702"},{"taxonomy":"post_tag","embeddable":true,"href":"http:\/\/www.korhanyilmaz.com\/index.php?rest_route=%2Fwp%2Fv2%2Ftags&post=45702"}],"curies":[{"name":"wp","href":"https:\/\/api.w.org\/{rel}","templated":true}]}}