{"id":45673,"date":"2012-01-02T13:10:41","date_gmt":"2012-01-02T11:10:41","guid":{"rendered":"http:\/\/www.korhanyilmaz.com\/?p=45673"},"modified":"2012-01-02T15:05:26","modified_gmt":"2012-01-02T13:05:26","slug":"mhp-genel-baskanligina-aday-oldu","status":"publish","type":"post","link":"http:\/\/www.korhanyilmaz.com\/?p=45673","title":{"rendered":"MHP Genel Ba\u015fkanl\u0131\u011f\u0131&#8217;na aday oldu"},"content":{"rendered":"<p style=\"text-align: justify;\"><a href=\"http:\/\/www.korhanyilmaz.com\/wp-content\/uploads\/2012\/01\/8920.jpg\"  class=\"lightview\"><img loading=\"lazy\" decoding=\"async\" class=\"aligncenter size-full wp-image-45674\" title=\"\" src=\"http:\/\/www.korhanyilmaz.com\/wp-content\/uploads\/2012\/01\/8920.jpg\" alt=\"\" width=\"292\" height=\"224\" \/><\/a><\/p>\n<p style=\"text-align: justify;\">MHP Antalya Milletvekili Yusuf Ziya \u0130rbe\u00e7, halen partisinin milletvekili oldu\u011funu belirterek, &#8220;Genel Ba\u015fkanl\u0131\u011fa aday\u0131m&#8221; dedi.<\/p>\n<p style=\"text-align: justify;\">\u0130rbe\u00e7, TBMM&#8217;de d\u00fczenlendi\u011fi bas\u0131n toplant\u0131s\u0131nda, MHP&#8217;den ihra\u00e7 edilmesini de\u011ferlendirdi. Kendisine verilen disiplin cezas\u0131n\u0131n MHP Genel Ba\u015fkan\u0131 Devlet Bah\u00e7eli&#8217;nin, &#8220;tutumundan&#8221; kaynakland\u0131\u011f\u0131n\u0131 \u00f6ne s\u00fcren \u0130rbe\u00e7, &#8220;Say\u0131n Genel Ba\u015fkan, sorunlara \u00e7\u00f6z\u00fcm arama gayretimi, &#8216;disiplinsizlik ve dengesizlik&#8217; \u015feklinde niteleyerek, parti \u00fcyeli\u011finden pe\u015finen \u00e7\u0131karma cezas\u0131n\u0131 bizzat kendisi\u00a0vermi\u015ftir&#8221; diye konu\u015ftu.<!--more--><\/p>\n<p style=\"text-align: justify;\">Milletvekilli\u011fi faaliyetleriyle ilgili her t\u00fcrl\u00fc disiplinsizlik iddias\u0131n\u0131n g\u00f6r\u00fc\u015f ve \u00e7\u00f6z\u00fcm yerinin TBMM Ba\u015fkanl\u0131k Divan\u0131 ile ilgili partinin grup disiplin kurulu oldu\u011funa i\u015faret eden \u0130rbe\u00e7, \u015f\u00f6yle devam etti:<\/p>\n<p style=\"text-align: justify;\">&#8220;Bu zorunlulu\u011fa ra\u011fmen, Parti Merkez Disiplin Kuruluna, a\u00e7\u0131k\u00e7a yetki gasb\u0131 yapt\u0131r\u0131larak bana partiden ihra\u00e7 cezas\u0131 verilmi\u015ftir. Disiplin Kurulunun her i\u015flemi usule, t\u00fcz\u00fc\u011fe ve kanuna ayk\u0131r\u0131d\u0131r. T\u00fcz\u00fc\u011f\u00fc kendileri \u00e7\u0131kard\u0131lar fakat ba\u015fta Say\u0131n Genel Ba\u015fkan olmak \u00fczere soru\u015fturma disiplinine ait kurallara kendileri bile uymad\u0131lar. \u0130nsanlar\u0131n kendi g\u00f6lgesinden korktu\u011fu bir y\u00f6netim \u015fekli olabilir mi?<\/p>\n<p style=\"text-align: justify;\">Genel Merkezde oturarak, ba\u015fka illerde olan \u015feylerle ilgili \u015fahitlik yap\u0131lamaz. Bu \u015fahitlikler sadece Genel Ba\u015fkan&#8217;\u0131n \u00f6nceden verilmi\u015f karar\u0131n\u0131 desteklemekten \u00f6teye ge\u00e7emez.&#8221;<\/p>\n<p style=\"text-align: justify;\">\u0130rbe\u00e7, ihra\u00e7 cezas\u0131na kar\u015f\u0131 hukuki itiraz hakk\u0131n\u0131 kulland\u0131\u011f\u0131n\u0131 belirterek, &#8220;Halen MHP milletvekiliyim ve Genel Ba\u015fkanl\u0131\u011fa aday\u0131m. MHP&#8217;yi iktidara ta\u015f\u0131yacak bir kadroyu bu y\u0131l i\u00e7erisinde g\u00f6rm\u00fc\u015f olacaks\u0131n\u0131z. Parti taban\u0131 ve delegelerden destek olduk\u00e7a y\u00fcksek&#8221; iddias\u0131nda bulundu. \u0130rbe\u00e7 ayr\u0131ca, Meclis TV&#8217;den ald\u0131\u011f\u0131 ve kendisinin de bulundu\u011fu MHP Grup toplant\u0131lar\u0131na ili\u015fkin g\u00f6r\u00fcnt\u00fcleri, diz\u00fcst\u00fc bilgisayar arac\u0131l\u0131\u011f\u0131yla bas\u0131n mensuplar\u0131na izletti.<\/p>\n<p style=\"text-align: justify;\"><a href=\"http:\/\/www.cnnturk.com\/2012\/turkiye\/01\/02\/mhp.genel.baskanligina.aday.oldu\/642932.0\/index.html\" target=\"_blank\">Kaynak : CNN T\u00dcRK<\/a><\/p>\n","protected":false},"excerpt":{"rendered":"<p style=\"text-align: justify;\">\n<p style=\"text-align: justify;\">MHP Antalya Milletvekili Yusuf Ziya \u0130rbe\u00e7, halen partisinin milletvekili oldu\u011funu belirterek, &#8220;Genel Ba\u015fkanl\u0131\u011fa aday\u0131m&#8221; dedi.<\/p>\n<p style=\"text-align: justify;\">\u0130rbe\u00e7, TBMM&#8217;de d\u00fczenlendi\u011fi bas\u0131n toplant\u0131s\u0131nda, MHP&#8217;den ihra\u00e7 edilmesini de\u011ferlendirdi. Kendisine verilen disiplin cezas\u0131n\u0131n MHP Genel Ba\u015fkan\u0131 Devlet Bah\u00e7eli&#8217;nin, &#8220;tutumundan&#8221; kaynakland\u0131\u011f\u0131n\u0131 \u00f6ne s\u00fcren \u0130rbe\u00e7, &#8220;Say\u0131n Genel Ba\u015fkan, sorunlara \u00e7\u00f6z\u00fcm arama gayretimi, &#8216;disiplinsizlik ve dengesizlik&#8217; <\/p>\n","protected":false},"author":1,"featured_media":0,"comment_status":"open","ping_status":"open","sticky":false,"template":"","format":"standard","meta":{"footnotes":""},"categories":[105],"tags":[],"class_list":["post-45673","post","type-post","status-publish","format-standard","hentry","category-gundem","odd"],"_links":{"self":[{"href":"http:\/\/www.korhanyilmaz.com\/index.php?rest_route=\/wp\/v2\/posts\/45673","targetHints":{"allow":["GET"]}}],"collection":[{"href":"http:\/\/www.korhanyilmaz.com\/index.php?rest_route=\/wp\/v2\/posts"}],"about":[{"href":"http:\/\/www.korhanyilmaz.com\/index.php?rest_route=\/wp\/v2\/types\/post"}],"author":[{"embeddable":true,"href":"http:\/\/www.korhanyilmaz.com\/index.php?rest_route=\/wp\/v2\/users\/1"}],"replies":[{"embeddable":true,"href":"http:\/\/www.korhanyilmaz.com\/index.php?rest_route=%2Fwp%2Fv2%2Fcomments&post=45673"}],"version-history":[{"count":0,"href":"http:\/\/www.korhanyilmaz.com\/index.php?rest_route=\/wp\/v2\/posts\/45673\/revisions"}],"wp:attachment":[{"href":"http:\/\/www.korhanyilmaz.com\/index.php?rest_route=%2Fwp%2Fv2%2Fmedia&parent=45673"}],"wp:term":[{"taxonomy":"category","embeddable":true,"href":"http:\/\/www.korhanyilmaz.com\/index.php?rest_route=%2Fwp%2Fv2%2Fcategories&post=45673"},{"taxonomy":"post_tag","embeddable":true,"href":"http:\/\/www.korhanyilmaz.com\/index.php?rest_route=%2Fwp%2Fv2%2Ftags&post=45673"}],"curies":[{"name":"wp","href":"https:\/\/api.w.org\/{rel}","templated":true}]}}