{"id":45669,"date":"2012-01-02T13:42:33","date_gmt":"2012-01-02T11:42:33","guid":{"rendered":"http:\/\/www.korhanyilmaz.com\/?p=45669"},"modified":"2012-01-02T15:01:58","modified_gmt":"2012-01-02T13:01:58","slug":"taraftan-yeni-mit-iddiasi","status":"publish","type":"post","link":"http:\/\/www.korhanyilmaz.com\/?p=45669","title":{"rendered":"Taraf&#8217;tan yeni M\u0130T iddias\u0131!"},"content":{"rendered":"<p style=\"text-align: center;\"><a href=\"http:\/\/www.korhanyilmaz.com\/wp-content\/uploads\/2012\/01\/8919.jpg\"  class=\"lightview\"><img loading=\"lazy\" decoding=\"async\" class=\"aligncenter  wp-image-45670\" src=\"http:\/\/www.korhanyilmaz.com\/wp-content\/uploads\/2012\/01\/8919.jpg\" alt=\"\" width=\"346\" height=\"266\" \/><\/a><\/p>\n<p style=\"text-align: justify;\">M\u0130T Uludere ile ilgili Genelkurmay&#8217;a istihbarat verdi mi vermedi mi? Verdiyse ne dedi? Tart\u0131\u015fma s\u00fcr\u00fcyor. Bug\u00fcn konuyla ilgili olarak Taraf gazetesinde yeni iddialar yer ald\u0131. M\u0130T&#8217;in operasyon g\u00fcn\u00fc de dahil, s\u00fcre\u00e7te Genelkurmay&#8217;a alt\u0131 rapor yazd\u0131\u011f\u0131 iddia edildi. M\u0130T ise cuma g\u00fcn\u00fc yapt\u0131\u011f\u0131 &#8220;Hava operasyonu istihbarat\u0131n\u0131n M\u0130T&#8217;ten kaynakland\u0131\u011f\u0131 iddias\u0131 do\u011fru de\u011fil &#8221; a\u00e7\u0131klamas\u0131n\u0131n arkas\u0131nda.\u00a0<!--more--><\/p>\n<p style=\"text-align: justify;\">M\u0130T; Irak s\u0131n\u0131r\u0131nda 35 ki\u015finin \u00f6ld\u00fc\u011f\u00fc olayla ilgili yanl\u0131\u015f istihbarat verdi\u011fi iddias\u0131na cuma g\u00fcn\u00fc verdi\u011fi yan\u0131tta, &#8220;Hava operasyonu istihbarat\u0131n\u0131n M\u0130T&#8217;ten kaynakland\u0131\u011f\u0131 ididas\u0131 do\u011fru de\u011fil&#8221; demi\u015fti.<\/p>\n<p style=\"text-align: justify;\">Ama bu a\u00e7\u0131klamalardan iki g\u00fcn sonra Taraf gazetesinde &#8220;M\u0130T&#8217;in askerlere alt\u0131 istihbarat raporu sundu\u011fu&#8221; gibi yeni iddialar yer ald\u0131.<\/p>\n<p style=\"text-align: justify;\">Habere g\u00f6re; ilk rapor 14 Ekim&#8217;de ter\u00f6r \u00f6rg\u00fct\u00fcn\u00fcn b\u00fcy\u00fck \u015fehirlerde eylem yapaca\u011f\u0131 ve eylem yapacaklar\u0131n Kuzey Irak&#8217;tan T\u00fcrkiye&#8217;ye s\u0131zaca\u011f\u0131 y\u00f6n\u00fcnde.<\/p>\n<p style=\"text-align: justify;\">20 Aral\u0131k&#8217;ta da Kandil&#8217;de e\u011fitim g\u00f6rm\u00fc\u015f 130 kadar ter\u00f6ristin Hakurk &#8211; Haftanin&#8217;den T\u00fcrkiye&#8217;ye g\u00f6nderilece\u011fi belirtiliyor.<\/p>\n<p style=\"text-align: justify;\">21 Aral\u0131k&#8217;ta askerlere iletilen \u00fc\u00e7\u00fcnc\u00fc rapor ise \u00f6rg\u00fct\u00fcn olay\u0131n ya\u015fand\u0131\u011f\u0131 Ortasu&#8217;da inceleme yapt\u0131\u011f\u0131 hatta karakol bask\u0131nlar\u0131n\u0131 y\u00f6neten isim Fehman H\u00fcseyin&#8217;in de o b\u00f6lgede oldu\u011fu y\u00f6n\u00fcnde.<\/p>\n<p style=\"text-align: justify;\">23 &#8211; 25 Aral\u0131k tarihlerinde yaz\u0131lan not ve raporlarda da benzer bilgiler yer alm\u0131\u015f. Gazeteye g\u00f6re, olay g\u00fcn\u00fc 28 Aral\u0131k&#8217;taki son raporda s\u0131n\u0131rdaki kalabal\u0131k grubun i\u00e7erisinde Fehman H\u00fcseyin&#8217;in oldu\u011fu bildirilmi\u015f.<\/p>\n<p style=\"text-align: justify;\">Taraf&#8217;\u0131n iddias\u0131, bu raporlar\u0131n ard\u0131ndan insans\u0131z hava ara\u00e7lar\u0131n\u0131n devreye girdi\u011fi ve \u00f6nce top at\u0131\u015flar\u0131n\u0131n ard\u0131ndan da F 16&#8217;larla operasyonun ba\u015flad\u0131\u011f\u0131.<\/p>\n<p style=\"text-align: justify;\">Haberin ard\u0131ndan g\u00f6zler tekrar M\u0130T&#8217;e \u00e7evrildi. Ama M\u0130T kaynaklar\u0131ndan al\u0131nan bilgiye g\u00f6re, \u015fimdilik yeni bir a\u00e7\u0131klama yok ve istihbarat te\u015fkilat\u0131 ilk yap\u0131lan a\u00e7\u0131klaman\u0131n arkas\u0131nda duruyor.<\/p>\n<p style=\"text-align: justify;\"><a href=\"http:\/\/www.cnnturk.com\/2012\/guncel\/01\/02\/taraftan.yeni.mit.iddiasi\/642935.0\/index.html\" target=\"_blank\">Kaynak : CNN T\u00dcRK<\/a><\/p>\n","protected":false},"excerpt":{"rendered":"<p style=\"text-align: center;\">\n<p style=\"text-align: justify;\">M\u0130T Uludere ile ilgili Genelkurmay&#8217;a istihbarat verdi mi vermedi mi? Verdiyse ne dedi? Tart\u0131\u015fma s\u00fcr\u00fcyor. Bug\u00fcn konuyla ilgili olarak Taraf gazetesinde yeni iddialar yer ald\u0131. M\u0130T&#8217;in operasyon g\u00fcn\u00fc de dahil, s\u00fcre\u00e7te Genelkurmay&#8217;a alt\u0131 rapor yazd\u0131\u011f\u0131 iddia edildi. M\u0130T ise cuma g\u00fcn\u00fc yapt\u0131\u011f\u0131 &#8220;Hava operasyonu istihbarat\u0131n\u0131n M\u0130T&#8217;ten kaynakland\u0131\u011f\u0131 iddias\u0131 do\u011fru de\u011fil <\/p>\n","protected":false},"author":1,"featured_media":0,"comment_status":"open","ping_status":"open","sticky":false,"template":"","format":"standard","meta":{"footnotes":""},"categories":[105],"tags":[],"class_list":["post-45669","post","type-post","status-publish","format-standard","hentry","category-gundem","odd"],"_links":{"self":[{"href":"http:\/\/www.korhanyilmaz.com\/index.php?rest_route=\/wp\/v2\/posts\/45669","targetHints":{"allow":["GET"]}}],"collection":[{"href":"http:\/\/www.korhanyilmaz.com\/index.php?rest_route=\/wp\/v2\/posts"}],"about":[{"href":"http:\/\/www.korhanyilmaz.com\/index.php?rest_route=\/wp\/v2\/types\/post"}],"author":[{"embeddable":true,"href":"http:\/\/www.korhanyilmaz.com\/index.php?rest_route=\/wp\/v2\/users\/1"}],"replies":[{"embeddable":true,"href":"http:\/\/www.korhanyilmaz.com\/index.php?rest_route=%2Fwp%2Fv2%2Fcomments&post=45669"}],"version-history":[{"count":0,"href":"http:\/\/www.korhanyilmaz.com\/index.php?rest_route=\/wp\/v2\/posts\/45669\/revisions"}],"wp:attachment":[{"href":"http:\/\/www.korhanyilmaz.com\/index.php?rest_route=%2Fwp%2Fv2%2Fmedia&parent=45669"}],"wp:term":[{"taxonomy":"category","embeddable":true,"href":"http:\/\/www.korhanyilmaz.com\/index.php?rest_route=%2Fwp%2Fv2%2Fcategories&post=45669"},{"taxonomy":"post_tag","embeddable":true,"href":"http:\/\/www.korhanyilmaz.com\/index.php?rest_route=%2Fwp%2Fv2%2Ftags&post=45669"}],"curies":[{"name":"wp","href":"https:\/\/api.w.org\/{rel}","templated":true}]}}