{"id":4566,"date":"2009-03-03T18:27:46","date_gmt":"2009-03-03T16:27:46","guid":{"rendered":"http:\/\/www.korhanyilmaz.com\/?p=4566"},"modified":"2009-03-03T18:27:46","modified_gmt":"2009-03-03T16:27:46","slug":"erbakanin-kizi-akpyi-bombaladi","status":"publish","type":"post","link":"http:\/\/www.korhanyilmaz.com\/?p=4566","title":{"rendered":"Erbakan&#039;\u0131n k\u0131z\u0131 AKP&#039;yi bombalad\u0131"},"content":{"rendered":"<p><img loading=\"lazy\" decoding=\"async\" class=\"aligncenter size-full wp-image-4567\" title=\"Erbakan'\u0131n k\u0131z\u0131 AKP'yi bombalad\u0131 \" src=\"http:\/\/www.korhanyilmaz.com\/wp-content\/uploads\/2009\/03\/030320091827238049721.jpg\" alt=\"Erbakan'\u0131n k\u0131z\u0131 AKP'yi bombalad\u0131 \" width=\"320\" height=\"100\" \/><\/p>\n<p style=\"text-align: justify;\">Milli G\u00f6r\u00fc\u015f&#8217;\u00fcn simgesi haline gelen ba\u015f parmak hareketiyle AKP taban\u0131n\u0131 taraf\u0131na \u00e7ekmek i\u00e7in il il dola\u015fan Erbakan&#8217;\u0131n \u00e7ocuklar\u0131 \u0131srarla &#8220;G\u00f6mlek gitti, t\u0131ls\u0131m bozuldu&#8221; mesaj\u0131 veriyor. Bunun son \u00f6rne\u011fi Zonguldak&#8217;ta ya\u015fand\u0131. Erbakan&#8217;\u0131n k\u0131z\u0131 Elif Erbakan yine ayn\u0131 hareketi yapt\u0131 ve AKP&#8217;ye oy verenleri &#8220;Milli G\u00f6r\u00fc\u015f G\u00f6mle\u011fi&#8221;ne geri \u00e7a\u011f\u0131rd\u0131.<\/p>\n<p style=\"text-align: justify;\">&#8220;<strong>G\u00d6MLEK \u00c7IKINCA TILSIM BOZULUYOR&#8221;<\/strong><\/p>\n<p style=\"text-align: justify;\">Necmettin Erbakan&#8217;\u0131n k\u0131z\u0131 Elif Erbakan Alt\u0131n\u00f6z, Ba\u015fbakan Recep Tayyip Erdo\u011fan&#8217;\u0131n Davos \u00e7\u0131k\u0131\u015f\u0131n\u0131n tam bir dan\u0131\u015f\u0131kl\u0131 d\u00f6v\u00fc\u015f oldu\u011funu \u00f6ne s\u00fcrerken, Milli G\u00f6r\u00fc\u015f g\u00f6mle\u011fini \u00e7\u0131kar\u0131p AKP&#8217;den se\u00e7ilen belediyelerin de bor\u00e7 bata\u011f\u0131na batt\u0131\u011f\u0131n\u0131 s\u00f6yledi. Alt\u0131n\u00f6z, &#8220;Demek ki hikmet \u015fah\u0131slarda de\u011fil, Milli G\u00f6r\u00fc\u015f anlay\u0131\u015f\u0131 ile hareket etmekte. G\u00f6mlek gitti\u011fi anda her\u015fey bozuldu, t\u0131ls\u0131m bozuldu&#8221; dedi.<!--more-->SP Genel \u0130dare Kurulu \u00fcyesi Elif Erbakan Alt\u0131n\u00f6z, partisinin Zonguldak Kad\u0131n Kollar\u0131 Ba\u015fkanl\u0131\u011f\u0131 taraf\u0131ndan Caml\u0131 K\u00f6\u015fk Restoran&#8217;da d\u00fczenlenen, &#8216;Neden Milli G\u00f6r\u00fc\u015f&#8217; konulu panele kat\u0131ld\u0131. SP Zonguldak \u0130l Ba\u015fkan\u0131 Necdet Sar\u0131, belediye ba\u015fkan aday\u0131 Necmettin Ayd\u0131n ve partililerin de kat\u0131ld\u0131\u011f\u0131 panele kad\u0131nlar b\u00fcy\u00fck ilgi g\u00f6sterdi. Panelde konu\u015fan Elif Erbakan Alt\u0131n\u00f6z, AKP h\u00fck\u00fcmetini ele\u015ftirdi. Irak ve Gazze&#8217;nin vurulmas\u0131nda AKP h\u00fck\u00fcmetinin \u00e7ok b\u00fcy\u00fck etkisinin oldu\u011funu \u00f6ne s\u00fcren Elif Erbakan Alt\u0131n\u00f6z, Irak&#8217;\u0131 vuran ABD u\u00e7aklar\u0131n\u0131n T\u00fcrkiye&#8217;de yak\u0131t ikmali, askerlerinin yiyecek ikmali yapt\u0131\u011f\u0131n\u0131 s\u00f6yledi. Gazze&#8217;de de ayn\u0131 \u015feyin oldu\u011funu ileri s\u00fcren Elif Erbakan Alt\u0131n\u00f6z, \u015f\u00f6yle dedi:<\/p>\n<p style=\"text-align: justify;\">&#8220;Ba\u015fbakan, Davos&#8217;ta bir \u00e7\u0131k\u0131\u015f yapt\u0131. Ama devam\u0131n\u0131n gelmesini bekliyorduk. Ba\u015fbakan&#8217;\u0131n yapt\u0131\u011f\u0131 \u00e7\u0131k\u0131\u015f\u0131n akabinde 3 AKPli bakan \u00e7\u0131k\u0131p, &#8216;\u0130srail&#8217;le stratejik ili\u015fkilerimiz ayn\u0131 \u015fekilde y\u00fcr\u00fcyecektir, kimse meraklanmas\u0131n&#8217; diye a\u00e7\u0131klama yapt\u0131. Yani tam bir dan\u0131\u015f\u0131kl\u0131 d\u00f6v\u00fc\u015f. Sanki se\u00e7im \u00fczeri millet Gazze&#8217;ye hassasiyet g\u00f6steriyor. AKP de hi\u00e7 bir \u015fey yapm\u0131yor gibi g\u00f6z\u00fckmesin diye orada bir \u00e7\u0131k\u0131\u015f yap\u0131ld\u0131 ve malesef baz\u0131 medya kurulu\u015flar\u0131n\u0131n abartmas\u0131yla Ba\u015fbakan miletin g\u00f6z\u00fcnde kahraman haline getirildi. D\u00f6n\u00fcp de neticeye bakt\u0131\u011f\u0131m\u0131z zaman oradaki zulm\u00fcn durmas\u0131 i\u00e7in hi\u00e7 bir somut ad\u0131m at\u0131lmad\u0131. T\u00fcrkiye, d\u00fcnya \u00fczerinde \u00e7ok \u00f6nemli bir konumdad\u0131r. Efendim, &#8216;B\u00fcy\u00fckel\u00e7imizi \u00e7eksek ne olacak?&#8217;, &#8216;Konya&#8217;daki u\u00e7u\u015flar\u0131 durdursak, ne olacak?&#8217; demeyelim. \u0130srail, d\u00fcnya \u00fczerinde yapt\u0131\u011f\u0131 b\u00fct\u00fcn askeri hareketlerde T\u00fcrkiye&#8217;nin deste\u011fine muhta\u00e7t\u0131r. T\u00fcrkiye, &#8216;dur bakal\u0131m, kendine gel&#8217; dese, Allah&#8217;\u0131n izniyle hi\u00e7 birini yapamayacakt\u0131r.&#8221;<\/p>\n<p style=\"text-align: justify;\"><strong>T\u00dcRK\u0130YE&#8217;N\u0130N Y\u00dcZDE 90&#8217;NI YOKSUL<\/strong><\/p>\n<p style=\"text-align: justify;\">T\u00fcrkiye&#8217;nin bug\u00fcn, artan i\u015fsizlik, a\u00e7l\u0131k, sefalet, ahlak bozuklu\u011fu ve maneviyats\u0131zl\u0131kla kar\u015f\u0131 kar\u015f\u0131ya oldu\u011funu vurgulayan Elif Erbakan Alt\u0131n\u00f6z, \u015f\u00f6yle devam etti:<\/p>\n<p style=\"text-align: justify;\">&#8220;Kar\u015f\u0131la\u015ft\u0131\u011f\u0131m\u0131z her insan\u0131n i\u015fsizlikten muzdarip bir yak\u0131n\u0131 var. Zaten \u00e7al\u0131\u015fana, karn\u0131n\u0131 doyuramayaca\u011f\u0131 kadar bir \u00fccret veriliyor. Buna ra\u011fmen \u00e7al\u0131\u015fanlar, &#8216;hi\u00e7 de\u011filse i\u015fimiz var&#8217; diyorlar. \u00c7ok ailelerle kar\u015f\u0131la\u015f\u0131yoruz ki, \u00e7ocuklar\u0131 i\u015fsiz oldu\u011funu anlamas\u0131n diye, baba her sabah 08.00&#8217;de evden \u00e7\u0131k\u0131yor ve ak\u015fam 18.00&#8217;e kadar sokaklarda bo\u015f dola\u015f\u0131p d\u00f6n\u00fcyor. Malesef insanlar\u0131m\u0131z bu durumda. Bug\u00fcn yoksulluk s\u0131n\u0131r\u0131 2 bin liran\u0131n \u00fczerinde. T\u00fcrkiye&#8217;de \u00e7ok \u00fcst d\u00fczey olmamak \u015fart\u0131yla hi\u00e7 kimse 2 bin TL alm\u0131yor. Bunun alt\u0131nda maa\u015f alan herkes yoksul demektir. Bu g\u00f6zle bakarsak demek ki T\u00fcrkiye&#8217;nin y\u00fczde 90&#8217;n\u0131 yoksul.&#8221;<\/p>\n<p style=\"text-align: justify;\"><strong>G\u00d6MLEK \u00c7IKTI, TILSIM BOZULDU<\/strong><\/p>\n<p style=\"text-align: justify;\">Milli G\u00f6r\u00fc\u015f olarak, belediyeleri, \u00e7\u00f6p toplayan, sokak s\u00fcp\u00fcren kurulu\u015flar olarak g\u00f6rmediklerini, belediyelerin en ba\u015fta bir anlay\u0131\u015f ve bir ideale sahip olmas\u0131 gerekti\u011fini belirten Alt\u0131n\u00f6z, \u015f\u00f6yle dedi:<\/p>\n<p style=\"text-align: justify;\">&#8220;Biz, Milli G\u00f6r\u00fc\u015f olarak 1994&#8217;de ald\u0131\u011f\u0131m\u0131z belediyelerde bu anlay\u0131\u015f\u0131 ortaya koyduk. \u015eimdi ayn\u0131 \u015fah\u0131slar milli g\u00f6r\u00fc\u015f g\u00f6mle\u011fini \u00e7\u0131kartarak tekrar belediye ba\u015fkan\u0131 oldular. \u015eah\u0131s ayn\u0131. Ama 3-5 sene \u00f6nce yapt\u0131\u011f\u0131 b\u00fcy\u00fck hizmetler bir anda kayboldu ve milli g\u00f6r\u00fc\u015f g\u00f6mle\u011fini \u00e7\u0131karan belediyeler bor\u00e7 bata\u011f\u0131na batt\u0131lar. Demek ki hikmet \u015fah\u0131slarda de\u011fil, Milli G\u00f6r\u00fc\u015f anlay\u0131\u015f\u0131 ile hareket etmekte. G\u00f6mlek gitti\u011fi anda her\u015fey bozuldu, t\u0131ls\u0131m bozuldu. \u0130\u015fte \u015fimdi belediye se\u00e7imleri ya\u015fayaca\u011f\u0131z. 2004 belediye se\u00e7imlerinden sonra Ba\u015fbakan \u00e7\u0131kt\u0131, &#8216;2004 yerel se\u00e7imlerinin ard\u0131ndan h\u00fck\u00fcmetimiz bir kez daha g\u00fcven oyu alm\u0131\u015ft\u0131r&#8217; dedi. O zaman g\u00f6r\u00fcyoruz ki sadece \u015fah\u0131slar\u0131 se\u00e7miyoruz, g\u00f6r\u00fc\u015flerini, ideallerini ve partilerini de se\u00e7iyoruz. Zonguldak bu g\u00fcne kadar Milli G\u00f6r\u00fc\u015f belediyecili\u011fi ile tan\u0131\u015fmad\u0131. Ama 29 Mart ak\u015fam\u0131 Zonguldak&#8217;ta da bir Milli G\u00f6r\u00fc\u015f belediyesi olaca\u011f\u0131n\u0131 d\u00fc\u015f\u00fcn\u00fcyoruz.&#8221;<\/p>\n<p style=\"text-align: justify;\"><span style=\"color: #888888;\">DHA<\/span><\/p>\n","protected":false},"excerpt":{"rendered":"<\/p>\n<p style=\"text-align: justify;\">Milli G\u00f6r\u00fc\u015f&#8217;\u00fcn simgesi haline gelen ba\u015f parmak hareketiyle AKP taban\u0131n\u0131 taraf\u0131na \u00e7ekmek i\u00e7in il il dola\u015fan Erbakan&#8217;\u0131n \u00e7ocuklar\u0131 \u0131srarla &#8220;G\u00f6mlek gitti, t\u0131ls\u0131m bozuldu&#8221; mesaj\u0131 veriyor. Bunun son \u00f6rne\u011fi Zonguldak&#8217;ta ya\u015fand\u0131. Erbakan&#8217;\u0131n k\u0131z\u0131 Elif Erbakan yine ayn\u0131 hareketi yapt\u0131 ve AKP&#8217;ye oy verenleri &#8220;Milli G\u00f6r\u00fc\u015f G\u00f6mle\u011fi&#8221;ne geri \u00e7a\u011f\u0131rd\u0131.<\/p>\n<p style=\"text-align: justify;\">&#8220;G\u00d6MLEK \u00c7IKINCA TILSIM <\/p>\n","protected":false},"author":1,"featured_media":0,"comment_status":"open","ping_status":"closed","sticky":false,"template":"","format":"standard","meta":{"footnotes":""},"categories":[105],"tags":[],"class_list":["post-4566","post","type-post","status-publish","format-standard","hentry","category-gundem","odd"],"_links":{"self":[{"href":"http:\/\/www.korhanyilmaz.com\/index.php?rest_route=\/wp\/v2\/posts\/4566","targetHints":{"allow":["GET"]}}],"collection":[{"href":"http:\/\/www.korhanyilmaz.com\/index.php?rest_route=\/wp\/v2\/posts"}],"about":[{"href":"http:\/\/www.korhanyilmaz.com\/index.php?rest_route=\/wp\/v2\/types\/post"}],"author":[{"embeddable":true,"href":"http:\/\/www.korhanyilmaz.com\/index.php?rest_route=\/wp\/v2\/users\/1"}],"replies":[{"embeddable":true,"href":"http:\/\/www.korhanyilmaz.com\/index.php?rest_route=%2Fwp%2Fv2%2Fcomments&post=4566"}],"version-history":[{"count":0,"href":"http:\/\/www.korhanyilmaz.com\/index.php?rest_route=\/wp\/v2\/posts\/4566\/revisions"}],"wp:attachment":[{"href":"http:\/\/www.korhanyilmaz.com\/index.php?rest_route=%2Fwp%2Fv2%2Fmedia&parent=4566"}],"wp:term":[{"taxonomy":"category","embeddable":true,"href":"http:\/\/www.korhanyilmaz.com\/index.php?rest_route=%2Fwp%2Fv2%2Fcategories&post=4566"},{"taxonomy":"post_tag","embeddable":true,"href":"http:\/\/www.korhanyilmaz.com\/index.php?rest_route=%2Fwp%2Fv2%2Ftags&post=4566"}],"curies":[{"name":"wp","href":"https:\/\/api.w.org\/{rel}","templated":true}]}}