{"id":45659,"date":"2012-01-01T20:46:36","date_gmt":"2012-01-01T18:46:36","guid":{"rendered":"http:\/\/www.korhanyilmaz.com\/?p=45659"},"modified":"2012-01-01T21:09:10","modified_gmt":"2012-01-01T19:09:10","slug":"konyada-ak-parti-halkla-iliskilerden-sorumlu-baskan-yardimcisi-necip-cimen-gorevli-memura-kafa-atti","status":"publish","type":"post","link":"http:\/\/www.korhanyilmaz.com\/?p=45659","title":{"rendered":"Konya&#8217;da AK Parti Halkla \u0130li\u015fkilerden Sorumlu Ba\u015fkan Yard\u0131mc\u0131s\u0131 Necip \u00c7imen, g\u00f6revli memura kafa att\u0131."},"content":{"rendered":"<p style=\"text-align: justify;\"><a href=\"http:\/\/www.korhanyilmaz.com\/wp-content\/uploads\/2012\/01\/8918.jpg\"  class=\"lightview\"><img loading=\"lazy\" decoding=\"async\" class=\"aligncenter size-full wp-image-45660\" title=\"\" src=\"http:\/\/www.korhanyilmaz.com\/wp-content\/uploads\/2012\/01\/8918.jpg\" alt=\"\" width=\"313\" height=\"238\" \/><\/a><\/p>\n<p style=\"text-align: justify;\">Konya&#8217;da AK Parti Halkla \u0130li\u015fkilerden Sorumlu Ba\u015fkan Yard\u0131mc\u0131s\u0131 Necip \u00c7imen&#8217;in iddiaya g\u00f6re Mevlana M\u00fczesi&#8217;nde kendisine foto\u011fraf \u00e7ekmesinin yasak oldu\u011funu s\u00f6yleyen g\u00f6revli memur Necdet Demirkaya&#8217;ya kafa att\u0131.<\/p>\n<p style=\"text-align: justify;\">KESK&#8217;e ba\u011fl\u0131 K\u00fclt\u00fcr Sanat Sen \u00fcyesi olan Demirkaya ve AK Partili \u00c7imen&#8217;in aralar\u0131ndaki kavga g\u00f6r\u00fcnt\u00fclerini d\u00fczenlenen toplant\u0131 ile medya mensuplar\u0131na da\u011f\u0131tt\u0131.\u00a0<!--more--><\/p>\n<p style=\"text-align: justify;\">KESK \u015eubeler Platformu D\u00f6nem S\u00f6zc\u00fcs\u00fc Halis Balc\u0131, sendika \u00fcyesi ve K\u00fclt\u00fcr M\u00fcd\u00fcrl\u00fc\u011f\u00fc&#8217;nde \u00e7al\u0131\u015fan Necdet Demirkaya&#8217;n\u0131n 25 Aral\u0131k pazar g\u00fcn\u00fc Mevlana M\u00fczesi Huzur-u Pir b\u00f6l\u00fcm\u00fcnde g\u00f6rev yaparken konuklar\u0131yla gelen Ak Parti Konya Halkla \u0130li\u015fkilerden Sorumlu Ba\u015fkan Yard\u0131mc\u0131s\u0131 Necip \u00c7imen&#8217;nin t\u00fcrbe i\u00e7erisinde &#8216;Kamera ve foto\u011fraf \u00e7ekmek yasakt\u0131r&#8217; yaz\u0131l\u0131 uyar\u0131lara ra\u011fmen \u00e7ekim yapt\u0131\u011f\u0131n\u0131 s\u00f6yledi.<\/p>\n<p style=\"text-align: justify;\"><strong>&#8220;K\u0130M OLDU\u011eUMU B\u0130L\u0130YOR MUSUN?&#8221;\u00a0<\/strong><\/p>\n<p style=\"text-align: justify;\">Balc\u0131, \u015f\u00f6yle devam etti: &#8220;G\u00f6revli memur Necdet Demirkaya taraf\u0131ndan \u00e7ekimin yasak oldu\u011fu hat\u0131rlat\u0131larak uyar\u0131lm\u0131\u015ft\u0131r. G\u00f6revli memurun bu ikaz\u0131 ve \u00e7ekime engel olu\u015fu keyfi de\u011fildir. Devlet memuru olarak kendisine verilen emirler do\u011frultusunda haraket etmi\u015ftir. Buna ra\u011fmen ba\u015fkan yard\u0131mc\u0131s\u0131 g\u00f6revli memura \u00e7ekim yapaca\u011f\u0131n\u0131 s\u00f6ylerken &#8216;Benim kim oldu\u011fumu biliyormusun?&#8217; s\u00f6ylem kar\u015f\u0131s\u0131nda arkada\u015f\u0131m\u0131z kendisinin yetkili olmad\u0131\u011f\u0131n\u0131, gerekirse m\u00fcze m\u00fcd\u00fcr\u00fc ile g\u00f6r\u00fc\u015fmesini ve \u00e7ekim izni almas\u0131n\u0131 s\u00f6ylemi\u015ftir. Ba\u015fkan Yard\u0131mc\u0131s\u0131 g\u00f6revli memurun kolundan tutarak beni m\u00fcd\u00fcr\u00fcne g\u00f6t\u00fcr dedi\u011finde arkada\u015f\u0131m\u0131z g\u00f6rev yerini terk edemeyece\u011fini s\u00f6ylemi\u015ftir. Buna ra\u011fmen \u0131srar ve bask\u0131 kar\u015f\u0131s\u0131nda n\u00f6bet yerine ba\u015fka bir arkada\u015f\u0131n\u0131 \u00e7a\u011f\u0131rd\u0131ktan sonra ba\u015fkan yard\u0131mc\u0131s\u0131na yard\u0131mc\u0131 olmak amac\u0131yla m\u00fcze m\u00fcd\u00fcr\u00fcne gitmek \u00fczere \u00e7\u0131k\u0131\u015f kap\u0131s\u0131na geldi\u011finde ba\u015fkan yard\u0131mc\u0131s\u0131 taraf\u0131ndan darp edilmi\u015ftir.&#8221;<\/p>\n<p style=\"text-align: justify;\"><a href=\"http:\/\/www.internethaber.com\/ak-partili-cimen-memura-kafa-atti-393193h.htm\" target=\"_blank\">Kaynak : \u0130nternethaber.com<\/a><\/p>\n","protected":false},"excerpt":{"rendered":"<p style=\"text-align: justify;\">\n<p style=\"text-align: justify;\">Konya&#8217;da AK Parti Halkla \u0130li\u015fkilerden Sorumlu Ba\u015fkan Yard\u0131mc\u0131s\u0131 Necip \u00c7imen&#8217;in iddiaya g\u00f6re Mevlana M\u00fczesi&#8217;nde kendisine foto\u011fraf \u00e7ekmesinin yasak oldu\u011funu s\u00f6yleyen g\u00f6revli memur Necdet Demirkaya&#8217;ya kafa att\u0131.<\/p>\n<p style=\"text-align: justify;\">KESK&#8217;e ba\u011fl\u0131 K\u00fclt\u00fcr Sanat Sen \u00fcyesi olan Demirkaya ve AK Partili \u00c7imen&#8217;in aralar\u0131ndaki kavga g\u00f6r\u00fcnt\u00fclerini d\u00fczenlenen toplant\u0131 ile medya mensuplar\u0131na da\u011f\u0131tt\u0131. <\/p>\n","protected":false},"author":1,"featured_media":0,"comment_status":"open","ping_status":"open","sticky":false,"template":"","format":"standard","meta":{"footnotes":""},"categories":[105],"tags":[616,617],"class_list":["post-45659","post","type-post","status-publish","format-standard","hentry","category-gundem","tag-necdet-demirkaya","tag-necip-cimen","odd"],"_links":{"self":[{"href":"http:\/\/www.korhanyilmaz.com\/index.php?rest_route=\/wp\/v2\/posts\/45659","targetHints":{"allow":["GET"]}}],"collection":[{"href":"http:\/\/www.korhanyilmaz.com\/index.php?rest_route=\/wp\/v2\/posts"}],"about":[{"href":"http:\/\/www.korhanyilmaz.com\/index.php?rest_route=\/wp\/v2\/types\/post"}],"author":[{"embeddable":true,"href":"http:\/\/www.korhanyilmaz.com\/index.php?rest_route=\/wp\/v2\/users\/1"}],"replies":[{"embeddable":true,"href":"http:\/\/www.korhanyilmaz.com\/index.php?rest_route=%2Fwp%2Fv2%2Fcomments&post=45659"}],"version-history":[{"count":0,"href":"http:\/\/www.korhanyilmaz.com\/index.php?rest_route=\/wp\/v2\/posts\/45659\/revisions"}],"wp:attachment":[{"href":"http:\/\/www.korhanyilmaz.com\/index.php?rest_route=%2Fwp%2Fv2%2Fmedia&parent=45659"}],"wp:term":[{"taxonomy":"category","embeddable":true,"href":"http:\/\/www.korhanyilmaz.com\/index.php?rest_route=%2Fwp%2Fv2%2Fcategories&post=45659"},{"taxonomy":"post_tag","embeddable":true,"href":"http:\/\/www.korhanyilmaz.com\/index.php?rest_route=%2Fwp%2Fv2%2Ftags&post=45659"}],"curies":[{"name":"wp","href":"https:\/\/api.w.org\/{rel}","templated":true}]}}