{"id":45655,"date":"2012-01-01T14:21:13","date_gmt":"2012-01-01T12:21:13","guid":{"rendered":"http:\/\/www.korhanyilmaz.com\/?p=45655"},"modified":"2012-01-01T20:54:48","modified_gmt":"2012-01-01T18:54:48","slug":"fethullah-gulen-sirnak-uluderede-hayatini-kaybeten-35-kisi-icin-taziye-mesaji-yayinladi","status":"publish","type":"post","link":"http:\/\/www.korhanyilmaz.com\/?p=45655","title":{"rendered":"Fethullah G\u00fclen, \u015e\u0131rnak Uludere&#8217;de hayat\u0131n\u0131 kaybeten 35 ki\u015fi i\u00e7in taziye mesaj\u0131 yay\u0131nlad\u0131"},"content":{"rendered":"<p style=\"text-align: center;\"><a href=\"http:\/\/www.korhanyilmaz.com\/wp-content\/uploads\/2012\/01\/8917.jpg\"  class=\"lightview\"><img loading=\"lazy\" decoding=\"async\" class=\"aligncenter  wp-image-45656\" src=\"http:\/\/www.korhanyilmaz.com\/wp-content\/uploads\/2012\/01\/8917.jpg\" alt=\"\" width=\"315\" height=\"240\" \/><\/a><\/p>\n<p style=\"text-align: justify;\">Ter\u00f6rist san\u0131ld\u0131\u011f\u0131 gerek\u00e7esiyle ka\u00e7ak\u00e7\u0131l\u0131k yaparken F-16&#8217;lar\u0131n hedefi haline gelerek ya\u015fam\u0131n\u0131 yitiren 35 ki\u015fi i\u00e7in bir taziye mesaj\u0131 da Fethullah G\u00fclen&#8217;den geldi.<\/p>\n<p style=\"text-align: justify;\">Yapt\u0131\u011f\u0131 taziye a\u00e7\u0131klamas\u0131nda olay\u0131n \u00f6rtbas edilmemesi i\u00e7in yetkili makamlar\u0131n devreye girmesinin teselli edici oldu\u011funu vurgulayan G\u00fclen, yeni anayasa s\u00fcrecinin sobote edilmek istendi\u011fini belirtti.\u00a0<!--more--><\/p>\n<p style=\"text-align: justify;\">\u0130\u015fte G\u00fclen&#8217;in hayat\u0131n\u0131 kaybeten 35 ki\u015fi i\u00e7in taziye mesaj\u0131;<\/p>\n<p style=\"text-align: justify;\">T\u00fcrkiye&#8217;nin, devletler muvazenesinde denge unsuru olmaya y\u00fcr\u00fcd\u00fc\u011f\u00fc ve ikbal y\u0131ld\u0131z\u0131n\u0131n parlayaca\u011f\u0131na dair \u00fcmitlerin ye\u015ferdi\u011fi bir s\u00fcre\u00e7te 35 vatanda\u015f\u0131m\u0131z\u0131n ter\u00f6rist zann\u0131yla elim bir \u015fekilde \u00f6ld\u00fcr\u00fclmesini teess\u00fcrle \u00f6\u011frendim.<\/p>\n<p style=\"text-align: justify;\"><strong>\u00d6RTBAS ETMEME \u00c7ABALARI TESELL\u0130 ED\u0130C\u0130\u00a0<\/strong><\/p>\n<p style=\"text-align: justify;\">Yetkili makamlar\u0131n olay\u0131n \u00f6rtbas edilmemesi i\u00e7in verdi\u011fi teminat ve hadisenin yarg\u0131ya intikali teselli edici oldu\u011funu s\u00f6yleyen G\u00fclen, &#8220;B\u00fct\u00fcn g\u00fcvenlik birimlerinin ter\u00f6rle m\u00fccadelede topyek\u00fbn m\u00fccadele etti\u011fi ve \u015fek\u00e2vete aman verilmedi\u011fi bir d\u00f6nemde bu ahengi baltalamak isteyen odaklar bo\u015f durmuyor; t\u00fcrl\u00fc provokasyonlarla yeni anayasa haz\u0131rl\u0131klar\u0131n\u0131 ve a\u00e7\u0131l\u0131mlar\u0131 da sabote etmeye \u00e7al\u0131\u015f\u0131yorlar. Bug\u00fcne kadar nice elim hadisede sa\u011fduyusunu kaybetmemi\u015f, birlik ve beraberli\u011fini bozmak isteyenlerin heveslerini temkin ve dengesiyle kursaklar\u0131nda b\u0131rakm\u0131\u015f olan \u00fclkemiz insan\u0131n\u0131n, bu kritik s\u00fcreci de Allah&#8217;\u0131n inayetiyle vifak ve ittifak\u0131 koruyarak atlataca\u011f\u0131na \u00fcmidimiz tamd\u0131r.&#8221; dedi.<\/p>\n<p style=\"text-align: justify;\"><strong>&#8220;KAN \u00dcZER\u0130NDEN SALTANAT KURMAYA \u00c7ALI\u015eANLAR..&#8221;\u00a0<\/strong><\/p>\n<p style=\"text-align: justify;\">Fethullah G\u00fclen taziye mesaj\u0131n\u0131n devam\u0131nda ise \u015fu ifadeleri kulland\u0131: &#8220;Yeri geldi\u011finde askerimizle birlikte ter\u00f6re kar\u015f\u0131 m\u00fccadele eden korucu vatanda\u015flar\u0131m\u0131z\u0131n mukim oldu\u011fu Ortasu K\u00f6y\u00fc&#8217;n\u00fcn vatanperver halk\u0131n\u0131n ac\u0131s\u0131n\u0131 istismardan geri durmayanlar\u0131n, vatan evlad\u0131n\u0131 birbirine k\u0131rd\u0131rtmaktan ve akan kan\u0131n \u00fczerine kendi saltanatlar\u0131n\u0131 kurmaya \u00e7al\u0131\u015fmaktan vazge\u00e7meyece\u011fi hi\u00e7bir zaman g\u00f6z ard\u0131 edilmemelidir. Hadisede elim bir \u015fekilde vefat eden 35 vatanda\u015f\u0131m\u0131za, karde\u015fimize, evlad\u0131m\u0131za Cenab-\u0131 Allah&#8217;tan rahmet diler, kederli aileleriyle yak\u0131nlar\u0131na ba\u015fsa\u011fl\u0131\u011f\u0131 ve sabr-\u0131 cemil niyaz ederim.&#8221;<\/p>\n<p style=\"text-align: justify;\"><a href=\"http:\/\/www.internethaber.com\/fethullah-gulenin-uludere-mesaji-393097h.htm\" target=\"_blank\">Kaynak : \u0130nternethaber.com<\/a><\/p>\n","protected":false},"excerpt":{"rendered":"<p style=\"text-align: center;\">\n<p style=\"text-align: justify;\">Ter\u00f6rist san\u0131ld\u0131\u011f\u0131 gerek\u00e7esiyle ka\u00e7ak\u00e7\u0131l\u0131k yaparken F-16&#8217;lar\u0131n hedefi haline gelerek ya\u015fam\u0131n\u0131 yitiren 35 ki\u015fi i\u00e7in bir taziye mesaj\u0131 da Fethullah G\u00fclen&#8217;den geldi.<\/p>\n<p style=\"text-align: justify;\">Yapt\u0131\u011f\u0131 taziye a\u00e7\u0131klamas\u0131nda olay\u0131n \u00f6rtbas edilmemesi i\u00e7in yetkili makamlar\u0131n devreye girmesinin teselli edici oldu\u011funu vurgulayan G\u00fclen, yeni anayasa s\u00fcrecinin sobote edilmek istendi\u011fini belirtti. <\/p>\n","protected":false},"author":1,"featured_media":0,"comment_status":"open","ping_status":"open","sticky":false,"template":"","format":"standard","meta":{"footnotes":""},"categories":[105],"tags":[310],"class_list":["post-45655","post","type-post","status-publish","format-standard","hentry","category-gundem","tag-fethullah-gulen","odd"],"_links":{"self":[{"href":"http:\/\/www.korhanyilmaz.com\/index.php?rest_route=\/wp\/v2\/posts\/45655","targetHints":{"allow":["GET"]}}],"collection":[{"href":"http:\/\/www.korhanyilmaz.com\/index.php?rest_route=\/wp\/v2\/posts"}],"about":[{"href":"http:\/\/www.korhanyilmaz.com\/index.php?rest_route=\/wp\/v2\/types\/post"}],"author":[{"embeddable":true,"href":"http:\/\/www.korhanyilmaz.com\/index.php?rest_route=\/wp\/v2\/users\/1"}],"replies":[{"embeddable":true,"href":"http:\/\/www.korhanyilmaz.com\/index.php?rest_route=%2Fwp%2Fv2%2Fcomments&post=45655"}],"version-history":[{"count":0,"href":"http:\/\/www.korhanyilmaz.com\/index.php?rest_route=\/wp\/v2\/posts\/45655\/revisions"}],"wp:attachment":[{"href":"http:\/\/www.korhanyilmaz.com\/index.php?rest_route=%2Fwp%2Fv2%2Fmedia&parent=45655"}],"wp:term":[{"taxonomy":"category","embeddable":true,"href":"http:\/\/www.korhanyilmaz.com\/index.php?rest_route=%2Fwp%2Fv2%2Fcategories&post=45655"},{"taxonomy":"post_tag","embeddable":true,"href":"http:\/\/www.korhanyilmaz.com\/index.php?rest_route=%2Fwp%2Fv2%2Ftags&post=45655"}],"curies":[{"name":"wp","href":"https:\/\/api.w.org\/{rel}","templated":true}]}}