{"id":45647,"date":"2012-01-01T13:46:53","date_gmt":"2012-01-01T11:46:53","guid":{"rendered":"http:\/\/www.korhanyilmaz.com\/?p=45647"},"modified":"2012-01-01T15:57:59","modified_gmt":"2012-01-01T13:57:59","slug":"kilicdaroglu-uluderede","status":"publish","type":"post","link":"http:\/\/www.korhanyilmaz.com\/?p=45647","title":{"rendered":"K\u0131l\u0131\u00e7daro\u011flu, Uludere&#8217;de"},"content":{"rendered":"<p style=\"text-align: center;\"><a href=\"http:\/\/www.korhanyilmaz.com\/wp-content\/uploads\/2012\/01\/8915.jpg\"  class=\"lightview\"><img loading=\"lazy\" decoding=\"async\" class=\"aligncenter  wp-image-45648\" src=\"http:\/\/www.korhanyilmaz.com\/wp-content\/uploads\/2012\/01\/8915.jpg\" alt=\"\" width=\"306\" height=\"231\" \/><\/a><\/p>\n<p style=\"text-align: justify;\">CHP Genel Ba\u015fkan\u0131 Kemal K\u0131l\u0131\u00e7daro\u011flu, bombalamada hayat\u0131n\u0131 kaybedenlerin ailelerine taziye ziyaretinde bulunmak i\u00e7in \u015e\u0131rnak&#8217;\u0131n Uludere il\u00e7esine gitti. K\u0131l\u0131\u00e7daro\u011flu&#8217;na tahsis edilen helikopterin geri \u00e7ekildi\u011fi ileri s\u00fcr\u00fcld\u00fc. \u015e\u0131rnak&#8217;a karayoluyla giden K\u0131l\u0131\u00e7daro\u011flu&#8217;nun konvoyunda kaza meydana geldi.<!--more--><\/p>\n<p style=\"text-align: justify;\">K\u0131l\u0131\u00e7daro\u011flu&#8217;na e\u015flik eden Genel Ba\u015fkan Yard\u0131mc\u0131lar\u0131ndan G\u00fcrsel Tekin, &#8220;H\u00fck\u00fcmetin K\u0131l\u0131\u00e7daro\u011flu&#8217;na tahsis edilen helikopteri gece yar\u0131s\u0131 geri \u00e7ekti\u011fini&#8221; iddia etti. CHP heyeti karayolunu kulland\u0131.<\/p>\n<p style=\"text-align: justify;\">Uludere&#8217;ye hareket \u00f6ncesi a\u00e7\u0131klamalarda bulunan Tekin, &#8220;D\u00fcnk\u00fc planlamam\u0131zda gerek say\u0131n Validen gerek Ankara&#8217;dan ald\u0131\u011f\u0131m\u0131z bilgi \u00fczerine biz helikopterle gidecektik. Ne garipse gece saat 12.30&#8217;da Ankara merkezli bir iptal karar\u0131 geldi. Bu ger\u00e7ekten \u00e7ok \u00fcz\u00fcc\u00fc&#8221; dedi.<\/p>\n<p style=\"text-align: justify;\">Tekin, &#8220;Anamuhalefet liderinin ula\u015f\u0131m\u0131 kolayla\u015ft\u0131r\u0131lmak istenmiyorsa burada ciddi bir kas\u0131t var demektir&#8221; ifadesini kulland\u0131.<\/p>\n<p style=\"text-align: justify;\"><strong>Konvoyda kaza\u00a0<\/strong><\/p>\n<p style=\"text-align: justify;\">Van&#8217;a giderek oradan \u015e\u0131rnak&#8217;a hareket eden CHP Genel Ba\u015fkan\u0131 Kemal K\u0131l\u0131\u00e7daro\u011flu&#8217;nun konvoyunda kaza meydana geldi. Konvoyda yer alan ve i\u00e7erisinde Genel Ba\u015fkan Yard\u0131mc\u0131s\u0131 G\u00fcrsel Tekin&#8217;in de bulundu\u011fu 65 NY 412 plakal\u0131 otomobile Bitlis&#8217;in Tatvan il\u00e7esi \u00e7\u0131k\u0131\u015f\u0131nda \u0130ran plakal\u0131 oldu\u011fu belirtilen TIR arkadan \u00e7arpt\u0131.<\/p>\n<p style=\"text-align: justify;\">Hafif \u015fekilde hasar olu\u015fan ara\u00e7ta, Tekin&#8217;in yan\u0131 s\u0131ra Parti Meclisi \u00fcyesi H\u00fcseyin Ya\u015far, Genel Ba\u015fkan asistan\u0131 Bar\u0131\u015f Bozkurt&#8217;un bulundu\u011fu ve sa\u011fl\u0131k durumlar\u0131n\u0131n iyi oldu\u011fu belirtildi.<\/p>\n<p style=\"text-align: justify;\">Tekin ve ara\u00e7takilerin, konvoydaki ba\u015fka bir otomobille \u015e\u0131rnak&#8217;a devam etti\u011fi kaydedildi.<\/p>\n<p style=\"text-align: justify;\">\u00d6te yandan AA muhabirine a\u00e7\u0131klamada bulunan Tekin, sa\u011fl\u0131k durumlar\u0131n\u0131n iyi oldu\u011funu s\u00f6yledi. Tekin, Genel Ba\u015fkan K\u0131l\u0131\u00e7daro\u011flu&#8217;nun bulundu\u011fu otomobille yola devam ettiklerini bildirdi.<\/p>\n<p style=\"text-align: justify;\">K\u0131l\u0131\u00e7daro\u011flu ve beraberindeki heyet, Uludere&#8217;deki ziyaret sonras\u0131 Diyarbak\u0131r&#8217;dan Ankara&#8217;ya d\u00f6necek.<\/p>\n<p style=\"text-align: justify;\"><a href=\"http:\/\/www.cnnturk.com\/2012\/turkiye\/01\/01\/kilicdaroglu.uluderede\/642819.0\/index.html\" target=\"_blank\">Kaynak : CNN T\u00dcRK<\/a><\/p>\n","protected":false},"excerpt":{"rendered":"<p style=\"text-align: center;\">\n<p style=\"text-align: justify;\">CHP Genel Ba\u015fkan\u0131 Kemal K\u0131l\u0131\u00e7daro\u011flu, bombalamada hayat\u0131n\u0131 kaybedenlerin ailelerine taziye ziyaretinde bulunmak i\u00e7in \u015e\u0131rnak&#8217;\u0131n Uludere il\u00e7esine gitti. K\u0131l\u0131\u00e7daro\u011flu&#8217;na tahsis edilen helikopterin geri \u00e7ekildi\u011fi ileri s\u00fcr\u00fcld\u00fc. \u015e\u0131rnak&#8217;a karayoluyla giden K\u0131l\u0131\u00e7daro\u011flu&#8217;nun konvoyunda kaza meydana geldi.<\/p>\n","protected":false},"author":1,"featured_media":0,"comment_status":"open","ping_status":"open","sticky":false,"template":"","format":"standard","meta":{"footnotes":""},"categories":[105],"tags":[],"class_list":["post-45647","post","type-post","status-publish","format-standard","hentry","category-gundem","odd"],"_links":{"self":[{"href":"http:\/\/www.korhanyilmaz.com\/index.php?rest_route=\/wp\/v2\/posts\/45647","targetHints":{"allow":["GET"]}}],"collection":[{"href":"http:\/\/www.korhanyilmaz.com\/index.php?rest_route=\/wp\/v2\/posts"}],"about":[{"href":"http:\/\/www.korhanyilmaz.com\/index.php?rest_route=\/wp\/v2\/types\/post"}],"author":[{"embeddable":true,"href":"http:\/\/www.korhanyilmaz.com\/index.php?rest_route=\/wp\/v2\/users\/1"}],"replies":[{"embeddable":true,"href":"http:\/\/www.korhanyilmaz.com\/index.php?rest_route=%2Fwp%2Fv2%2Fcomments&post=45647"}],"version-history":[{"count":0,"href":"http:\/\/www.korhanyilmaz.com\/index.php?rest_route=\/wp\/v2\/posts\/45647\/revisions"}],"wp:attachment":[{"href":"http:\/\/www.korhanyilmaz.com\/index.php?rest_route=%2Fwp%2Fv2%2Fmedia&parent=45647"}],"wp:term":[{"taxonomy":"category","embeddable":true,"href":"http:\/\/www.korhanyilmaz.com\/index.php?rest_route=%2Fwp%2Fv2%2Fcategories&post=45647"},{"taxonomy":"post_tag","embeddable":true,"href":"http:\/\/www.korhanyilmaz.com\/index.php?rest_route=%2Fwp%2Fv2%2Ftags&post=45647"}],"curies":[{"name":"wp","href":"https:\/\/api.w.org\/{rel}","templated":true}]}}