{"id":45643,"date":"2012-01-01T15:31:17","date_gmt":"2012-01-01T13:31:17","guid":{"rendered":"http:\/\/www.korhanyilmaz.com\/?p=45643"},"modified":"2012-01-01T15:54:12","modified_gmt":"2012-01-01T13:54:12","slug":"o-kaymakam-konustu","status":"publish","type":"post","link":"http:\/\/www.korhanyilmaz.com\/?p=45643","title":{"rendered":"O kaymakam konu\u015ftu"},"content":{"rendered":"<p style=\"text-align: center;\"><a href=\"http:\/\/www.korhanyilmaz.com\/wp-content\/uploads\/2012\/01\/8914.jpg\"  class=\"lightview\"><img loading=\"lazy\" decoding=\"async\" class=\"aligncenter  wp-image-45644\" src=\"http:\/\/www.korhanyilmaz.com\/wp-content\/uploads\/2012\/01\/8914.jpg\" alt=\"\" width=\"307\" height=\"236\" \/><\/a><\/p>\n<p style=\"text-align: justify;\">Taziye ziyareti s\u0131ras\u0131nda sald\u0131r\u0131y\u0131a u\u011frayan Uludere Kaymakam\u0131 Naif Yavuz, kendisine sald\u0131ranlar\u0131n Uludereli olmad\u0131\u011f\u0131n\u0131 s\u00f6yledi. Yavuz, &#8220;Bir saat i\u00e7eride kald\u0131m. Vatanda\u015flar beni ba\u011fr\u0131na bast\u0131. Vatanda\u015flar\u0131n ba\u011fr\u0131na basmas\u0131 ba\u015fkalar\u0131n\u0131 rahats\u0131z etmi\u015ftir&#8221; dedi.<!--more--><\/p>\n<p style=\"text-align: justify;\">\u015e\u0131rnak&#8217;\u0131n Uludere il\u00e7esindeki bombalamada hayat\u0131n\u0131 kaybedenlerin ailelerine taziye ziyareti i\u00e7in G\u00fclyaz\u0131 K\u00f6y\u00fc&#8217;nde taziye \u00e7ad\u0131r\u0131na giden ve bir grup taraf\u0131ndan darp edilen Kaymakam Yavuz&#8217;\u0131n tedavisi \u015e\u0131rnak Asker Hastanesi&#8217;nde s\u00fcr\u00fcyor.<\/p>\n<p style=\"text-align: justify;\">Ba\u015f\u0131ndan ve y\u00fcz\u00fcnden yaraland\u0131\u011f\u0131 g\u00f6zlenen Naif Yavuz, olay ve sonras\u0131nda ya\u015fad\u0131klar\u0131n\u0131 AA muhabirlerine anlatt\u0131.<\/p>\n<p style=\"text-align: justify;\">Kendisine sald\u0131ranlar\u0131n cenaze sahipleri olmad\u0131\u011f\u0131n\u0131 vurgulayan Yavuz, &#8220;Hatta, cenaze sahiplerinden bana bir haber geldi; &#8216;Kaymakama yap\u0131lan bu sald\u0131r\u0131, bir \u00f6nceki sald\u0131r\u0131dan daha \u00e7ok bizi rencide etmi\u015ftir. \u00c7ok daha \u00fczm\u00fc\u015ft\u00fcr&#8217; diye. Cenaze sahipleri beni arad\u0131lar. \u00dcz\u00fcnt\u00fclerini dile getirdiler&#8221; diye konu\u015ftu.<\/p>\n<p style=\"text-align: justify;\">Naif Yavuz, sald\u0131rganlara kar\u015f\u0131 kendisini k\u00f6yl\u00fclerin korudu\u011funa dikkati \u00e7ekerek, \u015funlar\u0131 s\u00f6yledi:<\/p>\n<p style=\"text-align: justify;\">&#8220;Ben bir saat i\u00e7eride kald\u0131m. Vatanda\u015flar beni ba\u011fr\u0131na bast\u0131. Vatanda\u015flar\u0131n ba\u011fr\u0131na basmas\u0131 ba\u015fkalar\u0131n\u0131 rahats\u0131z etmi\u015ftir. Cenaze sahipleri beni ba\u011fr\u0131na bast\u0131. Kendilerine \u015f\u00fckranlar\u0131m\u0131 sunuyorum. Bana sald\u0131ranlar asla ve asla cenaze sahipleri de\u011fildir. Beni orada koruyan da k\u00f6yl\u00fcn\u00fcn kendisidir. Bana vuranlar\u0131n hi\u00e7biri Uludereli de\u011fildir. D\u0131\u015fardan gelen provokat\u00f6rlerdir.&#8221;<\/p>\n<p style=\"text-align: justify;\"><strong>Kimlikleri tespit ediliyor\u00a0<\/strong><\/p>\n<p style=\"text-align: justify;\">\u00d6te yandan \u015e\u0131rnak Valili\u011fi, Uludere Kaymakam\u0131 Naif Yavuz&#8217;a G\u00fclyaz\u0131 K\u00f6y\u00fc&#8217;nde lin\u00e7 giri\u015fiminde bulunanlar\u0131n saptanmas\u0131 \u00e7al\u0131\u015fmalar\u0131nda son a\u015famaya gelindi\u011fini a\u00e7\u0131klad\u0131.<\/p>\n<p style=\"text-align: justify;\">Valili\u011fin yaz\u0131l\u0131 a\u00e7\u0131klamas\u0131nda olay\u0131n halk\u0131n Kaymakam Naif Yavuz&#8217;a y\u00f6nelik sevgisini hazmedemeyen karanl\u0131k odaklarca ger\u00e7ekle\u015ftirildi\u011fi g\u00f6r\u00fc\u015f\u00fc savunuldu. A\u00e7\u0131klamada \u015f\u00f6yle denildi:<\/p>\n<p style=\"text-align: justify;\">&#8220;Bu \u015fah\u0131slar\u0131 y\u00f6nlendiren karanl\u0131k odaklar\u0131n de\u015fifre edilerek adalete teslim edilmesine y\u00f6nelik \u00e7al\u0131\u015fmalar, devletin istihbarat ve g\u00fcvenlik birimlerinin koordineli ve kararl\u0131 \u00e7al\u0131\u015fmalar\u0131yla s\u00fcrd\u00fcr\u00fclmekte olup, sonu\u00e7lar\u0131 en k\u0131sa zamanda kamuoyu ile payla\u015f\u0131lacakt\u0131r. Uludere \u0130l\u00e7esi&#8217;nde ya\u015fayan vatanda\u015flar\u0131m\u0131z ile G\u00fclyaz\u0131, Ortasu ve Ortaba\u011f k\u00f6ylerindeki taziye sahiplerinin Uludere Kaymakam\u0131 Naif Yavuz&#8217;a y\u00f6nelik sevgisini ve tevecc\u00fch\u00fcn\u00fc hazmedemeyen karanl\u0131k odaklardan talimat alan, ayn\u0131 zamanda yapt\u0131klar\u0131 \u00e7irkin davran\u0131\u015f\u0131n fark\u0131nda bile olmayan bir m\u00fctecaviz grup taraf\u0131ndan il\u00e7e kaymakam\u0131m\u0131za y\u00f6nelik ger\u00e7ekle\u015ftirilen hayas\u0131z sald\u0131r\u0131, ba\u015fta t\u00fcm taziye sahipleri ve o il\u00e7ede ya\u015fayan vatanda\u015flar\u0131m\u0131z taraf\u0131ndan b\u00fcy\u00fck bir \u00fcz\u00fcnt\u00fcyle kar\u015f\u0131lan\u0131p lanetlenmi\u015ftir.&#8221;<\/p>\n<p style=\"text-align: justify;\"><a href=\"http:\/\/www.cnnturk.com\/2012\/turkiye\/01\/01\/o.kaymakam.konustu\/642826.0\/index.html\" target=\"_blank\">Kaynak : CNN T\u00dcRK<\/a><\/p>\n","protected":false},"excerpt":{"rendered":"<p style=\"text-align: center;\">\n<p style=\"text-align: justify;\">Taziye ziyareti s\u0131ras\u0131nda sald\u0131r\u0131y\u0131a u\u011frayan Uludere Kaymakam\u0131 Naif Yavuz, kendisine sald\u0131ranlar\u0131n Uludereli olmad\u0131\u011f\u0131n\u0131 s\u00f6yledi. Yavuz, &#8220;Bir saat i\u00e7eride kald\u0131m. Vatanda\u015flar beni ba\u011fr\u0131na bast\u0131. Vatanda\u015flar\u0131n ba\u011fr\u0131na basmas\u0131 ba\u015fkalar\u0131n\u0131 rahats\u0131z etmi\u015ftir&#8221; dedi.<\/p>\n","protected":false},"author":1,"featured_media":0,"comment_status":"open","ping_status":"open","sticky":false,"template":"","format":"standard","meta":{"footnotes":""},"categories":[105],"tags":[],"class_list":["post-45643","post","type-post","status-publish","format-standard","hentry","category-gundem","odd"],"_links":{"self":[{"href":"http:\/\/www.korhanyilmaz.com\/index.php?rest_route=\/wp\/v2\/posts\/45643","targetHints":{"allow":["GET"]}}],"collection":[{"href":"http:\/\/www.korhanyilmaz.com\/index.php?rest_route=\/wp\/v2\/posts"}],"about":[{"href":"http:\/\/www.korhanyilmaz.com\/index.php?rest_route=\/wp\/v2\/types\/post"}],"author":[{"embeddable":true,"href":"http:\/\/www.korhanyilmaz.com\/index.php?rest_route=\/wp\/v2\/users\/1"}],"replies":[{"embeddable":true,"href":"http:\/\/www.korhanyilmaz.com\/index.php?rest_route=%2Fwp%2Fv2%2Fcomments&post=45643"}],"version-history":[{"count":0,"href":"http:\/\/www.korhanyilmaz.com\/index.php?rest_route=\/wp\/v2\/posts\/45643\/revisions"}],"wp:attachment":[{"href":"http:\/\/www.korhanyilmaz.com\/index.php?rest_route=%2Fwp%2Fv2%2Fmedia&parent=45643"}],"wp:term":[{"taxonomy":"category","embeddable":true,"href":"http:\/\/www.korhanyilmaz.com\/index.php?rest_route=%2Fwp%2Fv2%2Fcategories&post=45643"},{"taxonomy":"post_tag","embeddable":true,"href":"http:\/\/www.korhanyilmaz.com\/index.php?rest_route=%2Fwp%2Fv2%2Ftags&post=45643"}],"curies":[{"name":"wp","href":"https:\/\/api.w.org\/{rel}","templated":true}]}}