{"id":45628,"date":"2011-12-31T16:02:15","date_gmt":"2011-12-31T14:02:15","guid":{"rendered":"http:\/\/www.korhanyilmaz.com\/?p=45628"},"modified":"2011-12-31T19:34:18","modified_gmt":"2011-12-31T17:34:18","slug":"maasta-kantarin-topuzu-kacti","status":"publish","type":"post","link":"http:\/\/www.korhanyilmaz.com\/?p=45628","title":{"rendered":"Maa\u015fta kantar\u0131n topuzu ka\u00e7t\u0131"},"content":{"rendered":"<p style=\"text-align: center;\"><a href=\"http:\/\/www.korhanyilmaz.com\/wp-content\/uploads\/2011\/12\/8912.jpg\"  class=\"lightview\"><img loading=\"lazy\" decoding=\"async\" class=\"aligncenter  wp-image-45635\" src=\"http:\/\/www.korhanyilmaz.com\/wp-content\/uploads\/2011\/12\/8912.jpg\" alt=\"\" width=\"396\" height=\"180\" \/><\/a><\/p>\n<p style=\"text-align: justify;\">\u00c7elik, &#8221;Emekli milletvekillerimizin maa\u015flar\u0131 vatanda\u015fta olumsuz etki olu\u015fturdu. Cumhurba\u015fkan\u0131m\u0131z da bunu dikkate alarak geri g\u00f6nderdi. Emekli milletvekillerinin maa\u015flar\u0131n\u0131n aras\u0131nda, \u00e7ok fazla farkl\u0131l\u0131k vard\u0131&#8221; dedi.\u00a0<!--more--><\/p>\n<p style=\"text-align: justify;\">\u00c7al\u0131\u015fma ve Sosyal G\u00fcvenlik Bakan\u0131 Faruk \u00c7elik, Cumhurba\u015fkan\u0131 Abdullah G\u00fcl\u2019\u00fcn emekli milletvekili maa\u015flar\u0131ndaki art\u0131\u015f\u0131 veto etmesiyle ilgili soru \u00fczerine &#8220;Emekli milletvekillerimizin maa\u015flar\u0131 vatanda\u015fta olumsuz etki olu\u015fturdu. Cumhurba\u015fkan\u0131m\u0131z da bunu dikkate alarak geri g\u00f6nderdi. Emekli milletvekillerinin maa\u015flar\u0131n\u0131n aras\u0131nda, \u00e7ok fazla farkl\u0131l\u0131k vard\u0131&#8221; dedi.<\/p>\n<p style=\"text-align: justify;\">\u00c7al\u0131\u015fma ve Sosyal G\u00fcvenlik Bakan\u0131 Faruk \u00c7elik, yeni y\u0131la ailesinin bulundu\u011fu eski se\u00e7im b\u00f6lgesi Bursa\u2019da girmek \u00fczere geldi. Bakan \u00c7elik, merkez Osmangazi il\u00e7esi Tahtakale Mahallesi\u2019nde bulunan Orhaneili- Keles- B\u00fcy\u00fckorhan ve Harmanc\u0131k Yard\u0131mla\u015fma Derne\u011fi\u2019nin (DA\u011e-DER) d\u00fczenledi\u011fi kahvalt\u0131ya kat\u0131ld\u0131. Da\u011f, il\u00e7elerinin sorunlar\u0131 ile ilgili de\u011ferlendirmede bulunan Bakan \u00c7elik daha sonra gazetecilerin sorular\u0131n\u0131 yan\u0131tlad\u0131.<\/p>\n<p style=\"text-align: justify;\">Bakan \u00c7elik, y\u00f6neltilen, &#8220;Asgari \u00fccret i\u015f\u00e7i taraf\u0131ndan ve sizin taraf\u0131n\u0131zdan yeterli g\u00f6r\u00fcl\u00fcyor mu?&#8221; soruya, &#8220;Ba\u015fbakan\u0131m\u0131z\u0131n dar, sabit gelirli ve dezavantajl\u0131 gruplarla ilgili hassasiyetini biliyoruz. Ba\u015fbakan, 3+3\u2019\u00fcn b\u00fct\u00e7edeki enflasyon hedeflerini bozacak bir durum olmayaca\u011f\u0131n\u0131 belirtti. Enflasyonun iki kat\u0131 kadar bir art\u0131\u015f\u0131 ger\u00e7ekle\u015ftirdik. Y\u00fczde 6 olarak beklenen asgari \u00fccret zamm\u0131n\u0131 y\u00fczde 12.5 olarak ilan ettik. \u0130\u015fverenimiz, i\u015f\u00e7i kesimimiz uzun y\u0131llar sonra h\u00fck\u00fcmetle birlikte uzla\u015farak karar verdik. Toplumsal bar\u0131\u015f a\u00e7\u0131s\u0131nda bu \u00e7ok \u00f6nemli. \u0130\u015fverenlerimizde sa\u011fduyulu oldu. \u0130\u015f\u00e7i kesimimizde beklentileri y\u00fcksek. Onlara terc\u00fcme olmay\u0131 ba\u015fard\u0131k&#8221; yan\u0131t\u0131n\u0131 verdi.<\/p>\n<p style=\"text-align: justify;\"><strong>&#8220;KANTARIN TOPUZU KA\u00c7TI&#8221;<\/strong><\/p>\n<p style=\"text-align: justify;\">\u00c7al\u0131\u015fma ve Sosyal G\u00fcvenlik Bakan\u0131 Faruk \u00c7elik, Cumhurba\u015fkan\u0131 Abdullah G\u00fcl\u2019\u00fcn, emekli milletvekillerinin maa\u015f art\u0131\u015f\u0131n\u0131 veto etmesiyle ilgili soru \u00fczerine buna TBMM\u2019de b\u00fct\u00fcn siyasi partilerin bir araya gelerek karar verdiklerini kaydedederek, \u015f\u00f6yle devam etti:<\/p>\n<p style=\"text-align: justify;\">&#8220;Emekli milletvekillerinin maa\u015flar\u0131nda art\u0131\u015f sa\u011fland\u0131. Kantar\u0131n topuzunun ka\u00e7t\u0131\u011f\u0131 konusunda kamuoyunda yayg\u0131n bir kanaat olu\u015ftu. Emekli milletvekillerimizin maa\u015flar\u0131 her sa\u011fduyulu vatanda\u015fta olumsuz etki olu\u015fturdu. Cumhurba\u015fkan\u0131m\u0131z da bunu dikkate alarak geri g\u00f6nderdi. Emekli milletvekillerinin maa\u015flar\u0131n\u0131n aras\u0131nda, \u00e7ok fazla farkl\u0131l\u0131k vard\u0131. 800, 1100 bin lira, 3 bin 300, 5 bin alan vard\u0131. Bunu gidermeye d\u00f6n\u00fck b\u00f6l\u00fcm bozulmad\u0131. Her milletvekili e\u015fit maa\u015f almaya ba\u015flayacak. Ama y\u00fczde 40\u2019larda olmas\u0131 gerekirken, y\u00fczde 60 olan zamm\u0131 Cumhurba\u015fkan\u0131m\u0131z geri g\u00f6nderdi. Burada kantar\u0131n topuzunun ka\u00e7t\u0131\u011f\u0131 do\u011frudur. O b\u00f6l\u00fcm geri g\u00f6nderildi\u011fi i\u00e7in \u00f6n\u00fcm\u00fczdeki g\u00fcnlerde yeniden g\u00f6r\u00fc\u015f\u00fclecek. Milletvekilleri aras\u0131ndaki e\u015fitsiz maa\u015f g\u00fcndeme al\u0131narak de\u011ferlendirme yap\u0131lacak. Kamuoyunu vicdan\u0131n\u0131 rahats\u0131z eden bir karar olmayacak.&#8221;<\/p>\n<p style=\"text-align: justify;\"><strong>&#8220;G\u00dcVENL\u0130K KUVVETLER\u0130N\u0130N MORAL\u0130N\u0130 BOZMAYIN&#8221;<\/strong><\/p>\n<p style=\"text-align: justify;\">Bakan \u00c7elik, \u015e\u0131rnak\u2019\u0131n Uludere \u0130l\u00e7esi yak\u0131nlar\u0131nda d\u00fczenlenen hava operasyonunda 35 sivilin \u00f6l\u00fcm\u00fcyle ilgili soru \u00fczerine olaylar\u0131n idari ve adli olarak soru\u015fturuldu\u011funu hat\u0131rlatarak, &#8220;Tablonun ne oldu\u011fu ve nas\u0131l ger\u00e7ekle\u015fti\u011fi ortaya \u00e7\u0131kart\u0131lmal\u0131. Ter\u00f6re ve ter\u00f6riste kar\u015f\u0131 son d\u00f6nemde \u00e7ok dikkatli bir m\u00fccadele sergileniyor. Ter\u00f6r ve ter\u00f6rist ma\u011faras\u0131nda, vatanda\u015f rahats\u0131z edilmeden bertaraf edilmeye \u00e7al\u0131\u015f\u0131l\u0131yor. Bu \u00e7al\u0131\u015fmalarda g\u00fcvenlik g\u00fc\u00e7lerimizin g\u00f6sterdi\u011fi hassasiyeti biliyoruz. Ter\u00f6rle m\u00fccadelede s\u00fcrd\u00fcr\u00fclen dikkatli ve hedefe d\u00f6n\u00fck \u00e7al\u0131\u015fmalarda g\u00fcvenlik kuvvetlerimizin moralini bozacak ifadelerden ka\u00e7\u0131nmak gerekiyor. 35 vatanda\u015f\u0131m\u0131z hayat\u0131n\u0131 kaybetti. Bu 74 milyonu da \u00fczm\u00fc\u015ft\u00fcr. Bu olay\u0131n tam i\u00e7eri\u011fi de netle\u015fmi\u015f de\u011fil. Ger\u00e7ekten sivillere y\u00f6nelikse bunu hi\u00e7 kimse kabul etmez&#8221; dedi.<\/p>\n<p style=\"text-align: justify;\">\u00c7elik, ter\u00f6r \u00f6rg\u00fct\u00fc mensuplar\u0131n\u0131n b\u00f6lgede devletin K\u00fcrtler\u2019e d\u00f6n\u00fck eylem i\u00e7erisinde oldu\u011funa dair olumsuz propaganda s\u00fcrd\u00fcr\u00fcld\u00fc\u011f\u00fcn\u00fc, halk\u0131n bunlara kanmamas\u0131 gerekti\u011fini s\u00f6yledi.<\/p>\n<p style=\"text-align: justify;\"><strong>&#8220;KILI\u00c7DARO\u011eLU S\u0130YAS\u0130 RANT YAPIYOR&#8221;<\/strong><\/p>\n<p style=\"text-align: justify;\">Bakan \u00c7elik, CHP Genel Ba\u015fkan\u0131 Kemal K\u0131l\u0131\u00e7daro\u011flu\u2019nun 33 kur\u015fun de\u011ferlendirmesi hakk\u0131nda ne d\u00fc\u015f\u00fcnd\u00fc\u011f\u00fc sorusuna ise, \u015f\u00f6yle dedi:<\/p>\n<p style=\"text-align: justify;\">&#8220;\u0130\u00e7ler ac\u0131s\u0131 bir durum. Ana muhalefet her olaydan siyasi bir durum, menfaat \u00e7\u0131karma pe\u015finde. Bu son derece yanl\u0131\u015f. Emekli milletvekilleri maa\u015flar\u0131 ile ilgili 4 grup anla\u015fma yapt\u0131. Ben o g\u00fcn meclisteydim. Bir muhalefet partisi milletvekili, grup ba\u015fkanvekili kar\u015f\u0131 \u00e7\u0131kmad\u0131. Ama ertesi g\u00fcn\u00fc sanki onlar kar\u015f\u0131ym\u0131\u015f da, ba\u015fkas\u0131 \u00e7\u0131kartm\u0131\u015f gibi bir yakla\u015f\u0131m sergiliyor. Olay\u0131n tonu rengi ne olursa olsun ana muhalefet partisi siyasi rant i\u00e7in rast gele de\u011ferlendirme yapmamal\u0131. Bu konu hassa bir konu. Bu konuda &amp;lsquo;iktidara nas\u0131l zarar veririm\u2019 diye d\u00fc\u015f\u00fcnmek sorumsuz bir siyaset tarz\u0131d\u0131r. Biz 10 y\u0131ld\u0131r sorumlu siyasetin takip\u00e7isiyiz. Baz\u0131lar\u0131 da sorunlu siyaseti g\u00f6rev edinmi\u015fler.&#8221;<\/p>\n<p style=\"text-align: justify;\">A\u00e7\u0131klamalar\u0131n ard\u0131ndan \u00e7evrede bulunanlar\u0131n sorunlar\u0131n\u0131 dinleyen \u00c7elik, \u2019Yarenler Halk M\u00fczi\u011fi Folklor E\u011fitim ve Ara\u015ft\u0131rma K\u00fclt\u00fcr Derne\u011fi\u2019ni ziyaret ederek, duvardaki saz\u0131 eline ald\u0131. \u2019Dere Geliyor Dere\u2019 t\u00fcrk\u00fcs\u00fcn\u00fc \u00e7alan Bakan \u00c7elik, daha sonra saz\u0131 Dernek Ba\u015fkan\u0131 \u00d6mer Ani\u015f\u2019e vererek A\u015f\u0131k Mahsuni\u2019den \u00a0&#8216;\u00c7e\u015fmi Siyah\u0131m\u2019, &#8216;Bursa\u2019n\u0131n Ufak Tefek Ta\u015flar\u0131\u2019 ve \u2019K\u00fctahya\u2019n\u0131n P\u0131narlar\u0131\u2019 t\u00fcrk\u00fclerine e\u015flik etti.<\/p>\n<p style=\"text-align: justify;\">Arac\u0131na binerek Tahtakale Mahallesi\u2019nde bulunan tarihi k\u00f6yl\u00fc pazar\u0131 \u00f6n\u00fcnden ge\u00e7en Bakan \u00c7elik, arkada\u015flar\u0131 ile birlikte pazarda y\u0131lba\u015f\u0131 al\u0131\u015fveri\u015fine \u00e7\u0131kan emekli Nesrin G\u00fcner ve arkada\u015flar\u0131n\u0131n tepkisiyle kar\u015f\u0131la\u015ft\u0131. Nesrin G\u00fcner, arac\u0131n\u0131n i\u00e7inden halk\u0131 selamlayan \u00c7elik\u2019e &#8220;Bakan\u0131m emekli milletvekillerinin maa\u015flar\u0131n\u0131 d\u00fczelttiniz. Bizimkileri de d\u00fczeltin&#8221; dedi. Bakan \u00c7elik ise G\u00fcner\u2019i g\u00fcl\u00fcmseyerek oradan ayr\u0131ld\u0131.<\/p>\n<p style=\"text-align: justify;\"><a href=\"http:\/\/www.gazeteport.com.tr\/haber\/71262\/maasta_kantarin_topuzu_kacti\" target=\"_blank\">Kaynak : GAZETEPORT<\/a><\/p>\n","protected":false},"excerpt":{"rendered":"<p style=\"text-align: center;\">\n<p style=\"text-align: justify;\">\u00c7elik, &#8221;Emekli milletvekillerimizin maa\u015flar\u0131 vatanda\u015fta olumsuz etki olu\u015fturdu. Cumhurba\u015fkan\u0131m\u0131z da bunu dikkate alarak geri g\u00f6nderdi. Emekli milletvekillerinin maa\u015flar\u0131n\u0131n aras\u0131nda, \u00e7ok fazla farkl\u0131l\u0131k vard\u0131&#8221; dedi. <\/p>\n","protected":false},"author":1,"featured_media":0,"comment_status":"open","ping_status":"open","sticky":false,"template":"","format":"standard","meta":{"footnotes":""},"categories":[7],"tags":[],"class_list":["post-45628","post","type-post","status-publish","format-standard","hentry","category-ekonomi","odd"],"_links":{"self":[{"href":"http:\/\/www.korhanyilmaz.com\/index.php?rest_route=\/wp\/v2\/posts\/45628","targetHints":{"allow":["GET"]}}],"collection":[{"href":"http:\/\/www.korhanyilmaz.com\/index.php?rest_route=\/wp\/v2\/posts"}],"about":[{"href":"http:\/\/www.korhanyilmaz.com\/index.php?rest_route=\/wp\/v2\/types\/post"}],"author":[{"embeddable":true,"href":"http:\/\/www.korhanyilmaz.com\/index.php?rest_route=\/wp\/v2\/users\/1"}],"replies":[{"embeddable":true,"href":"http:\/\/www.korhanyilmaz.com\/index.php?rest_route=%2Fwp%2Fv2%2Fcomments&post=45628"}],"version-history":[{"count":0,"href":"http:\/\/www.korhanyilmaz.com\/index.php?rest_route=\/wp\/v2\/posts\/45628\/revisions"}],"wp:attachment":[{"href":"http:\/\/www.korhanyilmaz.com\/index.php?rest_route=%2Fwp%2Fv2%2Fmedia&parent=45628"}],"wp:term":[{"taxonomy":"category","embeddable":true,"href":"http:\/\/www.korhanyilmaz.com\/index.php?rest_route=%2Fwp%2Fv2%2Fcategories&post=45628"},{"taxonomy":"post_tag","embeddable":true,"href":"http:\/\/www.korhanyilmaz.com\/index.php?rest_route=%2Fwp%2Fv2%2Ftags&post=45628"}],"curies":[{"name":"wp","href":"https:\/\/api.w.org\/{rel}","templated":true}]}}