{"id":45624,"date":"2011-12-31T12:33:15","date_gmt":"2011-12-31T10:33:15","guid":{"rendered":"http:\/\/www.korhanyilmaz.com\/?p=45624"},"modified":"2011-12-31T15:39:12","modified_gmt":"2011-12-31T13:39:12","slug":"kaymakam-linc-ediliyordu","status":"publish","type":"post","link":"http:\/\/www.korhanyilmaz.com\/?p=45624","title":{"rendered":"Kaymakam lin\u00e7 ediliyordu"},"content":{"rendered":"<p style=\"text-align: center;\"><a href=\"http:\/\/www.korhanyilmaz.com\/wp-content\/uploads\/2011\/12\/8910.jpg\"  class=\"lightview\"><img loading=\"lazy\" decoding=\"async\" class=\"aligncenter  wp-image-45625\" src=\"http:\/\/www.korhanyilmaz.com\/wp-content\/uploads\/2011\/12\/8910.jpg\" alt=\"\" width=\"396\" height=\"180\" \/><\/a><\/p>\n<p style=\"text-align: justify;\">Bombard\u0131manda \u00f6len 35 ki\u015fi i\u00e7in taziye ziyaretinde bulunmak \u00fczere G\u00fclyaz\u0131 k\u00f6y\u00fcne giden Uludere Kaymakam\u0131 Naif Yavuz ziyaret s\u0131ras\u0131nda bir grubun ta\u015fl\u0131 ve yumruklu sald\u0131r\u0131s\u0131na u\u011frad\u0131.<\/p>\n<p style=\"text-align: justify;\">\u015eIRNAK &#8211; Irak s\u0131n\u0131r\u0131nda meydana gelen olayda hayat\u0131n\u0131 kaybedenler i\u00e7in G\u00fclyaz\u0131 k\u00f6y\u00fcndeki taziye \u00e7ad\u0131r\u0131n\u0131 ziyaret eden Uludere Kaymakam\u0131 Naif Yavuz, bir grup taraf\u0131ndan darp edildi.\u00a0<!--more--><\/p>\n<p style=\"text-align: justify;\">Kaymakam Yavuz, beraberinde birka\u00e7 ki\u015fi ile birlikte Irak s\u0131n\u0131r\u0131nda meydana gelen olayda hayat\u0131n\u0131 kaybeden 35 ki\u015finin yak\u0131nlar\u0131na ba\u015fsa\u011fl\u0131\u011f\u0131 dile\u011finde bulunmak i\u00e7in G\u00fclyaz\u0131 k\u00f6y\u00fcne geldi.<\/p>\n<p style=\"text-align: justify;\"><strong>\u00c7ADIRDA SALDIRDILAR<\/strong><\/p>\n<p style=\"text-align: justify;\">Bu s\u0131rada kurulan taziye \u00e7ad\u0131r\u0131na giren Yavuz, i\u00e7eride bulunan bir grubun sald\u0131r\u0131s\u0131na u\u011frad\u0131. \u00c7ad\u0131rdaki di\u011fer vatanda\u015flar\u0131n m\u00fcdahalesiyle d\u0131\u015far\u0131 \u00e7\u0131kar\u0131lan Yavuz, d\u0131\u015far\u0131da bulunan ba\u015fka bir grup taraf\u0131ndan da darp edildi.<\/p>\n<p style=\"text-align: justify;\"><strong>PETROLE KA\u00c7IRDILAR<\/strong><\/p>\n<p style=\"text-align: justify;\">Olaya m\u00fcdahale eden vatanda\u015flar\u0131n \u00f6nlemiyle kurtar\u0131lan Kaymakam Yavuz, yakla\u015f\u0131k bir kilometre uzakl\u0131ktaki petrol istasyonuna g\u00f6t\u00fcr\u00fcld\u00fc. Toplanan kalabal\u0131\u011f\u0131n istasyonuna girme giri\u015fimine baz\u0131 vatanda\u015flar izin vermezken, olay yerine gelen BDP Grup Ba\u015fkan vekili Hasip Kaplan, grubun sakinle\u015fmesi i\u00e7in anonslar yapt\u0131.<\/p>\n<p style=\"text-align: justify;\"><strong>SA\u011eLIK DURUMU \u0130Y\u0130<\/strong><\/p>\n<p style=\"text-align: justify;\">\u00c7evre k\u00f6ylerin ileri gelenlerinin de \u00e7abas\u0131 sonucu kalabal\u0131k petrol istasyondan ayr\u0131l\u0131rken, Kaymakam Naif Yavuz olay yerine gelen bir ambulansla al\u0131narak b\u00f6lgeden uzakla\u015ft\u0131r\u0131ld\u0131. Yavuz&#8217;un sa\u011fl\u0131k durumunun iyi oldu\u011fu \u00f6\u011frenildi.<\/p>\n<p style=\"text-align: justify;\">\u00d6te yandan k\u00f6ydeki taziye \u00e7ad\u0131r\u0131n\u0131 ziyaret eden BDP Grup Ba\u015fkanvekili Hasip Kaplan, olayda ya\u015fam\u0131n\u0131 yitirenlerin ailelerine ba\u015fsa\u011fl\u0131\u011f\u0131 diledi.<\/p>\n<p style=\"text-align: justify;\"><strong>B\u00dcY\u00dcK PROVAKASYON<\/strong><\/p>\n<p style=\"text-align: justify;\">Kaplan, burada gazetecilere yapt\u0131\u011f\u0131 a\u00e7\u0131klamada, tarihin en b\u00fcy\u00fck provokasyonu ile kar\u015f\u0131 kar\u015f\u0131ya olundu\u011funu ileri s\u00fcrerek, bir an \u00f6nce olayla ilgili soru\u015fturman\u0131n tamamlanmas\u0131n\u0131 istedi.<\/p>\n<p style=\"text-align: justify;\"><strong>A\u011eITLAR&#8230;<\/strong><\/p>\n<p style=\"text-align: justify;\">\u00d6te yandan olayda hayat\u0131n\u0131 kaybeden 35 ki\u015finin yak\u0131nlar\u0131 k\u00f6y\u00fcn 3 kilometresindeki mezarl\u0131\u011f\u0131 ziyaret ederek g\u00f6zya\u015f\u0131 d\u00f6kt\u00fc. K\u00fcrt\u00e7e a\u011f\u0131tlar yakarak yak\u0131nlar\u0131n\u0131n mezarlar\u0131 ba\u015f\u0131nda dua okuyan kad\u0131nlar, daha sonra \u015feker ve bisk\u00fcvi da\u011f\u0131tt\u0131.<\/p>\n<p style=\"text-align: justify;\">K\u00f6y meydan\u0131nda kurulan \u00e7ad\u0131rda ise \u00e7evre k\u00f6y ve il\u00e7elerden gelenlerin taziyeleri kabul ediliyor.<\/p>\n<p style=\"text-align: justify;\"><strong>BAKANLARDAN HASTANEDE Z\u0130YARET<\/strong><\/p>\n<p style=\"text-align: justify;\">\u00d6te yandan Ba\u015fbakan Yard\u0131mc\u0131s\u0131 Be\u015fir Atalay, G\u0131da, Tar\u0131m ve Hayvanc\u0131l\u0131k Bakan\u0131 Mehdi Eker ile Kalk\u0131nma Bakan\u0131 Cevdet Y\u0131lmaz, G\u00fclyaz\u0131 K\u00f6y\u00fc&#8217;nde darp edilen Uludere Kaymakam\u0131 Naif Yavuz&#8217;u hastanede ziyaret etti.<\/p>\n<p style=\"text-align: justify;\">Irak s\u0131n\u0131r\u0131ndaki olayda hayat\u0131n\u0131 kaybedenlerin aileleriyle G\u00fclyaz\u0131 K\u00f6y\u00fc&#8217;nde bir araya gelerek taziyelerini ileten Be\u015fir Atalay, Mehdi Eker ve Cevdet Y\u0131lmaz, daha sonra helikopterle \u015e\u0131rnak&#8217;a geldi.<\/p>\n<p style=\"text-align: justify;\">\u015e\u0131rnak Asker Hastanesi&#8217;ne ge\u00e7en bakanlar, olayda hayat\u0131n\u0131 kaybedenlerin yak\u0131nlar\u0131na ba\u015f sa\u011fl\u0131\u011f\u0131 dilemek i\u00e7in gitti\u011fi G\u00fclyaz\u0131 k\u00f6y\u00fcndeki taziye \u00e7ad\u0131r\u0131nda bir grup taraf\u0131ndan darp edilen Uludere Kaymakam\u0131 Naif Yavuz&#8217;u ziyaret etti. Acil serviste tedavisi yap\u0131lan Yavuz&#8217;un sa\u011fl\u0131k durumunun iyi oldu\u011fu bildirildi.<\/p>\n<p style=\"text-align: justify;\">Bakanlar\u0131n hastanedeki ziyaretine G\u0131da, Tar\u0131m ve Hayvanc\u0131l\u0131k Bakan Yard\u0131mc\u0131s\u0131 Kutbettin Arzu, AK Parti Diyarbak\u0131r milletvekilleri Galip Ensario\u011flu, Mine L\u00f6k Beyaz, Mehmet S\u00fcleyman Hamzao\u011fullar\u0131, Oya Eronat, \u015e\u0131rnak Milletvekili Mehmet Emin Dindar, Diyarbak\u0131r Valisi Mustafa Toprak ve \u015e\u0131rnak Valisi Vahdettin \u00d6zkan da e\u015flik etti.<\/p>\n<p style=\"text-align: justify;\"><a href=\"http:\/\/www.gazeteport.com.tr\/haber\/71230\/uluderede_kaymakama_saldiri\" target=\"_blank\">Kaynak : GAZETEPORT<\/a><\/p>\n","protected":false},"excerpt":{"rendered":"<p style=\"text-align: center;\">\n<p style=\"text-align: justify;\">Bombard\u0131manda \u00f6len 35 ki\u015fi i\u00e7in taziye ziyaretinde bulunmak \u00fczere G\u00fclyaz\u0131 k\u00f6y\u00fcne giden Uludere Kaymakam\u0131 Naif Yavuz ziyaret s\u0131ras\u0131nda bir grubun ta\u015fl\u0131 ve yumruklu sald\u0131r\u0131s\u0131na u\u011frad\u0131.<\/p>\n<p style=\"text-align: justify;\">\u015eIRNAK &#8211; Irak s\u0131n\u0131r\u0131nda meydana gelen olayda hayat\u0131n\u0131 kaybedenler i\u00e7in G\u00fclyaz\u0131 k\u00f6y\u00fcndeki taziye \u00e7ad\u0131r\u0131n\u0131 ziyaret eden Uludere Kaymakam\u0131 Naif Yavuz, bir grup taraf\u0131ndan <\/p>\n","protected":false},"author":1,"featured_media":0,"comment_status":"open","ping_status":"open","sticky":false,"template":"","format":"standard","meta":{"footnotes":""},"categories":[105],"tags":[],"class_list":["post-45624","post","type-post","status-publish","format-standard","hentry","category-gundem","odd"],"_links":{"self":[{"href":"http:\/\/www.korhanyilmaz.com\/index.php?rest_route=\/wp\/v2\/posts\/45624","targetHints":{"allow":["GET"]}}],"collection":[{"href":"http:\/\/www.korhanyilmaz.com\/index.php?rest_route=\/wp\/v2\/posts"}],"about":[{"href":"http:\/\/www.korhanyilmaz.com\/index.php?rest_route=\/wp\/v2\/types\/post"}],"author":[{"embeddable":true,"href":"http:\/\/www.korhanyilmaz.com\/index.php?rest_route=\/wp\/v2\/users\/1"}],"replies":[{"embeddable":true,"href":"http:\/\/www.korhanyilmaz.com\/index.php?rest_route=%2Fwp%2Fv2%2Fcomments&post=45624"}],"version-history":[{"count":0,"href":"http:\/\/www.korhanyilmaz.com\/index.php?rest_route=\/wp\/v2\/posts\/45624\/revisions"}],"wp:attachment":[{"href":"http:\/\/www.korhanyilmaz.com\/index.php?rest_route=%2Fwp%2Fv2%2Fmedia&parent=45624"}],"wp:term":[{"taxonomy":"category","embeddable":true,"href":"http:\/\/www.korhanyilmaz.com\/index.php?rest_route=%2Fwp%2Fv2%2Fcategories&post=45624"},{"taxonomy":"post_tag","embeddable":true,"href":"http:\/\/www.korhanyilmaz.com\/index.php?rest_route=%2Fwp%2Fv2%2Ftags&post=45624"}],"curies":[{"name":"wp","href":"https:\/\/api.w.org\/{rel}","templated":true}]}}