{"id":45621,"date":"2011-12-31T08:41:50","date_gmt":"2011-12-31T06:41:50","guid":{"rendered":"http:\/\/www.korhanyilmaz.com\/?p=45621"},"modified":"2011-12-31T15:33:09","modified_gmt":"2011-12-31T13:33:09","slug":"pkk-bayragi-cigerimi-yakti","status":"publish","type":"post","link":"http:\/\/www.korhanyilmaz.com\/?p=45621","title":{"rendered":"&#8220;PKK bayra\u011f\u0131 ci\u011ferimi yakt\u0131&#8221;"},"content":{"rendered":"<p style=\"text-align: center;\"><a href=\"http:\/\/www.korhanyilmaz.com\/wp-content\/uploads\/2011\/12\/8909.jpg\"  class=\"lightview\"><img loading=\"lazy\" decoding=\"async\" class=\"aligncenter  wp-image-45622\" src=\"http:\/\/www.korhanyilmaz.com\/wp-content\/uploads\/2011\/12\/8909.jpg\" alt=\"\" width=\"396\" height=\"180\" \/><\/a><\/p>\n<p style=\"text-align: justify;\">\u015e\u0131rnak&#8217;taki bombard\u0131manda \u00e7ocuklar\u0131n\u0131 kaybeden gazi konu\u015ftu.<\/p>\n<p style=\"text-align: justify;\">\u015eIRNAK &#8211; Operasyonda hayat\u0131na kaybedenlerden gazi \u00e7ocuklar\u0131 da var. 17 ya\u015f\u0131ndaki o\u011flunu kaybeden Gazi Abd\u00fclaziz Encu, \u201cH\u00fck\u00fcmet meydan\u0131 bo\u015f b\u0131rakt\u0131. \u00c7ocu\u011fumun tabutunun \u00fcst\u00fcne bayrak ast\u0131lar. Bu g\u00f6r\u00fcnt\u00fcy\u00fc g\u00f6r\u00fcnce ci\u011ferim yand\u0131. Bizi sahipsiz b\u0131rakt\u0131lar\u201d diye isyan etti.\u00a0<!--more--><\/p>\n<p style=\"text-align: justify;\">Vatan gazetesinin haberine g\u00f6re, g\u00f6n\u00fcll\u00fc koruculuk yaparken baca\u011f\u0131n\u0131 kaybeden Gazi Abd\u00fclaziz Encu, operasyonda 17 ya\u015f\u0131ndaki o\u011flu Salih\u2019i kaybetti. Salih a\u00e7\u0131k liseye gidiyordu ve hayali ise \u00fcniversiteyi kazanmakt\u0131. Baba Encu hem \u00e7ocu\u011funun bombalanarak \u00f6ld\u00fcr\u00fclmesinde ya\u015fanan ihmale hem de t\u00f6rende yanl\u0131z b\u0131rak\u0131lmas\u0131na isyan ediyor: \u201cBen bu da\u011flarda vatan\u0131m i\u00e7in baca\u011f\u0131m\u0131 kaybettim. 99 y\u0131l\u0131nda D\u00fc\u011f\u00fcn Da\u011f\u0131\u2019nda PKK\u2019n\u0131n d\u00f6\u015fedi\u011fi may\u0131na bast\u0131k. Amcam olay yerinde \u00f6ld\u00fc. Benim baca\u011f\u0131m koptu, bir Mehmed de yaraland\u0131. Da\u011fda bir serum vard\u0131, baca\u011f\u0131m koptu\u011fu i\u00e7in bana takt\u0131lar. \u00c7\u0131kartt\u0131m serumu \u2018O gen\u00e7tir, ona tak\u0131n, ben ya\u015fl\u0131y\u0131m\u2019 dedim. Biz bu fedakarl\u0131klar\u0131 \u00e7ocuklar\u0131m\u0131za bir \u015fey olmas\u0131n diye yapt\u0131k. \u015eimdi \u00e7ocu\u011fum, 17 ya\u015f\u0131ndaki Salihim\u2019in tabutu geldi. 17 ya\u015f\u0131ndayd\u0131, \u00c7ukurova \u00dcniversitesi\u2019nde okuyan abisi gibi \u00fcniversiteye gitmek istiyordu. A\u00e7\u0131k liseye gidiyordu, daha yeni ni\u015fanlanm\u0131\u015ft\u0131. Ama kaybettik. Hem de devletin u\u00e7aklar\u0131n\u0131n bombas\u0131yla. B\u00f6yle \u015fey olur mu? Kontrol etmeden bomba at\u0131l\u0131r m\u0131? Sorumlular bulunmal\u0131. Ben bu devlete bu kadar hizmet ettim. Olmayan baca\u011f\u0131mla g\u00f6n\u00fcll\u00fc koruculuk yap\u0131yorum. Bunlar yetmezmi\u015f gibi hem \u00e7ocu\u011fumu kaybediyorum hem de yaln\u0131z b\u0131rak\u0131l\u0131yorum. \u00c7ocu\u011fumun tabutunun \u00fcst\u00fcne bayrak ast\u0131lar. H\u00fck\u00fcmet meydan\u0131 bo\u015f b\u0131rakt\u0131. BDP\u2019lilerin propaganda alan\u0131 oldu. Bu g\u00f6r\u00fcnt\u00fcy\u00fc g\u00f6r\u00fcnce ci\u011ferim yand\u0131. Bizi sahipsiz b\u0131rakt\u0131lar&#8230;\u201d<\/p>\n<p style=\"text-align: justify;\"><strong>\u0130K\u0130NC\u0130 G\u0130D\u0130\u015e\u0130YD\u0130<\/strong><\/p>\n<p style=\"text-align: justify;\">Bir di\u011fer gazi ise 30 ya\u015f\u0131ndaki Mehmet Encu. Mehmet Encu 1998\u2019de Kuzey Irak\u2019a d\u00fczenlenen s\u0131n\u0131r operasyonu s\u0131ras\u0131nda patlayan bomba ile iki g\u00f6z\u00fcn\u00fc kaybetmi\u015f. Art arda yap\u0131lan ameliyatlardan sonra bir g\u00f6z\u00fc kurtar\u0131lm\u0131\u015f. O da iyi g\u00f6rm\u00fcyor. Son olayda 13 ya\u015f\u0131ndaki o\u011flu Erkan, 29 ya\u015f\u0131ndaki karde\u015fi H\u00fcsn\u00fc ve 19 ya\u015f\u0131ndaki di\u011fer karde\u015fi Sava\u015f\u2019\u0131 kaybetmi\u015f. Encu \u00f6nce o\u011flunun neden ka\u00e7ak\u00e7\u0131l\u0131k yapt\u0131\u011f\u0131n\u0131 \u015f\u00f6yle anlatt\u0131: \u201cGaziyim ben, ayl\u0131k bin TL al\u0131yorum. Ama 5 \u00e7ocu\u011fum var. Kemal en k\u00fc\u00e7\u00fckten bir \u00f6nceki. \u0130lk\u00f6\u011fretim 7. s\u0131n\u0131fa gidiyor. Tabii ona har\u00e7l\u0131k veremiyorum. Bana ge\u00e7enlerde geldi ve \u201cBaba cebimde 5 kuru\u015f yok. Har\u00e7l\u0131k i\u00e7in mazota gidece\u011fim\u201d dedi. Hay\u0131r desem cebine koyacak para yok. Kabul ettim. \u0130kinci gidi\u015fiydi. D\u00f6n\u00fc\u015f\u00fc tabutta oldu.\u201d Bayrak olay\u0131na ise \u00e7ok k\u0131zg\u0131n Encu: \u201cZaten g\u00f6z\u00fcm az g\u00f6r\u00fcyor. \u00dcst\u00fcnde PKK bayra\u011f\u0131 m\u0131 var dedim i\u00e7imden. \u0130nanamad\u0131m. Bunu kabullenemem. Bunlar bizim milletvekilleri gelmedi diye oldu. Onlar bo\u015f b\u0131rak\u0131nca b\u00f6yle oldu.\u201d<\/p>\n<p style=\"text-align: justify;\"><a href=\"http:\/\/www.gazeteport.com.tr\/haber\/71178\/quotpkk_bayragi_cigerimi_yaktiquot\" target=\"_blank\">Kaynak : GAZETEPORT<\/a><\/p>\n","protected":false},"excerpt":{"rendered":"<p style=\"text-align: center;\">\n<p style=\"text-align: justify;\">\u015e\u0131rnak&#8217;taki bombard\u0131manda \u00e7ocuklar\u0131n\u0131 kaybeden gazi konu\u015ftu.<\/p>\n<p style=\"text-align: justify;\">\u015eIRNAK &#8211; Operasyonda hayat\u0131na kaybedenlerden gazi \u00e7ocuklar\u0131 da var. 17 ya\u015f\u0131ndaki o\u011flunu kaybeden Gazi Abd\u00fclaziz Encu, \u201cH\u00fck\u00fcmet meydan\u0131 bo\u015f b\u0131rakt\u0131. \u00c7ocu\u011fumun tabutunun \u00fcst\u00fcne bayrak ast\u0131lar. Bu g\u00f6r\u00fcnt\u00fcy\u00fc g\u00f6r\u00fcnce ci\u011ferim yand\u0131. Bizi sahipsiz b\u0131rakt\u0131lar\u201d diye isyan etti. <\/p>\n","protected":false},"author":1,"featured_media":0,"comment_status":"open","ping_status":"open","sticky":false,"template":"","format":"standard","meta":{"footnotes":""},"categories":[105],"tags":[],"class_list":["post-45621","post","type-post","status-publish","format-standard","hentry","category-gundem","odd"],"_links":{"self":[{"href":"http:\/\/www.korhanyilmaz.com\/index.php?rest_route=\/wp\/v2\/posts\/45621","targetHints":{"allow":["GET"]}}],"collection":[{"href":"http:\/\/www.korhanyilmaz.com\/index.php?rest_route=\/wp\/v2\/posts"}],"about":[{"href":"http:\/\/www.korhanyilmaz.com\/index.php?rest_route=\/wp\/v2\/types\/post"}],"author":[{"embeddable":true,"href":"http:\/\/www.korhanyilmaz.com\/index.php?rest_route=\/wp\/v2\/users\/1"}],"replies":[{"embeddable":true,"href":"http:\/\/www.korhanyilmaz.com\/index.php?rest_route=%2Fwp%2Fv2%2Fcomments&post=45621"}],"version-history":[{"count":0,"href":"http:\/\/www.korhanyilmaz.com\/index.php?rest_route=\/wp\/v2\/posts\/45621\/revisions"}],"wp:attachment":[{"href":"http:\/\/www.korhanyilmaz.com\/index.php?rest_route=%2Fwp%2Fv2%2Fmedia&parent=45621"}],"wp:term":[{"taxonomy":"category","embeddable":true,"href":"http:\/\/www.korhanyilmaz.com\/index.php?rest_route=%2Fwp%2Fv2%2Fcategories&post=45621"},{"taxonomy":"post_tag","embeddable":true,"href":"http:\/\/www.korhanyilmaz.com\/index.php?rest_route=%2Fwp%2Fv2%2Ftags&post=45621"}],"curies":[{"name":"wp","href":"https:\/\/api.w.org\/{rel}","templated":true}]}}