{"id":45616,"date":"2011-12-30T10:02:04","date_gmt":"2011-12-30T08:02:04","guid":{"rendered":"http:\/\/www.korhanyilmaz.com\/?p=45616"},"modified":"2011-12-31T14:24:10","modified_gmt":"2011-12-31T12:24:10","slug":"agla-yuregim","status":"publish","type":"post","link":"http:\/\/www.korhanyilmaz.com\/?p=45616","title":{"rendered":"35 k\u00f6yl\u00fc g\u00f6zya\u015f\u0131 ve a\u011f\u0131tlarla u\u011furland\u0131."},"content":{"rendered":"<p style=\"text-align: justify;\"><a href=\"http:\/\/www.korhanyilmaz.com\/wp-content\/uploads\/2011\/12\/8908.jpg\"  class=\"lightview\"><img loading=\"lazy\" decoding=\"async\" class=\"aligncenter  wp-image-45617\" src=\"http:\/\/www.korhanyilmaz.com\/wp-content\/uploads\/2011\/12\/8908.jpg\" alt=\"\" width=\"360\" height=\"258\" \/><\/a><\/p>\n<p style=\"text-align: justify;\">Irak s\u0131n\u0131r\u0131nda d\u00fczenlenen hava operasyonunda \u00f6len en k\u00fc\u00e7\u00fc\u011f\u00fc 12 ya\u015f\u0131ndaki 35 k\u00f6yl\u00fcn\u00fcn cenazeleri, 10 bin ki\u015finin kat\u0131ld\u0131\u011f\u0131 t\u00f6renle topra\u011fa verildi. Tabutlar PKK bayraklar\u0131na sar\u0131ld\u0131, t\u00f6rene AK Parti ve h\u00fck\u00fcmeti temsilen kat\u0131lan olmad\u0131. <!--more--><\/p>\n<p style=\"text-align: justify;\">T\u00fcrk Silahl\u0131 Kuvvetleri\u2019nin \u015e\u0131rnak\u2019\u0131n Uludere il\u00e7esinin Irak\u2019a s\u0131f\u0131r noktada bulunan Ortasu k\u00f6y\u00fc s\u0131n\u0131r\u0131nda d\u00fczenledi\u011fi hava operasyonunda ya\u015fam\u0131n\u0131 yitiren 35 ki\u015fi topra\u011fa verildi. En k\u00fc\u00e7\u00fc\u011f\u00fc 12 ya\u015f\u0131nda olan k\u00f6yl\u00fclerin otopsi i\u015flemleri Uludere Devlet Hastanesi\u2019nde Malatya ve Diyarbak\u0131r\u2019dan gelen Adli T\u0131p uzmanlar\u0131 taraf\u0131ndan sabaha kadar s\u00fcren \u00e7al\u0131\u015fmayla tamamland\u0131.<\/p>\n<p style=\"text-align: justify;\"><strong>\u0130ki k\u00f6y aras\u0131nda defin<\/strong><\/p>\n<p style=\"text-align: justify;\">Sabah hastaneden al\u0131nan cenazeler Uludere Ye\u015filyuva Camii\u2019ne g\u00f6t\u00fcr\u00fcld\u00fc. Yan yana s\u0131ralanan tabutlar aras\u0131nda kendi \u00e7ocuklar\u0131n\u0131 arayan ac\u0131l\u0131 annelerin a\u011f\u0131tlar\u0131 y\u00fcrekleri da\u011flad\u0131. Aileler namaz \u00f6ncesi ve sonras\u0131nda tabutlara sar\u0131larak g\u00f6zya\u015f\u0131 d\u00f6kt\u00fc. Namaz\u0131n ard\u0131ndan cenazeler ambulans ve cenaze ara\u00e7lar\u0131yla, yakla\u015f\u0131k 10 bin ki\u015filik konvoy e\u015fli\u011finde Ortasu ile G\u00fclyaz\u0131 k\u00f6yleri aras\u0131nda \u00f6lenler i\u00e7in \u00f6zel olarak kaz\u0131lan mezarl\u0131\u011fa g\u00f6t\u00fcr\u00fcld\u00fc. Cenaze konvoyu yakla\u015f\u0131k 20 kilometrelik yolu ancak 1 saatte alabildi. G\u00fclyaz\u0131 K\u00f6y\u00fc\u2019ne getirilen cenazeler k\u00f6yl\u00fcler taraf\u0131ndan omuzlarda ta\u015f\u0131narak yakla\u015f\u0131k 2 kilometre mesafedeki, i\u015f makinesiyle kaz\u0131lan mezarl\u0131\u011fa g\u00f6t\u00fcr\u00fcld\u00fc.<\/p>\n<p style=\"text-align: justify;\"><strong>K\u0131na dolu tabaklar<\/strong><\/p>\n<p style=\"text-align: justify;\">Cenazelerin ta\u015f\u0131nmas\u0131 s\u0131ras\u0131nda kalabal\u0131k s\u0131k s\u0131k, \u2019Biji serok apo\u2019, \u2019\u015eehitler \u00f6lmez\u2019, \u2019PKK halkt\u0131r, halk burada\u2019, \u2019Bahoz intikam\u2019 sloganlar\u0131 att\u0131. Cenaze t\u00f6renine kat\u0131lan baz\u0131 ki\u015filer bas\u0131n mensuplar\u0131na tepki g\u00f6sterdi. \u00d6lenlerin yak\u0131nlar\u0131 a\u011f\u0131tlar yakarken, ac\u0131l\u0131 annelerden baz\u0131lar\u0131 fenal\u0131k ge\u00e7irdi. Sa\u011fl\u0131k ekiplerince ta\u015f\u0131nan kad\u0131nlara ambulanslarda m\u00fcdahale edildi. Cenazeler mezarl\u0131\u011fa konulmadan \u00f6nce k\u0131na dolu tabaklar, tabutlar \u00fczerinde dola\u015ft\u0131r\u0131ld\u0131. Cenazeler i\u015f makinesiyle 3 s\u0131ra halinde a\u00e7\u0131lan mezarlara konuldu.<\/p>\n<p style=\"text-align: justify;\"><strong>TSK: \u2018\u00d6lenlere rahmet, ailelere sab\u0131r diliyoruz\u2019<\/strong><\/p>\n<p style=\"text-align: justify;\">T\u00dcRK Silahl\u0131 Kuvvetleri (TSK), yay\u0131nlad\u0131\u011f\u0131 bildiriyle ya\u015fam\u0131n\u0131 yitiren 35 ki\u015fiye rahmet, yak\u0131nlar\u0131na da ba\u015fsa\u011fl\u0131\u011f\u0131 diledi. Genelkurmay Ba\u015fkanl\u0131\u011f\u0131\u2019n\u0131n irternet sitesindeki a\u00e7\u0131klamada \u015f\u00f6yle denildi: \u201c28 Aral\u0131k 2011 gecesi s\u0131n\u0131r \u00f6tesinde meydana gelen olayda hayatlar\u0131n\u0131 kaybeden vatanda\u015flar\u0131m\u0131za Allah\u2019tan rahmet, aile yak\u0131nlar\u0131na sab\u0131r ve ba\u015fsa\u011fl\u0131\u011f\u0131 dileriz.\u201d<\/p>\n<p style=\"text-align: justify;\"><strong>AK Parti ve h\u00fck\u00fcmeti temsilen kat\u0131lan olmad\u0131<\/strong><\/p>\n<p style=\"text-align: justify;\">Cenaze t\u00f6renine \u00f6lenlerin yak\u0131nlar\u0131 ve b\u00f6lge halk\u0131n\u0131n yan\u0131s\u0131ra Genel Ba\u015fkan\u0131 Selahattin Demirta\u015f\u2019la birlikte BDP\u2019liler tam kadro kat\u0131ld\u0131. CHPyi Genel Ba\u015fkan Yard\u0131mc\u0131s\u0131 Sezgin Tanr\u0131kulu\u2019nun temsil etti\u011fi t\u00f6rene AK Parti ve h\u00fck\u00fcmetten kat\u0131l\u0131m olmad\u0131. T\u00f6rene Irak\u2019\u0131n kuzeyindeki b\u00f6lgesel y\u00f6netimi temsilen 3 ki\u015finin de kat\u0131ld\u0131\u011f\u0131 bildirildi. Demirta\u015f, \u201cT\u00fcrkiye b\u00f6l\u00fcnm\u00fc\u015ft\u00fcr. Bu ac\u0131y\u0131, bu katliam\u0131 g\u00fcn y\u00fcz\u00fcne \u00e7\u0131kar\u0131p, sorumlular\u0131n\u0131 adil bir yarg\u0131ya teslim edecekse h\u00fck\u00fcmet, i\u015fte deliller burada, tan\u0131klar burada, cenazeler burada\u201d dedi.<\/p>\n<p style=\"text-align: justify;\"><strong>\u2018O\u011flum \u00f6lmeden \u00f6nce beni arad\u0131\u2019<\/strong><\/p>\n<p style=\"text-align: justify;\">G\u00f6z\u00fc ya\u015fl\u0131 anne Mercan Encu, \u00f6len o\u011flu Vedat\u2019\u0131n \u00f6lmeden \u00f6nce kendisini cep telefonu ile arad\u0131\u011f\u0131n\u0131 s\u00f6yledi. BDP\u2019lilerin sakinle\u015ftirmeye \u00e7al\u0131\u015ft\u0131\u011f\u0131 ac\u0131l\u0131 anne: \u201cU\u00e7aklar\u0131n \u00fczerlerine bomba ya\u011fd\u0131rd\u0131\u011f\u0131n\u0131 \u00f6lenlerin oldu\u011funu, 12 ki\u015finin de yaral\u0131 oldu\u011funu s\u00f6yleyerek yard\u0131m istedi. Ben korcu ba\u015f\u0131n\u0131n yan\u0131na gittim. Birlikte G\u00fclyaz\u0131 Tabur Komutanl\u0131\u011f\u0131\u2019na gittik. Oradaki komutan bize, yapabilece\u011fi bir \u015fey olmad\u0131\u011f\u0131n\u0131, insans\u0131z hava ara\u00e7lar\u0131 arac\u0131l\u0131\u011f\u0131yla Malatya ve Ankara\u2019n\u0131n g\u00f6r\u00fcnt\u00fcleri izledi\u011fini s\u00f6yledi. Kimse bir \u015fey yapmad\u0131 ve 12 yaral\u0131 ile birlikte o\u011flum da \u00f6ld\u00fc. Y\u00fcre\u011fime ate\u015f d\u00fc\u015f\u00fcrenlerin y\u00fcreklerine de Allah ate\u015f d\u00fc\u015f\u00fcrs\u00fcn\u201d dedi.<\/p>\n<p style=\"text-align: justify;\"><strong>BDP\u2019liler m\u00fcft\u00fcn\u00fcn arkas\u0131nda namaz k\u0131lmad\u0131<\/strong><\/p>\n<p style=\"text-align: justify;\">Camide cenazelerin ba\u015f\u0131nda bekleyen BDP E\u015f Ba\u015fkan\u0131 Selahattin Demirta\u015f ve G\u00fclten K\u0131\u015fanak ile \u00e7ok say\u0131da milletvekili s\u0131ralanan tabutlar\u0131 g\u00f6r\u00fcnce g\u00f6zya\u015flar\u0131n\u0131 tutamad\u0131. Uludere Merkez Camii\u2019nde k\u0131l\u0131nan namaza BDP\u2019liler kat\u0131lmad\u0131. Cenaze namaz\u0131n\u0131 \u015e\u0131rnak \u0130l M\u00fcft\u00fcs\u00fc Abdullah Kaplan k\u0131ld\u0131rd\u0131. Namaz \u00f6ncesinde konu\u015fan Kaplan, cenaze yak\u0131nlar\u0131na sab\u0131r tavsiyesinde bulundu. 35 cenaze, k\u0131l\u0131nan namaz\u0131n ard\u0131ndan Ortasu k\u00f6y\u00fcnde topra\u011fa verildi.<\/p>\n<p style=\"text-align: justify;\"><a href=\"http:\/\/haber.gazetevatan.com\/agla-yuregim\/420711\/1\/Gundem\" target=\"_blank\">Kaynak : VATAN Gazetesi<\/a><\/p>\n","protected":false},"excerpt":{"rendered":"<p style=\"text-align: justify;\">\n<p style=\"text-align: justify;\">Irak s\u0131n\u0131r\u0131nda d\u00fczenlenen hava operasyonunda \u00f6len en k\u00fc\u00e7\u00fc\u011f\u00fc 12 ya\u015f\u0131ndaki 35 k\u00f6yl\u00fcn\u00fcn cenazeleri, 10 bin ki\u015finin kat\u0131ld\u0131\u011f\u0131 t\u00f6renle topra\u011fa verildi. Tabutlar PKK bayraklar\u0131na sar\u0131ld\u0131, t\u00f6rene AK Parti ve h\u00fck\u00fcmeti temsilen kat\u0131lan olmad\u0131. <\/p>\n","protected":false},"author":1,"featured_media":0,"comment_status":"open","ping_status":"open","sticky":false,"template":"","format":"standard","meta":{"footnotes":""},"categories":[105],"tags":[],"class_list":["post-45616","post","type-post","status-publish","format-standard","hentry","category-gundem","odd"],"_links":{"self":[{"href":"http:\/\/www.korhanyilmaz.com\/index.php?rest_route=\/wp\/v2\/posts\/45616","targetHints":{"allow":["GET"]}}],"collection":[{"href":"http:\/\/www.korhanyilmaz.com\/index.php?rest_route=\/wp\/v2\/posts"}],"about":[{"href":"http:\/\/www.korhanyilmaz.com\/index.php?rest_route=\/wp\/v2\/types\/post"}],"author":[{"embeddable":true,"href":"http:\/\/www.korhanyilmaz.com\/index.php?rest_route=\/wp\/v2\/users\/1"}],"replies":[{"embeddable":true,"href":"http:\/\/www.korhanyilmaz.com\/index.php?rest_route=%2Fwp%2Fv2%2Fcomments&post=45616"}],"version-history":[{"count":0,"href":"http:\/\/www.korhanyilmaz.com\/index.php?rest_route=\/wp\/v2\/posts\/45616\/revisions"}],"wp:attachment":[{"href":"http:\/\/www.korhanyilmaz.com\/index.php?rest_route=%2Fwp%2Fv2%2Fmedia&parent=45616"}],"wp:term":[{"taxonomy":"category","embeddable":true,"href":"http:\/\/www.korhanyilmaz.com\/index.php?rest_route=%2Fwp%2Fv2%2Fcategories&post=45616"},{"taxonomy":"post_tag","embeddable":true,"href":"http:\/\/www.korhanyilmaz.com\/index.php?rest_route=%2Fwp%2Fv2%2Ftags&post=45616"}],"curies":[{"name":"wp","href":"https:\/\/api.w.org\/{rel}","templated":true}]}}