{"id":4561,"date":"2009-03-03T14:55:31","date_gmt":"2009-03-03T12:55:31","guid":{"rendered":"http:\/\/www.korhanyilmaz.com\/?p=4561"},"modified":"2009-03-03T14:55:31","modified_gmt":"2009-03-03T12:55:31","slug":"valilikte-akp-bayraklari-cikti","status":"publish","type":"post","link":"http:\/\/www.korhanyilmaz.com\/?p=4561","title":{"rendered":"Valilikte AKP bayraklar\u0131 \u00e7\u0131kt\u0131"},"content":{"rendered":"<p><img loading=\"lazy\" decoding=\"async\" class=\"aligncenter size-full wp-image-4562\" title=\"Valilikte AKP bayraklar\u0131 \u00e7\u0131kt\u0131\" src=\"http:\/\/www.korhanyilmaz.com\/wp-content\/uploads\/2009\/03\/030320091501014980116.jpg\" alt=\"Valilikte AKP bayraklar\u0131 \u00e7\u0131kt\u0131\" width=\"320\" height=\"100\" \/><strong><\/strong><\/p>\n<p style=\"text-align: justify;\"><strong>Beyaz e\u015fya yard\u0131m\u0131 yapan Tunceli&#8217;de \u015fok geli\u015fme! <\/strong><\/p>\n<p style=\"text-align: justify;\">Tunceli Valili\u011fi&#8217;ne ba\u011fl\u0131 \u0130l \u00d6zel \u0130daresi Genel Sekreterli\u011fi&#8217;ne ait depoda, AKP&#8217;nin se\u00e7im afi\u015fleri, bayraklar\u0131, bro\u015f\u00fcrleri ve Ba\u015fbakan Recep Tayyip Erdo\u011fan&#8217;\u0131n kente geldi\u011fi s\u0131rada as\u0131lan pankartlar\u0131 bulundu\u011fu iddia edildi. Cumhuriyet Savc\u0131l\u0131\u011f\u0131&#8217;n\u0131n talimat\u0131yla depoya bask\u0131n d\u00fczenleyen polis, savc\u0131 nezaretinde aramalar\u0131 tamamlad\u0131. Depodan 7 adet AKP&#8217;nin 7 tane bez afi\u015f bulundu.<\/p>\n<p style=\"text-align: justify;\">Tunceli Valili\u011fi \u00d6zel \u0130dare Genel Sekreterli\u011fi&#8217;nde bug\u00fcn yap\u0131lan Meclis toplant\u0131s\u0131na kat\u0131lan DTP&#8217;li \u00fcyeleri, Genel Sekreterli\u011fi&#8217;ne ait depoda AKP&#8217;ye ait se\u00e7im malzemelerinin tutuldu\u011funu belirterek depoda arama yap\u0131lmas\u0131n\u0131 istedi. \u00d6nerge do\u011frultusunde depoya inen Meclis \u00fcyeleri, burada AKP&#8217;ye ait se\u00e7im afi\u015fleri, bayraklar, flamalar Ba\u015fbakan Recep Tayyip Erdo\u011fan&#8217;\u0131n 24 Ekim 2008 g\u00fcn\u00fc kente geldi\u011finde partililerin ast\u0131\u011f\u0131 pankartlar oldu\u011fu g\u00f6r\u00fcld\u00fc. Bunu \u00fczerine DTP&#8217;li Meclis \u00fcyeleri cep telefonlar\u0131 ve foto\u011fraf makineleriyle afi\u015fleri g\u00f6t\u00fcnt\u00fcledikten sonra Cumhuriyet Ba\u015fsavc\u0131l\u0131\u011f\u0131&#8217;na su\u00e7 duyurusunda bulundu.<!--more--><br \/>\nN\u00f6bet\u00e7i Savc\u0131 Ali \u00c7etin&#8217;in talimat\u0131yla polis \u0130l \u00d6zel \u0130daresi Genel Sekreterli\u011fi deposunda arama yapmaya ba\u015flad\u0131. Savc\u0131 \u00c7etin&#8217;in g\u00f6zetiminde arama \u00e7al\u0131\u015fmalar\u0131 s\u00fcrerken, \u0130l \u00d6zel \u0130daresi Genel Sekreteri Mehmet Tun\u00e7 da aramalara kat\u0131l\u0131yor.\n<\/p>\n<p style=\"text-align: justify;\">Ayr\u0131ca Y\u00fcksek Se\u00e7im Kurulu&#8217;nun konuyu yar\u0131n g\u00fcndemine alarak g\u00f6r\u00fc\u015fece\u011fi bildirildi.<\/p>\n<p style=\"text-align: justify;\"><strong>SAM\u0130 T\u00dcRK:  SE\u00c7\u0130MLER  \u0130PTAL OLMAZ<\/strong><\/p>\n<p style=\"text-align: justify;\">Adalet Eski Bakanlar\u0131ndan Prof. Hikmet Sami T\u00fcrk, Tunceli Valili\u011fi&#8217;ne ba\u011fl\u0131 \u0130l \u00d6zel \u0130daresi Genel Sekreterli\u011fi&#8217;ne ait depoda, AKP&#8217;nin se\u00e7im afi\u015fleri, bayraklar\u0131, bro\u015f\u00fcrleri ve Ba\u015fbakan Recep Tayyip Erdo\u011fan&#8217;\u0131n kente geldi\u011fi s\u0131rada as\u0131lan pankartlar\u0131 bulunmas\u0131yla ilgili olarak, sorumlular hakk\u0131nda 1 y\u0131ldan 3 y\u0131la kadar hapis cezas\u0131 verilebilece\u011fini s\u00f6yledi.<\/p>\n<p style=\"text-align: justify;\">K\u00f6ylere ev e\u015fyas\u0131, beyaz e\u015fya da\u011f\u0131t\u0131lmas\u0131n\u0131n kanuna ayk\u0131r\u0131 olmas\u0131 nedeniyle Y\u00fcksek Se\u00e7im Kurulu&#8217;nun ilgili makamlar\u0131 g\u00f6reve davet etti\u011fini an\u0131msatan T\u00fcrk, Tunceli cumhuriyet Ba\u015fsavc\u0131l\u0131\u011f\u0131n\u0131n bu \u00e7a\u011fr\u0131 \u00fczerine harekete ge\u00e7ti\u011fini s\u00f6yledi. Savc\u0131l\u0131\u011f\u0131n g\u00f6revini yerine getirdi\u011fini belirten T\u00fcrk, &#8220;\u0130dareler devletin idaresidir. Dolay\u0131s\u0131yla tarafs\u0131z olmak zorundad\u0131r. O nedenle 298 Say\u0131l\u0131 Se\u00e7imlerin Temel H\u00fck\u00fcmleri ve Se\u00e7men K\u00fct\u00fckleri Hakk\u0131nda Kanun&#8217;un 152. maddesi haks\u0131z oy teminini yasakl\u0131yor. Kendisine veya ba\u015fkas\u0131na haks\u0131z oy temini eden ki\u015filere de 1 y\u0131ldan 3 y\u0131la kadar hapis cezas\u0131 \u00f6ng\u00f6r\u00fcyor&#8221; dedi.<\/p>\n<p style=\"text-align: justify;\"><strong>PART\u0130Y\u0130 BA\u011eLAMAZ<\/strong><\/p>\n<p style=\"text-align: justify;\">Hapis cezas\u0131n\u0131n sorumlular hakk\u0131nda uygulanabilece\u011fini belirten T\u00fcrk, s\u00f6z konusu cezan\u0131n partiyle ili\u015fkilendirilemeyece\u011finin alt\u0131n\u0131 \u00e7izdi. Bu durum nedeniyle se\u00e7imlerin de iptal edilemeyece\u011fini de s\u00f6yleyen T\u00fcrk, &#8220;Ceza, bu i\u015ften sorumlu g\u00f6revlilere verilir. Anayasa&#8217;n\u0131n 68. maddesinin 4.f\u0131kras\u0131 partilerin uymas\u0131 gereken esaslar\u0131 g\u00f6sterir; 69 madde de partilere verilebilecek cezalar\u0131 d\u00fczenler&#8221; diye konu\u015ftu.<\/p>\n<p style=\"text-align: justify;\"><strong>7 BEZ AF\u0130\u015e BULUNDU<\/strong><\/p>\n<p style=\"text-align: justify;\">Tunceli Valili\u011fi \u00d6zel \u0130dare Genel Sekreterli\u011fi&#8217;nin zemin bat\u0131ndaki depoda Cumhuriyet Savc\u0131s\u0131 Ali \u00c7etin&#8217;in nezaretinde polislerin saat 15.00&#8217;de ba\u015flatt\u0131\u011f\u0131 arama \u00e7al\u0131\u015fmalar\u0131nda AKP&#8217;ye ait 7 bez pankart bulundu. DTP&#8217;li \u0130l Genel Meclis \u00dcyesi \u00d6zg\u00fcr S\u00f6ylemez&#8217;in de haz\u0131r bulundu\u011fu arama s\u0131ras\u0131nda bulunan pankartlara Savc\u0131 \u00c7etin, el koydu.<\/p>\n<p style=\"text-align: justify;\"><strong>BAYRAKLAR VE FLAMALAR YOK ED\u0130LM\u0130\u015e<\/strong><\/p>\n<p style=\"text-align: justify;\">\u0130l \u00d6zel \u0130dare Genel Sekreterli\u011fi deposundaki arama \u00e7al\u0131\u015fmalar\u0131na kat\u0131lan DTP&#8217;li \u0130l Genel Meclis \u00dcyesi \u00d6zg\u00fcr S\u00f6ylemez, Meclis \u00fcyelerini depoda g\u00f6rd\u00fc\u011f\u00fc AKP&#8217;ye ait, bayrak ve flamalar\u0131n savc\u0131 nezaretinde yap\u0131lan aramalarda bulunamad\u0131\u011f\u0131n\u0131 s\u00f6yledi. Meclis \u00fcyelerinin bu bayrak ve flamalar\u0131 g\u00f6rd\u00fc\u011f\u00fcn\u00fc kendilerinin de cep telefonuyla g\u00f6r\u00fcnt\u00fcledi\u011fini belirten S\u00f6ylemez, &#8220;Biz depoya inip arama yaparken \u00f6nce hi\u00e7 bir \u015fey bulunamad\u0131. Daha sonra merdiven alt\u0131na gizlenmi\u015f AKP&#8217;ye ait 7 pankart bulundu. Bizim tespit etti\u011fimiz baz\u0131 deliller ortadan kald\u0131r\u0131lm\u0131\u015f. AKP&#8217;nin pankart ve afi\u015fleri artada yok&#8221; dedi.<\/p>\n<p style=\"text-align: justify;\"><strong>AKP&#8217;NIN AF\u0130\u015eLER\u0130 ARAYA KARI\u015eMI\u015e<\/strong><\/p>\n<p style=\"text-align: justify;\">Tunceli \u0130l \u00d6zel \u0130dare Genel Sekreteri Mehmet Tun\u00e7, olayla ilgili gazetecilere a\u00e7\u0131klamalarda bulundu. Tun\u00e7, Ba\u015fbakan Recep Tayyip Erdo\u011fan&#8217;\u0131n kente geli\u015fi nedeniyle Valilik ve \u0130l \u00d6zel Genel Sekreterli\u011fi taraf\u0131ndan as\u0131l\u0131n afi\u015flerin depoya konuldu\u011funu s\u00f6yledi. Tun\u00e7, &#8220;Bu afi\u015fler Ba\u015fbakan&#8217;\u0131n gidi\u015finden sonra toplanm\u0131\u015f, bunlar\u0131n i\u00e7ine bir iki tane AKP il\u00e7e te\u015fkilatlar\u0131n\u0131n ast\u0131\u011f\u0131 pankartlar yanl\u0131\u015fl\u0131kla kar\u0131\u015fm\u0131\u015f. Bu \u00d6zel \u0130dare ve Valilik kaynakl\u0131 bir durum de\u011fildir. Savc\u0131l\u0131\u011f\u0131n gerekli inceleme ve ara\u015ft\u0131rmas\u0131 s\u00fcr\u00fcyor. Bizim oraya herhangi bir parti bayra\u011f\u0131 koymam\u0131z s\u00f6z konusu de\u011fil. Sadece bez afi\u015fler var&#8221; dedi.<\/p>\n<p style=\"text-align: justify;\">Cumhuriyet Savc\u0131s\u0131 Ali \u00c7etin, depodaki aramalar\u0131n tamamlanmas\u0131n\u0131 ard\u0131ndan \u0130l \u00d6zel \u0130dare Genel Sekreterli\u011fi&#8217;nde g\u00f6reli baz\u0131 memurlar\u0131n ifadesine ald\u0131\u011f\u0131 \u00f6\u011frenildi.<\/p>\n<p style=\"text-align: justify;\"><span style=\"color: #888888;\">DHA<\/span><\/p>\n","protected":false},"excerpt":{"rendered":"<\/p>\n<p style=\"text-align: justify;\">Beyaz e\u015fya yard\u0131m\u0131 yapan Tunceli&#8217;de \u015fok geli\u015fme! <\/p>\n<p style=\"text-align: justify;\">Tunceli Valili\u011fi&#8217;ne ba\u011fl\u0131 \u0130l \u00d6zel \u0130daresi Genel Sekreterli\u011fi&#8217;ne ait depoda, AKP&#8217;nin se\u00e7im afi\u015fleri, bayraklar\u0131, bro\u015f\u00fcrleri ve Ba\u015fbakan Recep Tayyip Erdo\u011fan&#8217;\u0131n kente geldi\u011fi s\u0131rada as\u0131lan pankartlar\u0131 bulundu\u011fu iddia edildi. Cumhuriyet Savc\u0131l\u0131\u011f\u0131&#8217;n\u0131n talimat\u0131yla depoya bask\u0131n d\u00fczenleyen polis, savc\u0131 nezaretinde aramalar\u0131 tamamlad\u0131. Depodan 7 adet <\/p>\n","protected":false},"author":1,"featured_media":0,"comment_status":"open","ping_status":"closed","sticky":false,"template":"","format":"standard","meta":{"footnotes":""},"categories":[105],"tags":[],"class_list":["post-4561","post","type-post","status-publish","format-standard","hentry","category-gundem","odd"],"_links":{"self":[{"href":"http:\/\/www.korhanyilmaz.com\/index.php?rest_route=\/wp\/v2\/posts\/4561","targetHints":{"allow":["GET"]}}],"collection":[{"href":"http:\/\/www.korhanyilmaz.com\/index.php?rest_route=\/wp\/v2\/posts"}],"about":[{"href":"http:\/\/www.korhanyilmaz.com\/index.php?rest_route=\/wp\/v2\/types\/post"}],"author":[{"embeddable":true,"href":"http:\/\/www.korhanyilmaz.com\/index.php?rest_route=\/wp\/v2\/users\/1"}],"replies":[{"embeddable":true,"href":"http:\/\/www.korhanyilmaz.com\/index.php?rest_route=%2Fwp%2Fv2%2Fcomments&post=4561"}],"version-history":[{"count":0,"href":"http:\/\/www.korhanyilmaz.com\/index.php?rest_route=\/wp\/v2\/posts\/4561\/revisions"}],"wp:attachment":[{"href":"http:\/\/www.korhanyilmaz.com\/index.php?rest_route=%2Fwp%2Fv2%2Fmedia&parent=4561"}],"wp:term":[{"taxonomy":"category","embeddable":true,"href":"http:\/\/www.korhanyilmaz.com\/index.php?rest_route=%2Fwp%2Fv2%2Fcategories&post=4561"},{"taxonomy":"post_tag","embeddable":true,"href":"http:\/\/www.korhanyilmaz.com\/index.php?rest_route=%2Fwp%2Fv2%2Ftags&post=4561"}],"curies":[{"name":"wp","href":"https:\/\/api.w.org\/{rel}","templated":true}]}}