{"id":45606,"date":"2011-12-30T13:05:45","date_gmt":"2011-12-30T11:05:45","guid":{"rendered":"http:\/\/www.korhanyilmaz.com\/?p=45606"},"modified":"2011-12-31T14:01:16","modified_gmt":"2011-12-31T12:01:16","slug":"kose-yazarligi-yapan-cambazlar","status":"publish","type":"post","link":"http:\/\/www.korhanyilmaz.com\/?p=45606","title":{"rendered":"&#8220;K\u00f6\u015fe yazarl\u0131\u011f\u0131 yapan cambazlar&#8221;"},"content":{"rendered":"<p style=\"text-align: center;\"><a href=\"http:\/\/www.korhanyilmaz.com\/wp-content\/uploads\/2011\/12\/8906.jpg\"  class=\"lightview\"><img loading=\"lazy\" decoding=\"async\" class=\"aligncenter  wp-image-45607\" src=\"http:\/\/www.korhanyilmaz.com\/wp-content\/uploads\/2011\/12\/8906.jpg\" alt=\"\" width=\"396\" height=\"180\" \/><\/a><\/p>\n<p style=\"text-align: justify;\">Ba\u015fbakan Recep Tayyip Erdo\u011fan, cuma namaz\u0131 \u00e7\u0131k\u0131\u015f\u0131, Irak s\u0131n\u0131r\u0131nda 35 ki\u015finin \u00f6l\u00fcm\u00fcyle ilgili ilk a\u00e7\u0131klamas\u0131n\u0131 yapt\u0131. Ba\u015fbakan Erdo\u011fan, &#8220;Baz\u0131 k\u00f6\u015fe yazarl\u0131\u011f\u0131 yapan cambazlar var bunlar istihbarat te\u015fkilat\u0131m\u0131z\u0131 bizden daha iyi biliyorlar.&#8221; dedi.<\/p>\n<p style=\"text-align: justify;\">\u0130STANBUL &#8211; Ba\u015fbakan Recep Tayyip Erdo\u011fan, Irak s\u0131n\u0131r\u0131ndaki olaya ili\u015fkin, &#8221;Talihsiz bir netice, \u00fcz\u00fcnt\u00fc verici bir netice&#8221; dedi.<!--more--><\/p>\n<p style=\"text-align: justify;\">Erdo\u011fan, &#8221;Oradaki ailelere ba\u015fsa\u011fl\u0131\u011f\u0131 dilerken, \u00f6l\u00fclerimize de Allah&#8217;tan rahmet diliyorum. Bu incelemeler neticesinde gerekli olan neyse b\u00fct\u00fcn bunlar da yap\u0131lacakt\u0131r. \u015eu anda gerek savc\u0131l\u0131k buradaki \u00e7al\u0131\u015fmalar\u0131n\u0131 y\u00fcr\u00fct\u00fcrken, b\u00fct\u00fcn g\u00f6r\u00fcnt\u00fcler, ki yakla\u015f\u0131k 4 saatlik bir g\u00f6r\u00fcnt\u00fc elimizde mevcut, ve bu g\u00f6r\u00fcnt\u00fcler \u00fczerinde de ayn\u0131 \u015fekilde gerek T\u00fcrk Silahl\u0131 Kuvvetleri gerek di\u011fer ilgili birimlerimiz incelemelerini, \u00e7al\u0131\u015fmalar\u0131n\u0131 yap\u0131yorlar. Bu \u00e7al\u0131\u015fmalardan sonra tabii durum \u00e7ok daha netle\u015fecektir&#8221; dedi.<\/p>\n<p style=\"text-align: justify;\">\u00dcsk\u00fcdar K\u0131s\u0131kl\u0131 Abdullah A\u011fa Camisi&#8217;nde k\u0131ld\u0131\u011f\u0131 cuma namaz\u0131n\u0131n ard\u0131ndan \u00e7\u0131k\u0131\u015fta gazetecilerin, Irak s\u0131n\u0131r\u0131ndaki olaya ili\u015fkin sorular\u0131n\u0131 yan\u0131tlayan Erdo\u011fan, \u015funlar\u0131 kaydetti:<\/p>\n<p style=\"text-align: justify;\"><strong>F-16 U\u00c7AKLARI VURDU<\/strong><\/p>\n<p style=\"text-align: justify;\">&#8221;Bildi\u011finiz gibi evvelsi ak\u015fam 18.37 civar\u0131nda Irak&#8217;\u0131n kuzeyinde insans\u0131z hava ara\u00e7lar\u0131m\u0131z\u0131n yapm\u0131\u015f oldu\u011fu u\u00e7u\u015flarda, oradaki tespitler esnas\u0131nda yakla\u015f\u0131k 40 ki\u015filik bir grubun hareket halinde oldu\u011fu, ki bu b\u00f6lge tamam\u0131yle ter\u00f6r \u00f6rg\u00fct\u00fcn\u00fcn daima hareket halinde oldu\u011fu, s\u00fcrekli olarak bulundu\u011fu, kamplar\u0131n\u0131 de\u011fi\u015fken olarak kurdu\u011fu bir b\u00f6lge&#8230; Sinat-Haftanin denilen b\u00f6lge&#8230; Bu b\u00f6lgede yap\u0131lan bu u\u00e7u\u015f yine istihbarat \u00f6rg\u00fctlerimizin yakla\u015f\u0131k 10 g\u00fcn kadar \u00f6nce verdi\u011fi bilgi \u00fczerine yap\u0131lan bir u\u00e7u\u015f. Bu u\u00e7u\u015f neticesinde de bu g\u00f6r\u00fcnt\u00fcleri g\u00fcvenlik g\u00fc\u00e7lerimize ge\u00e7en insans\u0131z hava ara\u00e7lar\u0131n\u0131n hemen ard\u0131ndan buraya malum 2 F-16 u\u00e7a\u011f\u0131m\u0131z\u0131n kalkmas\u0131 ve bu g\u00f6r\u00fcnt\u00fclerin oldu\u011fu b\u00f6lgeyi de bu F-16 u\u00e7aklar\u0131m\u0131z vurmu\u015ftur. Tabii insans\u0131z hava ara\u00e7lar\u0131n\u0131n bu tespitleri birebir &#8216;bunlar \u015fudur&#8217; \u015feklinde de\u011ferlendirilmesi m\u00fcmk\u00fcn de\u011fil ve sadece orada al\u0131nan g\u00f6r\u00fcnt\u00fclerdir.<\/p>\n<p style=\"text-align: justify;\"><strong>\u00dcZ\u00dcNT\u00dc VER\u0130C\u0130<\/strong><\/p>\n<p style=\"text-align: justify;\">Bu g\u00f6r\u00fcnt\u00fclerde de \u00f6yle bir 40 ki\u015filik gruptur. Daha sonra yap\u0131lan tespitlerde bunlar\u0131n sigara, mazot vesaire gibi bu t\u00fcr ka\u00e7ak\u00e7\u0131l\u0131klar\u0131 yapan bir grup oldu\u011fu ortaya \u00e7\u0131k\u0131yor. Fakat bu ana kadar benim edindi\u011fim bilgiler, arkada\u015flar\u0131mdan ald\u0131\u011f\u0131m bilgiler, yani bu t\u00fcr ka\u00e7ak\u00e7\u0131l\u0131kta 3-5, bilemediniz 10 ki\u015filik gruplar&#8230; Ama tabii kulland\u0131klar\u0131 y\u00fck ta\u015f\u0131y\u0131c\u0131lar, a\u00e7\u0131k s\u00f6yl\u00fcyorum, kat\u0131rlar say\u0131sal olarak \u00e7ok daha fazla olurmu\u015f. Burada 40 ki\u015filik bir grubun olmas\u0131 daha \u00f6nce gerek Gediktepe, gerek Hantepe&#8217;deki, oradaki al\u0131nan talihsiz neticelerde de biliyorsunuz silahlar bu t\u00fcr hayvanlarla ta\u015f\u0131nm\u0131\u015ft\u0131 ve &#8216;ni\u00e7in bunlara m\u00fcdahale edilmedi&#8217; diye o zaman da yine yaz\u0131l\u0131 ve g\u00f6rsel medya, herkes bu t\u00fcr ele\u015ftirileri yapm\u0131\u015ft\u0131. Bunlar\u0131n hepsi birer ibretti, birer tedbirdi. Bu defa ise b\u00f6yle bir \u015feye, yanl\u0131\u015fa g\u00fcvenlik g\u00fc\u00e7lerimizin d\u00fc\u015fmemesi&#8230; Ama talihsiz bir netice, \u00fcz\u00fcnt\u00fc verici bir netice. Maalesef i\u015fte, Uludere&#8217;deki 3 k\u00f6y\u00fcn mensuplar\u0131n\u0131n bu sigara ka\u00e7ak\u00e7\u0131l\u0131\u011f\u0131 vesaire, bu t\u00fcr \u015feyi yapan bir grup&#8230; Bunlar\u0131n yar\u0131ya yak\u0131n\u0131 20 ya\u015f alt\u0131, di\u011ferleri 20 ya\u015f \u00fcst\u00fc olan insanlardan olu\u015fan bir gruptu. Burada 35 vatanda\u015f\u0131m\u0131z b\u00f6ylece ebediyete intikal etti. 1 vatanda\u015f\u0131m\u0131z yaral\u0131&#8230; Tabii burada \u00fcz\u00fcnt\u00fcm\u00fcz bu noktada b\u00fcy\u00fck.&#8221;<\/p>\n<p style=\"text-align: justify;\">Erdo\u011fan, \u015fu anda idari ve adli incelemelerin yap\u0131ld\u0131\u011f\u0131n\u0131 belirterek, d\u00fcn Diyarbak\u0131r&#8217;dan adli t\u0131p yetkililerinin s\u00fcratle g\u00f6nderildi\u011fini, incelemelerin yap\u0131ld\u0131\u011f\u0131n\u0131 ve sabah itibariyle incelemelerin bitti\u011fini hat\u0131rlatt\u0131.<\/p>\n<p style=\"text-align: justify;\"><strong>DURUM NETLE\u015eECEK<\/strong><\/p>\n<p style=\"text-align: justify;\">Olayda hayat\u0131n\u0131 kaybedenlerin cenazelerinin sahiplerine teslim edildi\u011fini ve \u015fu an itibariyle defin i\u015flemlerinin de bitmi\u015f olmas\u0131 gerekti\u011fini dile getiren Erdo\u011fan, &#8221;Ben tabii ki t\u00fcm oradaki ailelere ba\u015fsa\u011fl\u0131\u011f\u0131 dilerken, \u00f6l\u00fclerimize de Allah&#8217;tan rahmet diliyorum. Bu incelemeler neticesinde gerekli olan neyse b\u00fct\u00fcn bunlar da yap\u0131lacakt\u0131r. \u015eu anda gerek savc\u0131l\u0131k buradaki \u00e7al\u0131\u015fmalar\u0131n\u0131 y\u00fcr\u00fct\u00fcrken, b\u00fct\u00fcn g\u00f6r\u00fcnt\u00fcler, ki yakla\u015f\u0131k 4 saatlik bir g\u00f6r\u00fcnt\u00fc elimizde mevcut ve bu g\u00f6r\u00fcnt\u00fcler \u00fczerinde de ayn\u0131 \u015fekilde gerek T\u00fcrk Silahl\u0131 Kuvvetleri gerek di\u011fer ilgili birimlerimiz incelemelerini, \u00e7al\u0131\u015fmalar\u0131n\u0131 yap\u0131yorlar. Bu \u00e7al\u0131\u015fmalardan sonra tabii durum \u00e7ok daha netle\u015fecektir&#8221; diye konu\u015ftu.<\/p>\n<p style=\"text-align: justify;\"><strong>G\u00dcYA M\u0130T YANLI\u015e B\u0130LG\u0130LER VERM\u0130\u015e<\/strong><\/p>\n<p style=\"text-align: justify;\">\u00d6zellikle Haftanin&#8217;deki olayla ilgili at\u0131lan baz\u0131 gazete ba\u015fl\u0131klar\u0131n\u0131n \u00e7ok ac\u0131mas\u0131z ve insafs\u0131z oldu\u011funu dile getiren Erdo\u011fan, &#8221;&#8217;Devlet halk\u0131n\u0131 bombalad\u0131&#8217; gibi bir ba\u015fl\u0131k&#8230; Bunlar ac\u0131mas\u0131z ba\u015fl\u0131klard\u0131r. Bir defa hi\u00e7bir devlet halk\u0131n\u0131 kalk\u0131p da kast\u0131 mahsusa ile bombalamaz. Ge\u00e7mi\u015fte bu t\u00fcr \u015feyler belki yap\u0131lm\u0131\u015f olabilir ama bizim iktidar\u0131m\u0131z d\u00f6neminde b\u00f6yle bir \u015feyin olmas\u0131 m\u00fcmk\u00fcn de\u011fildir&#8221; dedi.<\/p>\n<p style=\"text-align: justify;\">Ba\u015fbakan Erdo\u011fan, &#8221;Burada bilir bilmez yazan \u00e7izen baz\u0131 maalesef k\u00f6\u015fe yazar\u0131 s\u0131fat\u0131yla cambazlar da var. Bunlar da istihbarat \u00f6rg\u00fctlerimizi istihbarat \u00f6rg\u00fctlerinden \u00e7ok daha iyi biliyorlar. Herhalde bunlar\u0131n da istihbarat \u00f6rg\u00fctleri i\u00e7inde b\u00f6cekleri var. O b\u00f6ceklerden ald\u0131klar\u0131 bilgilerle g\u00fcya Milli \u0130stihbarat Te\u015fkilat\u0131m\u0131z (M\u0130T) yanl\u0131\u015f bilgiler vermi\u015f ve bu yanl\u0131\u015f bilgilerle bu t\u00fcr bir hareket yap\u0131lm\u0131\u015ft\u0131r. M\u0130T&#8217;in son anda vermi\u015f oldu\u011fu bir bilgi herhangi bir ter\u00f6rist ba\u015f\u0131 ile ilgi bilgi, son an\u0131 kast ediyorum, yoktur. Bunlar 9-10 g\u00fcn \u00f6ncesine ait bir bilgidir ve M\u0130T de bug\u00fcn buna y\u00f6nelik bir yaz\u0131l\u0131 a\u00e7\u0131klama ayr\u0131ca yapacakt\u0131r&#8221; diye konu\u015ftu.<\/p>\n<p style=\"text-align: justify;\"><strong>BDP \u015eOV YAPIYOR<\/strong><\/p>\n<p style=\"text-align: justify;\">Ba\u015fbakan Recep Tayyip Erdo\u011fan, \u015funlar\u0131 kaydetti:<\/p>\n<p style=\"text-align: justify;\">&#8221;BDP&#8217;ninki biliyorsunuz her zaman \u015fovdur, her zaman istismard\u0131r ve i\u015fi g\u00fcc\u00fc zaten hayat\u0131 durdurmaya y\u00f6nelik ad\u0131mlard\u0131r. \u015eimdi bak\u0131n, ta Uludere&#8217;de olan bir olayla ilgili gelip Taksim&#8217;de cam \u00e7er\u00e7eve indiren, g\u00fcnahs\u0131z ara\u00e7lar\u0131 ta\u015flayan anlay\u0131\u015f\u0131 ni\u00e7in acaba bu medya kalk\u0131p da de\u011ferlendirmesini yapm\u0131yor? Ni\u00e7in bunlara y\u00f6nelik gerekli olan de\u011ferlendirmeyi yapm\u0131yor? Bu d\u00fcr\u00fcst bir yakla\u015f\u0131m m\u0131? Yani Taksim&#8217;de Tarlaba\u015f\u0131&#8217;nda giden bir arac\u0131n ne g\u00fcnah\u0131 var? Oradaki esnaf\u0131n ne g\u00fcnah\u0131 var? Onlar ni\u00e7in ta\u015flan\u0131r? Onlar\u0131n cam\u0131 \u00e7er\u00e7evesi ni\u00e7in indirilir? Bunlar\u0131n bir taksirat\u0131 m\u0131 var? Bunlar katil mi? Bunlar herhangi bir \u015fey mi yapt\u0131lar? Ni\u00e7in bunlara b\u00f6yle bir sald\u0131r\u0131 yap\u0131l\u0131yor?<\/p>\n<p style=\"text-align: justify;\">Bu sald\u0131r\u0131y\u0131 yapanlar ve bunlar\u0131n arkas\u0131nda olan g\u00fc\u00e7ler, maalesef ne g\u00f6rselde ne yaz\u0131l\u0131da, tabii ben bunu t\u00fcm\u00fcyle kast etmiyorum, bir k\u0131s\u0131m medya, yaz\u0131l\u0131 g\u00f6rsel fark etmez, bunlarla ilgili s\u00f6yl\u00fcyorum. Bunlar\u0131 hi\u00e7 de\u011ferlendirmeye alm\u0131yorlar. Bundan dolay\u0131 da \u00fcz\u00fcnt\u00fclerimiz \u00e7ok a\u00e7\u0131k ortada. Mersin&#8217;e bak\u0131yorsunuz \u00f6yle, Adana&#8217;ya bak\u0131yorsun \u00f6yle. Ve b\u00fct\u00fcn bunlar\u0131n hepsi as\u0131l bu \u00fclkede isyankar bir yap\u0131n\u0131n ve kendilerinin ifadesiyle yak\u0131\u015f\u0131ks\u0131z yakla\u015f\u0131mlar\u0131n ve \u00fclkeyi kar\u0131\u015ft\u0131rmaktan ba\u015fka bir emeli olmayan bir anlay\u0131\u015f\u0131n -bu siyasi olabilir, uzant\u0131s\u0131 olabilir fark etmez- ter\u00f6r \u00f6rg\u00fct\u00fcn\u00fcn bir uzant\u0131s\u0131 olabilir, bu yakla\u015f\u0131mlar\u0131 tasvip etmemiz de m\u00fcmk\u00fcn de\u011fil.&#8221;<\/p>\n<p style=\"text-align: justify;\"><a href=\"http:\/\/www.gazeteport.com.tr\/haber\/71098\/quotkose_yazarligi_yapan_cambazlarquot\" target=\"_blank\">Kaynak : GAZETEPORT<\/a><\/p>\n","protected":false},"excerpt":{"rendered":"<p style=\"text-align: center;\">\n<p style=\"text-align: justify;\">Ba\u015fbakan Recep Tayyip Erdo\u011fan, cuma namaz\u0131 \u00e7\u0131k\u0131\u015f\u0131, Irak s\u0131n\u0131r\u0131nda 35 ki\u015finin \u00f6l\u00fcm\u00fcyle ilgili ilk a\u00e7\u0131klamas\u0131n\u0131 yapt\u0131. Ba\u015fbakan Erdo\u011fan, &#8220;Baz\u0131 k\u00f6\u015fe yazarl\u0131\u011f\u0131 yapan cambazlar var bunlar istihbarat te\u015fkilat\u0131m\u0131z\u0131 bizden daha iyi biliyorlar.&#8221; dedi.<\/p>\n<p style=\"text-align: justify;\">\u0130STANBUL &#8211; Ba\u015fbakan Recep Tayyip Erdo\u011fan, Irak s\u0131n\u0131r\u0131ndaki olaya ili\u015fkin, &#8221;Talihsiz bir netice, \u00fcz\u00fcnt\u00fc verici bir <\/p>\n","protected":false},"author":1,"featured_media":0,"comment_status":"open","ping_status":"open","sticky":false,"template":"","format":"standard","meta":{"footnotes":""},"categories":[105],"tags":[],"class_list":["post-45606","post","type-post","status-publish","format-standard","hentry","category-gundem","odd"],"_links":{"self":[{"href":"http:\/\/www.korhanyilmaz.com\/index.php?rest_route=\/wp\/v2\/posts\/45606","targetHints":{"allow":["GET"]}}],"collection":[{"href":"http:\/\/www.korhanyilmaz.com\/index.php?rest_route=\/wp\/v2\/posts"}],"about":[{"href":"http:\/\/www.korhanyilmaz.com\/index.php?rest_route=\/wp\/v2\/types\/post"}],"author":[{"embeddable":true,"href":"http:\/\/www.korhanyilmaz.com\/index.php?rest_route=\/wp\/v2\/users\/1"}],"replies":[{"embeddable":true,"href":"http:\/\/www.korhanyilmaz.com\/index.php?rest_route=%2Fwp%2Fv2%2Fcomments&post=45606"}],"version-history":[{"count":0,"href":"http:\/\/www.korhanyilmaz.com\/index.php?rest_route=\/wp\/v2\/posts\/45606\/revisions"}],"wp:attachment":[{"href":"http:\/\/www.korhanyilmaz.com\/index.php?rest_route=%2Fwp%2Fv2%2Fmedia&parent=45606"}],"wp:term":[{"taxonomy":"category","embeddable":true,"href":"http:\/\/www.korhanyilmaz.com\/index.php?rest_route=%2Fwp%2Fv2%2Fcategories&post=45606"},{"taxonomy":"post_tag","embeddable":true,"href":"http:\/\/www.korhanyilmaz.com\/index.php?rest_route=%2Fwp%2Fv2%2Ftags&post=45606"}],"curies":[{"name":"wp","href":"https:\/\/api.w.org\/{rel}","templated":true}]}}