{"id":45587,"date":"2011-12-31T10:02:58","date_gmt":"2011-12-31T08:02:58","guid":{"rendered":"http:\/\/www.korhanyilmaz.com\/?p=45587"},"modified":"2011-12-31T12:23:36","modified_gmt":"2011-12-31T10:23:36","slug":"ulusa-sesleniste-fransaya-catti","status":"publish","type":"post","link":"http:\/\/www.korhanyilmaz.com\/?p=45587","title":{"rendered":"&#8216;Ulusa Sesleni\u015f&#8217;te Fransa&#8217;ya \u00e7att\u0131"},"content":{"rendered":"<p style=\"text-align: justify;\"><a href=\"http:\/\/www.korhanyilmaz.com\/wp-content\/uploads\/2011\/12\/8901.jpg\"  class=\"lightview\"><img loading=\"lazy\" decoding=\"async\" class=\"aligncenter  wp-image-45588\" src=\"http:\/\/www.korhanyilmaz.com\/wp-content\/uploads\/2011\/12\/8901.jpg\" alt=\"\" width=\"320\" height=\"214\" \/><\/a><\/p>\n<p style=\"text-align: justify;\">Fransa parlamentosundan ge\u00e7en soyk\u0131r\u0131m\u0131 inkar yasas\u0131, Ba\u015fbakan Erdo\u011fan&#8217;\u0131n g\u00fcndemindeydi. &#8220;Ulusa Sesleni\u015f&#8221; konu\u015fmas\u0131 yapan Ba\u015fbakan, 1915 olaylar\u0131nda Fransa&#8217;n\u0131n k\u0131\u015fk\u0131rt\u0131c\u0131 rol\u00fc oldu\u011funu ifade etti. Ba\u015fbakan Erdo\u011fan, Fransa&#8217;n\u0131n Cezayir&#8217;de yapt\u0131\u011f\u0131 soyk\u0131r\u0131m\u0131n hesab\u0131n\u0131 hen\u00fcz vermedi\u011fini s\u00f6yledi.<!--more--><\/p>\n<p style=\"text-align: justify;\">Ba\u015fbakan Erdo\u011fan, Fransa&#8217;da, Fransa Ulusal Meclisi&#8217;ne getirilen, oylanan ve kabul edilen bir yasa teklifinin, T\u00fcrkiye&#8217;de son derece tabii ve hakl\u0131 tepkilerine neden oldu\u011funu an\u0131msatarak, konu\u015fmas\u0131n\u0131 \u015f\u00f6yle s\u00fcrd\u00fcrd\u00fc: &#8220;Tarihte ya\u015fanm\u0131\u015f, iki halk aras\u0131nda, kar\u015f\u0131l\u0131kl\u0131 olarak ya\u015fanm\u0131\u015f ac\u0131 hadiselerin, Fransa&#8217;da bir kez daha istismar edildi\u011fine, \u00e7arp\u0131t\u0131ld\u0131\u011f\u0131na, i\u00e7 politikaya malzeme yap\u0131ld\u0131\u011f\u0131na \u015fahit olduk. \u00dcstelik tarihte ya\u015fanm\u0131\u015f hadiselerin, T\u00fcrkiye&#8217;nin de son derece hassas oldu\u011fu bir mevzunun, alt\u0131n\u0131 \u00e7izerek s\u00f6yl\u00fcyorum 577 sandalyeli Fransa Ulusal Meclisi&#8217;nde, y\u00fczde 10&#8217;u bile bulmayan bir kat\u0131l\u0131mla oylanmas\u0131 ve karara ba\u011flanmas\u0131, meselenin ele al\u0131n\u0131\u015f\u0131ndaki ciddiyetsizli\u011fi ve ne denli suland\u0131r\u0131lm\u0131\u015f bir oylama oldu\u011funu ortaya koymas\u0131 bak\u0131m\u0131ndan \u00e7ok \u00f6nemlidir.<\/p>\n<p style=\"text-align: justify;\">Bak\u0131n biz her f\u0131rsatta, son derece samimi bir \u015fekilde \u015funu s\u00f6yl\u00fcyoruz. Gelin diyoruz, 1915 y\u0131l\u0131nda ya\u015fanan hadiseleri, belgeler, ar\u015fivler, bilimsel ara\u015ft\u0131rmalar \u0131\u015f\u0131\u011f\u0131nda konu\u015fal\u0131m, tart\u0131\u015fal\u0131m, ayd\u0131nlatal\u0131m diyoruz. Biz b\u00fct\u00fcn ar\u015fivlerimizi a\u00e7\u0131yoruz. Varsa Ermenistan da a\u00e7s\u0131n. \u00dc\u00e7\u00fcnc\u00fc \u00fclkelerde varsa onlar da a\u00e7s\u0131nlar ve hukuk\u00e7ular\u0131, siyaset bilimcilerini, tarih\u00e7ileri \u00e7al\u0131\u015ft\u0131ral\u0131m ve bu belgeler \u00fczerinde \u00e7al\u0131\u015fs\u0131nlar, ger\u00e7e\u011fe b\u00f6yle ula\u015fal\u0131m. Bu tarih\u00e7ilerin i\u015fi.<\/p>\n<p style=\"text-align: justify;\">Parlamentolarda hi\u00e7bir zaman tarih yaz\u0131lmaz. Bu \u00e7a\u011fr\u0131m\u0131z\u0131 her zeminde, her platformda hem samimi, hem cesur \u015fekilde dile getiriyoruz. Biz, tarihimizle y\u00fczle\u015firiz ve y\u00fczle\u015fiyoruz da. Tarihimizdeki her olay\u0131n, her hadisenin enine boyuna ara\u015ft\u0131r\u0131lmas\u0131n\u0131, incelenmesini, ger\u00e7eklerin a\u00e7\u0131\u011fa \u00e7\u0131kmas\u0131n\u0131 her f\u0131rsatta te\u015fvik ediyoruz. Ancak tarihimizin, \u00fc\u00e7\u00fcnc\u00fc \u00fclkeler taraf\u0131ndan i\u00e7 politika malzemesi yap\u0131lmas\u0131, \u00e7arp\u0131t\u0131lmas\u0131, se\u00e7im kazanma u\u011fruna istismar edilmesi kar\u015f\u0131s\u0131nda da hakl\u0131 ve hukuki tepkimizi de yine cesaretle ortaya koyuyoruz ve koyar\u0131z.&#8221;<\/p>\n<p style=\"text-align: justify;\"><strong>&#8220;Bu millet, aziz ve asil bir millettir&#8221;<\/strong><\/p>\n<p style=\"text-align: justify;\">&#8220;Hi\u00e7 kimsenin, se\u00e7im kazanma u\u011fruna, pop\u00fclizm ama\u00e7l\u0131 olarak, T\u00fcrkiye \u00fczerinden istismar siyasetine giri\u015fmesini kabul edemeyiz&#8221; diyen Erdo\u011fan, \u015funlar\u0131 kaydetti: &#8220;Fransa&#8217;da al\u0131nan karar, T\u00fcrkiye&#8217;ye yap\u0131lm\u0131\u015f bir haks\u0131zl\u0131k ve yanl\u0131\u015fl\u0131k oldu\u011fu kadar, bizzat Fransa&#8217;ya, bizzat, Fransa halk\u0131na da yap\u0131lm\u0131\u015f bir yanl\u0131\u015fl\u0131kt\u0131r ve haks\u0131zl\u0131kt\u0131r. Burada benim bu ifadelerim asla ve asla Frans\u0131z halk\u0131na de\u011fildir, tamam\u0131yla Frans\u0131z y\u00f6netiminedir. Fransa Ulusal Meclisi, ald\u0131\u011f\u0131 bu kararla Frans\u0131z \u0130htilali&#8217;n\u0131n, Fransa&#8217;n\u0131n, Avrupa&#8217;n\u0131n de\u011ferlerini ayaklar alt\u0131na alm\u0131\u015f, ifade \u00f6zg\u00fcrl\u00fc\u011f\u00fcne a\u011f\u0131r darbe vurmu\u015f, maalesef \u0131rk\u00e7\u0131l\u0131k, ayr\u0131mc\u0131l\u0131k ve \u0130slamofobia noktas\u0131nda tarihe kara bir leke s\u00fcrm\u00fc\u015ft\u00fcr.<\/p>\n<p style=\"text-align: justify;\">Fransa Ulusal Meclisi&#8217;nin \u00f6n\u00fcnde, do\u011frudan do\u011fruya kendisini ilgilendiren, do\u011frudan do\u011fruya Fransa H\u00fck\u00fcmetlerini ilgilendiren \u00e7ok say\u0131da karanl\u0131k dosya bulunuyor. \u00d6rne\u011fin Fransa, Ruanda&#8217;da ya\u015fananlar\u0131, orada 800 bin masum insan\u0131n \u00f6l\u00fcm\u00fcndeki rol\u00fcn\u00fc hen\u00fcz b\u00fct\u00fcn boyutlar\u0131yla ayd\u0131nl\u0131\u011fa kavu\u015fturmu\u015f de\u011fil. Fransa, Cezayir&#8217;de yapt\u0131\u011f\u0131 soyk\u0131r\u0131m\u0131n hesab\u0131n\u0131 hen\u00fcz vermi\u015f de\u011fil. A\u00e7\u0131k a\u00e7\u0131k ifade ediyorum. Fransa, 1915 olaylar\u0131nda, kendi rol\u00fcn\u00fc, kendi te\u015fvik edici, k\u0131\u015fk\u0131rt\u0131c\u0131 tavr\u0131n\u0131; \u00e7etelere sa\u011flad\u0131\u011f\u0131 lojistik deste\u011fi sorgulam\u0131\u015f de\u011fil. Ruanda&#8217;da, Cezayir&#8217;de, Afrika&#8217;n\u0131n kaynaklar\u0131n\u0131n talan edilmesinde ba\u015frol oynayan Fransa H\u00fck\u00fcmetleri, ayn\u0131 \u015fekilde, 1915 hadiselerinde de ba\u015frol oynam\u0131\u015ft\u0131r.<\/p>\n<p style=\"text-align: justify;\">Bunlar, bizim ar\u015fivlerimizde, bizim ar\u015fiv belgelerimizde \u00e7ok a\u00e7\u0131k \u015fekilde kaydedilmi\u015ftir. D\u00f6nemin Fransa b\u00fcy\u00fckel\u00e7isinin, konsoloslar\u0131n\u0131n, viskonsoloslar\u0131n\u0131n, Van&#8217;\u0131n, Mu\u015f&#8217;un, Erzurum&#8217;un da\u011flar\u0131nda, her t\u00fcrl\u00fc y\u00f6ntemle k\u0131\u015fk\u0131rtmalar yapt\u0131klar\u0131 tek tek belgelerle kay\u0131t alt\u0131na al\u0131nm\u0131\u015ft\u0131r ve ar\u015fivlerde de bulunmaktad\u0131r. Biz devlet olarak, millet olarak, bu t\u00fcr oldu bittilere, bu t\u00fcr art niyetli ve ayr\u0131mc\u0131 tav\u0131rlara kar\u015f\u0131 asla boynumuzu b\u00fckmeyiz. T\u00fcrkiye b\u00fcy\u00fck bir devlettir, bu millet, aziz ve asil bir millettir. Bize, tarihimize, bizim de\u011ferlerimize kar\u015f\u0131, se\u00e7im kazanma h\u0131rs\u0131yla yap\u0131lm\u0131\u015f bu basit ve gayri ciddi giri\u015fimlere, biz kararl\u0131l\u0131kla ve ciddiyetle kar\u015f\u0131 dururuz ve duruyoruz.&#8221;<\/p>\n<p style=\"text-align: justify;\"><strong>&#8220;&#8230;De\u015fifre edece\u011fiz&#8221;<\/strong><\/p>\n<p style=\"text-align: justify;\">Fransa&#8217;da al\u0131nan bu karar\u0131n ertesinde, T\u00fcrkiye&#8217;nin de baz\u0131 kararlar\u0131 a\u00e7\u0131klad\u0131\u011f\u0131n\u0131 ve uygulamaya ba\u015flad\u0131\u011f\u0131n\u0131 an\u0131nmsatan Ba\u015fbakan Erdo\u011fan, konu\u015fmas\u0131n\u0131 \u015f\u00f6yle s\u00fcrd\u00fcrd\u00fc: &#8220;Yasa teklifinin Fransa&#8217;daki seyrine g\u00f6re, biz de \u00f6nlemlerimizi etap etap a\u00e7\u0131klayacak ve kararl\u0131l\u0131kla da uygulayaca\u011f\u0131z. Biz hi\u00e7bir \u015feyin \u00fczerini \u00f6rtme niyetinde de\u011filiz. Biz, tarihin ayd\u0131nlat\u0131lmas\u0131na de\u011fil, tarihin \u00e7arp\u0131t\u0131lmas\u0131na kar\u015f\u0131y\u0131z. Parlamentolarda al\u0131nan her karar, tarihin ayd\u0131nlat\u0131lmas\u0131n\u0131 geciktirecek, 1915 olaylar\u0131n\u0131n i\u00e7 y\u00fcz\u00fcn\u00fcn ortaya \u00e7\u0131kmas\u0131na, bu hadiselerin bilimsel \u015fekilde tart\u0131\u015f\u0131lmas\u0131na engel te\u015fkil edecektir.<\/p>\n<p style=\"text-align: justify;\">T\u00fcrkiye olarak, H\u00fck\u00fcmet olarak, bu kampanyalar\u0131, bu haks\u0131z itham ve iddialar\u0131 tek tek takip ediyor, diplomatik giri\u015fimlerimizi yo\u011fun \u015fekilde s\u00fcrd\u00fcr\u00fcyoruz. Ayn\u0131 \u015fekilde, biz, bilimsel \u00e7al\u0131\u015fmalar\u0131 da te\u015fvik ediyor, tarihi \u00e7arp\u0131tanlara kar\u015f\u0131; belgelerle, delillerle cevap veriyoruz. Bu y\u00f6ndeki giri\u015fimlerimizi de art\u0131k yo\u011funla\u015ft\u0131rarak s\u00fcrd\u00fcrece\u011fiz.<\/p>\n<p style=\"text-align: justify;\">Fransa Cumhurba\u015fkan\u0131 ve Ulusal Meclis&#8217;teki karar\u0131 alan milletvekillerinin \u0131rk\u00e7\u0131, ayr\u0131mc\u0131, T\u00fcrkiye ve \u0130slam kar\u015f\u0131t\u0131 tav\u0131rlar\u0131n\u0131, her zeminde, her platformda dile getirece\u011fiz. 1915 olaylar\u0131n\u0131 ayd\u0131nlatmak i\u00e7in \u00e7aba harcad\u0131\u011f\u0131m\u0131z kadar, bu hadiseleri istismar edenleri, bu hadiseler \u00fczerinden politik \u00e7\u0131kar sa\u011flamaya \u00e7al\u0131\u015fanlar\u0131 da cesaretle de\u015fifre edece\u011fiz. Bu t\u00fcr giri\u015fimler, T\u00fcrkiye&#8217;nin b\u00fcy\u00fcmesini, b\u00f6lgesinde, d\u00fcnyada, medeniyetleri kucakla\u015ft\u0131ran, bar\u0131\u015f\u0131 g\u00fc\u00e7l\u00fc \u015fekilde savunan bir \u00fclke olarak ilerlemesini asla engelleyemeyecektir.&#8221;<\/p>\n<p style=\"text-align: justify;\"><a href=\"http:\/\/www.radikal.com.tr\/Radikal.aspx?aType=RadikalDetayV3&amp;ArticleID=1074130&amp;Date=31.12.2011&amp;CategoryID=78\" target=\"_blank\">Kaynak : Radikal.com.tr<\/a><\/p>\n","protected":false},"excerpt":{"rendered":"<p style=\"text-align: justify;\">\n<p style=\"text-align: justify;\">Fransa parlamentosundan ge\u00e7en soyk\u0131r\u0131m\u0131 inkar yasas\u0131, Ba\u015fbakan Erdo\u011fan&#8217;\u0131n g\u00fcndemindeydi. &#8220;Ulusa Sesleni\u015f&#8221; konu\u015fmas\u0131 yapan Ba\u015fbakan, 1915 olaylar\u0131nda Fransa&#8217;n\u0131n k\u0131\u015fk\u0131rt\u0131c\u0131 rol\u00fc oldu\u011funu ifade etti. Ba\u015fbakan Erdo\u011fan, Fransa&#8217;n\u0131n Cezayir&#8217;de yapt\u0131\u011f\u0131 soyk\u0131r\u0131m\u0131n hesab\u0131n\u0131 hen\u00fcz vermedi\u011fini s\u00f6yledi.<\/p>\n","protected":false},"author":1,"featured_media":0,"comment_status":"open","ping_status":"open","sticky":false,"template":"","format":"standard","meta":{"footnotes":""},"categories":[105],"tags":[],"class_list":["post-45587","post","type-post","status-publish","format-standard","hentry","category-gundem","odd"],"_links":{"self":[{"href":"http:\/\/www.korhanyilmaz.com\/index.php?rest_route=\/wp\/v2\/posts\/45587","targetHints":{"allow":["GET"]}}],"collection":[{"href":"http:\/\/www.korhanyilmaz.com\/index.php?rest_route=\/wp\/v2\/posts"}],"about":[{"href":"http:\/\/www.korhanyilmaz.com\/index.php?rest_route=\/wp\/v2\/types\/post"}],"author":[{"embeddable":true,"href":"http:\/\/www.korhanyilmaz.com\/index.php?rest_route=\/wp\/v2\/users\/1"}],"replies":[{"embeddable":true,"href":"http:\/\/www.korhanyilmaz.com\/index.php?rest_route=%2Fwp%2Fv2%2Fcomments&post=45587"}],"version-history":[{"count":0,"href":"http:\/\/www.korhanyilmaz.com\/index.php?rest_route=\/wp\/v2\/posts\/45587\/revisions"}],"wp:attachment":[{"href":"http:\/\/www.korhanyilmaz.com\/index.php?rest_route=%2Fwp%2Fv2%2Fmedia&parent=45587"}],"wp:term":[{"taxonomy":"category","embeddable":true,"href":"http:\/\/www.korhanyilmaz.com\/index.php?rest_route=%2Fwp%2Fv2%2Fcategories&post=45587"},{"taxonomy":"post_tag","embeddable":true,"href":"http:\/\/www.korhanyilmaz.com\/index.php?rest_route=%2Fwp%2Fv2%2Ftags&post=45587"}],"curies":[{"name":"wp","href":"https:\/\/api.w.org\/{rel}","templated":true}]}}