{"id":45583,"date":"2011-12-31T08:46:38","date_gmt":"2011-12-31T06:46:38","guid":{"rendered":"http:\/\/www.korhanyilmaz.com\/?p=45583"},"modified":"2011-12-31T12:17:51","modified_gmt":"2011-12-31T10:17:51","slug":"erdogandan-zam-fircasi","status":"publish","type":"post","link":"http:\/\/www.korhanyilmaz.com\/?p=45583","title":{"rendered":"Erdo\u011fan&#8217;dan zam f\u0131r\u00e7as\u0131"},"content":{"rendered":"<p style=\"text-align: justify;\"><a href=\"http:\/\/www.korhanyilmaz.com\/wp-content\/uploads\/2011\/12\/8900.jpg\"  class=\"lightview\"><img loading=\"lazy\" decoding=\"async\" class=\"aligncenter  wp-image-45584\" src=\"http:\/\/www.korhanyilmaz.com\/wp-content\/uploads\/2011\/12\/8900.jpg\" alt=\"\" width=\"396\" height=\"180\" \/><\/a><\/p>\n<p style=\"text-align: justify;\">Ba\u015fbakan Erdo\u011fan, milletvekili emekli ayl\u0131klar\u0131yla ilgili d\u00fczenleme konusunda CHP ve MHP\u2019nin tak\u0131nd\u0131\u011f\u0131 tutum nedeniyle kurmaylar\u0131na tepki g\u00f6sterdi\u011fi \u00f6\u011frenildi.<\/p>\n<p style=\"text-align: justify;\">ANKARA &#8211; AKP, vekillerin emekli ayl\u0131\u011f\u0131na ili\u015fkin d\u00fczenlemede G\u00fcl\u2019\u00fcn veto gerek\u00e7esi do\u011frultusunda \u201coran r\u00f6tu\u015fu\u201d yapma e\u011filiminde. Ba\u015fbakan Erdo\u011fan\u2019\u0131n MYK\u2019da AKP kurmaylar\u0131na muhalefeti kastederek \u201cBunlar\u0131n neyine g\u00fcvendiniz de bu yola girdiniz, sizi uyarmad\u0131m m\u0131?\u201d diye k\u0131zd\u0131\u011f\u0131 \u00f6\u011frenildi. <!--more--><\/p>\n<p style=\"text-align: justify;\">Cumhurba\u015fkan\u0131 Abdullah G\u00fcl\u2019\u00fcn \u201ckamu vicdan\u0131n\u0131 rahats\u0131z etti\u011fi\u201d gerek\u00e7esiyle milletvekili emekli ayl\u0131klar\u0131n\u0131n 2020 y\u0131l\u0131 sonuna kadar \u201ckatmerli zam\u201d g\u00f6rmesini sa\u011flayacak yasa maddesini veto etmesinin ard\u0131ndan g\u00f6zler AK Parti\u2019ye \u00e7evrildi.<\/p>\n<p style=\"text-align: justify;\">\u00d6nceki g\u00fcn yap\u0131lan AK Parti MYK toplant\u0131s\u0131nda G\u00fcl\u2019\u00fcn vetosunu de\u011ferlendirirken, \u201cSay\u0131n Cumhurba\u015fkan\u0131 b\u00f6yle takdir etmi\u015f. Sayg\u0131 g\u00f6stermek gerekir\u201d diyen Ba\u015fbakan Erdo\u011fan d\u00fcn de konuya ili\u015fkin soru \u00fczerine, \u201cCumhurba\u015fkan\u0131m\u0131z\u0131n iadesindeki gerek\u00e7eleri g\u00f6zden ge\u00e7irerek, belki emekli milletvekillerimizle ilgili y\u00fczde 42-y\u00fczde 60 oran\u0131n\u0131 bir de\u011ferlendirmeye al\u0131p, bu de\u011ferlendirmeye g\u00f6re arkada\u015flar\u0131m\u0131zla bir karara varaca\u011f\u0131z ve bu \u015fekilde de Meclis\u2019ten bunu ge\u00e7irece\u011fiz\u201d a\u00e7\u0131klamas\u0131n\u0131 yapt\u0131.<\/p>\n<p style=\"text-align: justify;\">Erdo\u011fan\u2019\u0131n a\u00e7\u0131klamas\u0131nda verdi\u011fi mesaj ve AK Parti kurmaylar\u0131ndan edinilen bilgiye g\u00f6re, muhalefetin de itiraz etti\u011fi milletvekili emekli ayl\u0131klar\u0131n\u0131 8.040 TL\u2019ye \u00e7\u0131kartan vetolu k\u0131yak maddesi konusunda iktidar kanad\u0131 \u015eike Yasas\u0131\u2019nda oldu\u011fu gibi \u201caynen iade\u201d tavr\u0131n\u0131 benimsemeyecek. Bunun yerine ya sadece vetolu madde yasa metninden \u00e7\u0131kart\u0131larak ba\u015fkaca bir de\u011fi\u015fiklik yap\u0131lmadan tart\u0131\u015fmalara nokta konulacak ya da vekil emekli ayl\u0131klar\u0131nda vetolu maddedekine g\u00f6re daha makul bir art\u0131\u015f sa\u011flayacak \u015fekilde, G\u00fcl\u2019\u00fcn onay verdi\u011fi, milletvekillerinin Cumhurba\u015fkan\u0131 emekli ayl\u0131\u011f\u0131 \u00f6dene\u011finin y\u00fczde 42\u2019si tutar\u0131nda emekli ayl\u0131\u011f\u0131 almalar\u0131na ili\u015fkin maddedeki oranda de\u011fi\u015fikli\u011fe gidilecek.<\/p>\n<p style=\"text-align: justify;\"><strong>Y\u00dcZDE 50 ORTA YOL<\/strong><\/p>\n<p style=\"text-align: justify;\">AK Parti kurmaylar\u0131, \u00f6zellikle parlamento d\u0131\u015f\u0131 kalm\u0131\u015f emekli eski vekillerin mali durumlar\u0131n\u0131 dikkate alarak, ikinci form\u00fcl \u00fczerinde daha a\u011f\u0131rl\u0131kl\u0131 olarak durduklar\u0131n\u0131 ifade ettiler. Cumhurba\u015fkan\u0131 G\u00fcl\u2019\u00fcn de veto gerek\u00e7elerini a\u00e7\u0131klarken \u201coran belirleme takdirinin Meclis\u2019te oldu\u011funa\u201d vurgu yapt\u0131\u011f\u0131na dikkat \u00e7eken AK Parti kurmaylar\u0131, \u201cBu \u00e7er\u00e7evede Say\u0131n Cumhurba\u015fkan\u0131\u2019n\u0131n makul buldu\u011fu herhangi bir itiraz getirmedi\u011fi hatta milletvekili emekli ayl\u0131klar\u0131 aras\u0131ndaki e\u015fitsizli\u011fi gidermeye y\u00f6nelik oldu\u011funu ifade ededen maddedeki y\u00fczde 42\u2019i oran\u0131 bir miktar y\u00fckseltilerek herkesi tatmin edecek ve kamuoyu vicdan\u0131n\u0131 da rahats\u0131z etmeyecek bir \u00e7\u00f6z\u00fcm bulunabilir\u201d de\u011ferlendirmesini yapt\u0131lar.<\/p>\n<p style=\"text-align: justify;\">Vatan gazetesinin haberine g\u00f6re, AK Parti kurmaylar\u0131 belirlenecek yeni oran\u0131n ne olabilece\u011fine ili\u015fkin soruyu yan\u0131tlarken ise, \u201cY\u00fczde 42 oran\u0131 ile milletvekili emekli ayl\u0131klar\u0131 neredeyse mevcut halini koruyor. Yani bu haliyle kalmas\u0131n\u0131n emekli milletvekilleri a\u00e7\u0131s\u0131ndan pek bir anlam\u0131 olmayacak. Veto gerek\u00e7esi ortadayken y\u00fczde 60\u2019a yak\u0131n bir oran da olmaz. Birka\u00e7 puanl\u0131k bir art\u0131\u015f i\u00e7in de yeniden d\u00fczenleme yapmaya de\u011fmez. O nedenle y\u00fczde 50 ya da civar\u0131nda bir oran belirlenebilir\u201d g\u00f6r\u00fc\u015f\u00fcn\u00fc dile getirdiler.<\/p>\n<p style=\"text-align: justify;\">AK Parti kurmaylar\u0131 Meclis\u2019in 3 Ocak\u2019ta yeniden i\u015fba\u015f\u0131 yapmas\u0131n\u0131n ard\u0131ndan bu konudaki karar\u0131n netle\u015fece\u011fini ifade ederken, ifade edildi\u011fi \u015fekilde y\u00fczde 50 oran\u0131n\u0131n benimsenmesi durumunda, y\u00fczde 42 endeksiyle 2012 y\u0131l\u0131 i\u00e7in 5.628 TL olarak \u00f6ng\u00f6r\u00fclen milletvekili emekli ayl\u0131klar\u0131n\u0131n tutar\u0131 6.500-6.700 tutar\u0131na \u00e7\u0131kacak. \u015eu anda SSK ve Ba\u011fkur emeklisi olan bu d\u00f6nem ilk kez parlamentoya girmi\u015f vekiller de parlamentoda 2. y\u0131llar\u0131n\u0131 doldurduklar\u0131 andan itibaren bu emekli ayl\u0131\u011f\u0131n\u0131 almaya ba\u015flayacak.<\/p>\n<p style=\"text-align: justify;\"><strong>ERDO\u011eAN KURMAYLARINA KIZDI<\/strong><\/p>\n<p style=\"text-align: justify;\">Bu arada AK Parti MYK toplant\u0131s\u0131nda, milletvekili emekli ayl\u0131klar\u0131yla ilgili d\u00fczenleme konusunda CHP ve MHP\u2019nin tak\u0131nd\u0131\u011f\u0131 tutum nedeniyle Ba\u015fbakan Erdo\u011fan\u2019\u0131n kurmaylar\u0131na tepki g\u00f6sterdi\u011fi \u00f6\u011frenildi. Edinilen bilgiye g\u00f6re Erdo\u011fan toplant\u0131da, milletvekili emekli ayl\u0131klar\u0131yla ilgili \u00f6nergelerin haz\u0131rlanmas\u0131 a\u015famas\u0131nda, \u00f6nergelere Genel Ba\u015fkanlar d\u00fczeyinde imza konulmas\u0131 \u00f6nerisinde bulundu\u011funu, \u201cHerkes evet derse, biz de destekleriz\u201d yakla\u015f\u0131m\u0131 sergiledi\u011fini, ancak kendisine \u201c4 Parti grup ba\u015fkanvekilleri d\u00fczeyinde yap\u0131lan g\u00f6r\u00fc\u015fmeler sonucunda anla\u015ft\u0131. TBMM Ba\u015fkan\u0131 da bu i\u015fin \u00f6nc\u00fcl\u00fc\u011f\u00fcn\u00fc ve savunuculu\u011funu \u00fcstlenecek. Bu \u00e7er\u00e7evede Meclis Ba\u015fkanl\u0131k Divan\u0131 \u00fcyelerinin imzalar\u0131yla \u00f6nergeler verilecek\u201d bilgisinin verildi\u011fini ifade etti. \u201cBak\u0131n \u015fimdi CHP ve MHP ne diyor?\u201d diyen Erdo\u011fan kurmaylar\u0131na, \u201cBen sizi uyarmad\u0131m m\u0131? Bunlar\u0131n neyine g\u00fcvendiniz de bu yola girdiniz?\u201d diye tepki g\u00f6sterdi.<\/p>\n<p style=\"text-align: justify;\"><strong>B\u0130LSEYD\u0130M BU \u0130\u015eE G\u0130RMEZD\u0130M<\/strong><\/p>\n<p style=\"text-align: justify;\">Milletvekili emekli ayl\u0131klar\u0131yla ilgili d\u00fczenlemeninin ila\u00e7ta kat\u0131l\u0131m yap\u0131n\u0131 d\u00fczenleyen Emekli Sand\u0131\u011f\u0131 ve baz\u0131 kanunlarda de\u011fi\u015fiklik yapan yasaya monte edilmesi konusunda \u00f6nc\u00fcl\u00fck eden TBMM Ba\u015fkan\u0131 Cemil \u00c7i\u00e7ek\u2019in de, CHP ve MHP\u2019den yap\u0131lan, \u201cBizim haberimiz yoktu, red oyu kulland\u0131k\u201d ve \u201cveto \u00e7a\u011fr\u0131s\u0131\u201d i\u00e7eren a\u00e7\u0131klamalara tepkili oldu\u011fu \u00f6\u011frenildi. \u00c7i\u00e7ek\u2019in yak\u0131n \u00e7evresine tepkisini, \u201cHerkesle g\u00f6r\u00fc\u015f\u00fcld\u00fc bilgi verildi. B\u00f6yle yapacaklar\u0131n\u0131 bilseydim bu i\u015fe girmezdim\u201d s\u00f6zleriyle aktard\u0131\u011f\u0131 bildirildi.<\/p>\n<p style=\"text-align: justify;\"><a href=\"http:\/\/www.gazeteport.com.tr\/haber\/71182\/erdogandan_zam_fircasi\" target=\"_blank\">Kaynak : GAZETEPORT<\/a><\/p>\n","protected":false},"excerpt":{"rendered":"<p style=\"text-align: justify;\">\n<p style=\"text-align: justify;\">Ba\u015fbakan Erdo\u011fan, milletvekili emekli ayl\u0131klar\u0131yla ilgili d\u00fczenleme konusunda CHP ve MHP\u2019nin tak\u0131nd\u0131\u011f\u0131 tutum nedeniyle kurmaylar\u0131na tepki g\u00f6sterdi\u011fi \u00f6\u011frenildi.<\/p>\n<p style=\"text-align: justify;\">ANKARA &#8211; AKP, vekillerin emekli ayl\u0131\u011f\u0131na ili\u015fkin d\u00fczenlemede G\u00fcl\u2019\u00fcn veto gerek\u00e7esi do\u011frultusunda \u201coran r\u00f6tu\u015fu\u201d yapma e\u011filiminde. Ba\u015fbakan Erdo\u011fan\u2019\u0131n MYK\u2019da AKP kurmaylar\u0131na muhalefeti kastederek \u201cBunlar\u0131n neyine g\u00fcvendiniz de bu yola girdiniz, <\/p>\n","protected":false},"author":1,"featured_media":0,"comment_status":"open","ping_status":"open","sticky":false,"template":"","format":"standard","meta":{"footnotes":""},"categories":[105],"tags":[],"class_list":["post-45583","post","type-post","status-publish","format-standard","hentry","category-gundem","odd"],"_links":{"self":[{"href":"http:\/\/www.korhanyilmaz.com\/index.php?rest_route=\/wp\/v2\/posts\/45583","targetHints":{"allow":["GET"]}}],"collection":[{"href":"http:\/\/www.korhanyilmaz.com\/index.php?rest_route=\/wp\/v2\/posts"}],"about":[{"href":"http:\/\/www.korhanyilmaz.com\/index.php?rest_route=\/wp\/v2\/types\/post"}],"author":[{"embeddable":true,"href":"http:\/\/www.korhanyilmaz.com\/index.php?rest_route=\/wp\/v2\/users\/1"}],"replies":[{"embeddable":true,"href":"http:\/\/www.korhanyilmaz.com\/index.php?rest_route=%2Fwp%2Fv2%2Fcomments&post=45583"}],"version-history":[{"count":0,"href":"http:\/\/www.korhanyilmaz.com\/index.php?rest_route=\/wp\/v2\/posts\/45583\/revisions"}],"wp:attachment":[{"href":"http:\/\/www.korhanyilmaz.com\/index.php?rest_route=%2Fwp%2Fv2%2Fmedia&parent=45583"}],"wp:term":[{"taxonomy":"category","embeddable":true,"href":"http:\/\/www.korhanyilmaz.com\/index.php?rest_route=%2Fwp%2Fv2%2Fcategories&post=45583"},{"taxonomy":"post_tag","embeddable":true,"href":"http:\/\/www.korhanyilmaz.com\/index.php?rest_route=%2Fwp%2Fv2%2Ftags&post=45583"}],"curies":[{"name":"wp","href":"https:\/\/api.w.org\/{rel}","templated":true}]}}