{"id":45558,"date":"2011-12-29T20:41:52","date_gmt":"2011-12-29T18:41:52","guid":{"rendered":"http:\/\/www.korhanyilmaz.com\/?p=45558"},"modified":"2011-12-29T22:15:10","modified_gmt":"2011-12-29T20:15:10","slug":"hukumetten-aciklama-bekliyor","status":"publish","type":"post","link":"http:\/\/www.korhanyilmaz.com\/?p=45558","title":{"rendered":"H\u00fck\u00fcmetten a\u00e7\u0131klama bekliyor"},"content":{"rendered":"<p style=\"text-align: center;\"><a href=\"http:\/\/www.korhanyilmaz.com\/wp-content\/uploads\/2011\/12\/8826.jpg\"  class=\"lightview\"><img loading=\"lazy\" decoding=\"async\" class=\"aligncenter  wp-image-45559\" src=\"http:\/\/www.korhanyilmaz.com\/wp-content\/uploads\/2011\/12\/8826.jpg\" alt=\"\" width=\"322\" height=\"241\" \/><\/a><\/p>\n<p style=\"text-align: justify;\">CHP Genel Ba\u015fkan\u0131 Kemal K\u0131l\u0131\u00e7daro\u011flu, Irak s\u0131n\u0131r\u0131ndaki olaya ili\u015fkin, &#8221;H\u00fck\u00fcmetin bu konuda sorumluluklar\u0131 var. Dolay\u0131s\u0131yla h\u00fck\u00fcmetin a\u00e7\u0131klama yapmas\u0131n\u0131 istiyoruz. Bu, say\u0131n Ba\u015fbakan olabilir, \u0130\u00e7i\u015fleri Bakan\u0131 olabilir, Milli Savunma Bakan\u0131 olabilir. Olay\u0131n ayd\u0131nlat\u0131lmas\u0131 y\u00f6n\u00fcnde kamuoyunun bilgilendirilmesi a\u00e7\u0131s\u0131ndan bir a\u00e7\u0131klama gerekiyor&#8221; dedi.\u00a0<!--more--><\/p>\n<p style=\"text-align: justify;\">\u0130stanbul- K\u0131l\u0131\u00e7daro\u011flu, Ekonomi Gazetecileri Derne\u011finin (EGD) geleneksel y\u0131lba\u015f\u0131 bulu\u015fmas\u0131nda gazetecilerin \u00e7e\u015fitli konulardaki sorular\u0131n\u0131 yan\u0131tlad\u0131.<\/p>\n<p style=\"text-align: justify;\">Irak s\u0131n\u0131r\u0131nda meydana gelen olayla ilgili soru \u00fczerine K\u0131l\u0131\u00e7daro\u011flu, \u015funlar\u0131 kaydetti:<\/p>\n<p style=\"text-align: justify;\">&#8221;35 yurtta\u015f\u0131m\u0131z\u0131n hayat\u0131n\u0131 yitirmesiyle ilgili h\u00fck\u00fcmet kanad\u0131ndan \u015fu ana kadar bir a\u00e7\u0131klama gelmemesi \u015fa\u015f\u0131rt\u0131c\u0131. Her ne kadar AKP MKYK&#8217;s\u0131n\u0131n toplanmas\u0131ndan sonra say\u0131n H\u00fcseyin \u00c7elik bir a\u00e7\u0131klama yapt\u0131ysa da, bu a\u00e7\u0131klama partiyi ilgilendiren bir a\u00e7\u0131klama. H\u00fck\u00fcmetin bu konuda sorumluluklar\u0131 var. Dolay\u0131s\u0131yla h\u00fck\u00fcmetin a\u00e7\u0131klama yapmas\u0131n\u0131 istiyoruz. Bu, say\u0131n Ba\u015fbakan olabilir, \u0130\u00e7i\u015fleri Bakan\u0131 olabilir, Milli Savunma Bakan\u0131 olabilir. Olay\u0131n ayd\u0131nlat\u0131lmas\u0131 y\u00f6n\u00fcnde kamuoyunun bilgilendirilmesi a\u00e7\u0131s\u0131ndan bir a\u00e7\u0131klama gerekiyor. Genelkurmay&#8217;\u0131n a\u00e7\u0131klamas\u0131 bizi fazla ilgilendirmiyor. \u00c7\u00fcnk\u00fc o a\u00e7\u0131klama, devletin bir kurumuna ait a\u00e7\u0131klama. Bizim muhatab\u0131m\u0131z do\u011frudan h\u00fck\u00fcmet, siyasi iktidar. Siyasi iktidar\u0131n sorumlulu\u011fu var. Bu sorumlulu\u011fun bilincinde olarak a\u00e7\u0131klama yapmas\u0131 gerekiyor.&#8221;<\/p>\n<p style=\"text-align: justify;\">K\u0131l\u0131\u00e7daro\u011flu, Cumhurba\u015fkan\u0131 Abdullah G\u00fcl&#8217;\u00fcn, T\u00fcrkiye Cumhuriyeti Emekli Sand\u0131\u011f\u0131 Kanunu ile Baz\u0131 Kanunlarda De\u011fi\u015fiklik Yap\u0131lmas\u0131na Dair Kanun&#8217;u, emekli milletvekili ve d\u0131\u015far\u0131dan bakanl\u0131k g\u00f6revinde bulunanlar\u0131n maa\u015f\u0131yla ilgili maddesinin bir kez daha g\u00f6r\u00fc\u015f\u00fclmesi i\u00e7in TBMM&#8217;ye iade etmesiyle ilgili soruya kar\u015f\u0131l\u0131k da, Cumhurba\u015fkan\u0131 G\u00fcl&#8217;\u00fcn yasay\u0131 veto etmesinden \u00f6t\u00fcr\u00fc mutlu oldu\u011funu s\u00f6yledi.<\/p>\n<p style=\"text-align: justify;\">CHP Genel Ba\u015fkan\u0131 K\u0131l\u0131\u00e7daro\u011flu, &#8221;Ben, say\u0131n Cumhurba\u015fkan\u0131na, 90 y\u0131ll\u0131k parlamento gelene\u011fimize g\u00f6re, emekli milletvekillerinin maa\u015f\u0131na zam yap\u0131l\u0131rken gece yar\u0131s\u0131 operasyonlar\u0131yla bu d\u00fczenlemelerin yap\u0131lmas\u0131n\u0131n do\u011fru olmad\u0131\u011f\u0131n\u0131, kamuoyunun bu konuda duyarl\u0131 oldu\u011funu, bu duyarl\u0131l\u0131\u011f\u0131n g\u00f6z \u00f6n\u00fcne al\u0131narak yasan\u0131n bir kez daha g\u00f6r\u00fc\u015f\u00fclmek \u00fczere parlamentoya bir kez daha iadesini takdirlerine sunmu\u015ftum. Ve say\u0131n Cumhurba\u015fkan\u0131, ilgili maddeyi tekrar g\u00f6r\u00fc\u015f\u00fclmek \u00fczere parlamentoya iade etti. Kendisine te\u015fekk\u00fcr ediyorum&#8221; \u015feklinde konu\u015ftu.<\/p>\n<p style=\"text-align: justify;\">K\u0131l\u0131\u00e7daro\u011flu, bir gazetecinin, emekli milletvekili maa\u015flar\u0131n\u0131 parlamentonun g\u00fcndemine CHP Grup Ba\u015fkanvekili Muharrem \u0130nce&#8217;nin getirdi\u011fine y\u00f6nelik hat\u0131rlatmas\u0131 \u00fczerine de &#8221;Ge\u00e7mi\u015f olaylar\u0131 tart\u0131\u015fman\u0131n bir mant\u0131\u011f\u0131 yok. Gelece\u011fe bakal\u0131m. \u00d6n\u00fcm\u00fczdeki g\u00fcnlerde bu tasar\u0131 parlamentoya gelecek, partilerin g\u00f6r\u00fc\u015f\u00fc gayet net olarak ortaya \u00e7\u0131kacak&#8221; dedi.<\/p>\n<p style=\"text-align: justify;\"><strong>Asgari \u00fccret\u00a0<\/strong><\/p>\n<p style=\"text-align: justify;\">Bir gazetecinin, bug\u00fcn a\u00e7\u0131klanan asgari \u00fccret zamlar\u0131na ili\u015fkin sorusu \u00fczerine de K\u0131l\u0131\u00e7daro\u011flu, &#8221;Asgari \u00fccret oranlar\u0131, milletvekili emekli ayl\u0131klar\u0131na yap\u0131lan zamlar dikkate al\u0131n\u0131nca son derece komik&#8221; de\u011ferlendirmesinde bulundu.<\/p>\n<p style=\"text-align: justify;\">K\u0131l\u0131\u00e7daro\u011flu, Odatv davas\u0131na ili\u015fkin bir soru \u00fczerine de \u015funlar\u0131 s\u00f6yledi:<\/p>\n<p style=\"text-align: justify;\">&#8221;Odatv davas\u0131, demokrasinin ay\u0131plar\u0131ndan birisidir. Gazetecilere y\u00fcklenen su\u00e7 ger\u00e7ekten \u00e7ok a\u011f\u0131r. Hak ettikleri bir su\u00e7lama ile kar\u015f\u0131 kar\u015f\u0131ya de\u011filler. \u00d6zellikle vir\u00fcslerle bilgisayara mesaj g\u00f6nderildi\u011fi art\u0131k kan\u0131tland\u0131. Bir de\u011fil, iki, \u00fc\u00e7 de\u011fil, d\u00f6rt ayr\u0131 bilirki\u015fi raporunda bu dava \u00e7\u00f6km\u00fc\u015ft\u00fcr. Siyasi bir davad\u0131r. Zaten biz oradaki bas\u0131n mensuplar\u0131n\u0131n arkas\u0131nday\u0131z. Onlar y\u00fcrekli, namuslu insanlar. Her \u015feyi a\u015facaklard\u0131r. Bunu da a\u015facaklar\u0131na inan\u0131yorum.&#8221;<\/p>\n<p style=\"text-align: justify;\"><a href=\"http:\/\/www.cumhuriyet.com.tr\/?hn=304064&amp;kw=H%FCk%FCmetten+a%E7%FDklama+bekliyor\" target=\"_blank\">Kaynak : Cumhuriyet Haber Portal\u0131<\/a><\/p>\n","protected":false},"excerpt":{"rendered":"<p style=\"text-align: center;\">\n<p style=\"text-align: justify;\">CHP Genel Ba\u015fkan\u0131 Kemal K\u0131l\u0131\u00e7daro\u011flu, Irak s\u0131n\u0131r\u0131ndaki olaya ili\u015fkin, &#8221;H\u00fck\u00fcmetin bu konuda sorumluluklar\u0131 var. Dolay\u0131s\u0131yla h\u00fck\u00fcmetin a\u00e7\u0131klama yapmas\u0131n\u0131 istiyoruz. Bu, say\u0131n Ba\u015fbakan olabilir, \u0130\u00e7i\u015fleri Bakan\u0131 olabilir, Milli Savunma Bakan\u0131 olabilir. Olay\u0131n ayd\u0131nlat\u0131lmas\u0131 y\u00f6n\u00fcnde kamuoyunun bilgilendirilmesi a\u00e7\u0131s\u0131ndan bir a\u00e7\u0131klama gerekiyor&#8221; dedi. <\/p>\n","protected":false},"author":1,"featured_media":0,"comment_status":"open","ping_status":"open","sticky":false,"template":"","format":"standard","meta":{"footnotes":""},"categories":[105],"tags":[],"class_list":["post-45558","post","type-post","status-publish","format-standard","hentry","category-gundem","odd"],"_links":{"self":[{"href":"http:\/\/www.korhanyilmaz.com\/index.php?rest_route=\/wp\/v2\/posts\/45558","targetHints":{"allow":["GET"]}}],"collection":[{"href":"http:\/\/www.korhanyilmaz.com\/index.php?rest_route=\/wp\/v2\/posts"}],"about":[{"href":"http:\/\/www.korhanyilmaz.com\/index.php?rest_route=\/wp\/v2\/types\/post"}],"author":[{"embeddable":true,"href":"http:\/\/www.korhanyilmaz.com\/index.php?rest_route=\/wp\/v2\/users\/1"}],"replies":[{"embeddable":true,"href":"http:\/\/www.korhanyilmaz.com\/index.php?rest_route=%2Fwp%2Fv2%2Fcomments&post=45558"}],"version-history":[{"count":0,"href":"http:\/\/www.korhanyilmaz.com\/index.php?rest_route=\/wp\/v2\/posts\/45558\/revisions"}],"wp:attachment":[{"href":"http:\/\/www.korhanyilmaz.com\/index.php?rest_route=%2Fwp%2Fv2%2Fmedia&parent=45558"}],"wp:term":[{"taxonomy":"category","embeddable":true,"href":"http:\/\/www.korhanyilmaz.com\/index.php?rest_route=%2Fwp%2Fv2%2Fcategories&post=45558"},{"taxonomy":"post_tag","embeddable":true,"href":"http:\/\/www.korhanyilmaz.com\/index.php?rest_route=%2Fwp%2Fv2%2Ftags&post=45558"}],"curies":[{"name":"wp","href":"https:\/\/api.w.org\/{rel}","templated":true}]}}