{"id":45554,"date":"2011-12-29T11:35:48","date_gmt":"2011-12-29T09:35:48","guid":{"rendered":"http:\/\/www.korhanyilmaz.com\/?p=45554"},"modified":"2011-12-30T00:28:31","modified_gmt":"2011-12-29T22:28:31","slug":"dundar-mahkum-ettirdi","status":"publish","type":"post","link":"http:\/\/www.korhanyilmaz.com\/?p=45554","title":{"rendered":"D\u00fcndar mahkum ettirdi"},"content":{"rendered":"<p style=\"text-align: center;\"><a href=\"http:\/\/www.korhanyilmaz.com\/wp-content\/uploads\/2011\/12\/8825.jpg\"  class=\"lightview\"><img loading=\"lazy\" decoding=\"async\" class=\"aligncenter  wp-image-45555\" src=\"http:\/\/www.korhanyilmaz.com\/wp-content\/uploads\/2011\/12\/8825.jpg\" alt=\"\" width=\"396\" height=\"180\" \/><\/a><\/p>\n<p style=\"text-align: justify;\">Gazeteci U\u011fur D\u00fcndar ve e\u015finin \u00f6zel bilgilerini kamuoyuna yans\u0131tt\u0131\u011f\u0131 i\u00e7in haklar\u0131nda dava a\u00e7\u0131lan 3 polis memuru hakk\u0131nda karar \u00e7\u0131kt\u0131.<\/p>\n<p style=\"text-align: justify;\">\u0130STANBUL &#8211; Gazeteci U\u011fur D\u00fcndar ve e\u015finin \u00f6zel bilgilerini kamuoyuna yans\u0131tt\u0131\u011f\u0131 i\u00e7in haklar\u0131nda dava a\u00e7\u0131lan 3 polis memuru 1\u2019er y\u0131l hapis cezas\u0131na \u00e7arpt\u0131r\u0131ld\u0131. Polisler \u2018pi\u015fman\u2019 olunca cezalar\u0131 ertelendi.\u00a0<!--more--><\/p>\n<p style=\"text-align: justify;\">Gazeteci U\u011fur D\u00fcndar ve e\u015fiyle ilgili \u00f6zel kalmas\u0131 gereken bilgileri kamuoyuna yans\u0131tan 3 polis memuruna 1\u2019er y\u0131l hapis cezas\u0131 ertelendi. Buna gerek\u00e7e olarak da polislerin \u2018pi\u015fman olmalar\u0131\u2019 g\u00f6sterildi.<\/p>\n<p style=\"text-align: justify;\">Milliyet gazetesinin haberine g\u00f6re, ge\u00e7en y\u0131l Anadolu\u2019da Vakit gazetesinde yer alan bir haberde gazeteci U\u011fur D\u00fcndar\u2019\u0131n e\u015fi Yasemin Baradan D\u00fcndar\u2019\u0131n yurtd\u0131\u015f\u0131 giri\u015f ve \u00e7\u0131k\u0131\u015f kay\u0131tlar\u0131n\u0131 i\u00e7eren bilgilerin yer almas\u0131 \u00fczerine \u00e7ift savc\u0131l\u0131\u011fa su\u00e7 duyurusunda bulunmu\u015ftu. Soru\u015fturma sonucu Emniyet Genel M\u00fcd\u00fcrl\u00fc\u011f\u00fc Bilgi \u0130\u015flem Dairesi\u2019ndeki kay\u0131tlarda D\u00fcndar\u2019\u0131n e\u015finin \u00fclkeye giri\u015f \u00e7\u0131k\u0131\u015f tarihlerinin, 20 \u015eubat 2009 ile 14 May\u0131s 2009 tarihleri aras\u0131nda, tam 16 ayr\u0131 emniyet birimince sorguland\u0131\u011f\u0131 ortaya \u00e7\u0131km\u0131\u015ft\u0131. Sorgulamay\u0131 yapt\u0131\u011f\u0131 tespit edilen Ka\u00e7ak\u00e7\u0131l\u0131k ve Organize Su\u00e7larla M\u00fccadele Daire Ba\u015fkanl\u0131\u011f\u0131\u2019nda g\u00f6revli polis memurlar\u0131 Mustafa Y\u0131lmaz, Nesip S\u00f6ylemez ve Nilifer Ozap hakk\u0131nda \u201cki\u015fisel verileri hukuka ayk\u0131r\u0131 olarak ele ge\u00e7irmek\u201d su\u00e7lamas\u0131yla dava a\u00e7\u0131lm\u0131\u015ft\u0131.<\/p>\n<p style=\"text-align: justify;\"><strong>HUKUKA AYKIRI<\/strong><\/p>\n<p style=\"text-align: justify;\">Davay\u0131 6 Aral\u0131k 2011\u2019de karara ba\u011flayan Ankara 16. Asliye Ceza Mahkemesi, 3 polisi \u201cki\u015fisel verileri hukuka ayk\u0131r\u0131 olarak ele ge\u00e7irmek\u201d su\u00e7undan 1\u2019er y\u0131l hapis cezas\u0131na \u00e7arpt\u0131rm\u0131\u015ft\u0131. San\u0131k polis memurlar\u0131n\u0131n su\u00e7u i\u015fledikten sonra pi\u015fmanl\u0131k g\u00f6stermeleri nedeniyle verilen hapis cezalar\u0131 ertelendi.<\/p>\n<p style=\"text-align: justify;\"><strong>Y\u00d6NETMEL\u0130K A\u00c7IK<\/strong><\/p>\n<p style=\"text-align: justify;\">Kararda san\u0131klar\u0131n kendilerine g\u00f6revleri gere\u011fi verilen \u015fifreleri kullanarak Emniyet Genel M\u00fcd\u00fcrl\u00fc\u011f\u00fc Hudut Kap\u0131lar\u0131 ileti\u015fim sistemine izinsiz girip, ma\u011fdura ait ki\u015fisel veri niteli\u011findeki yurtd\u0131\u015f\u0131 giri\u015f ve \u00e7\u0131k\u0131\u015f kay\u0131tlar\u0131n\u0131 hukuka ayk\u0131r\u0131 olarak ele ge\u00e7irmek suretiyle at\u0131l\u0131 su\u00e7lar\u0131 i\u015fledikleri gerek\u00e7esiyle haklar\u0131nda ceza verildi\u011fi ifade edildi.<\/p>\n<p style=\"text-align: justify;\"><a href=\"http:\/\/www.gazeteport.com.tr\/haber\/70880\/dundar_mahkum_ettirdi\" target=\"_blank\">Kaynak : GAZETEPORT<\/a><\/p>\n","protected":false},"excerpt":{"rendered":"<p style=\"text-align: center;\">\n<p style=\"text-align: justify;\">Gazeteci U\u011fur D\u00fcndar ve e\u015finin \u00f6zel bilgilerini kamuoyuna yans\u0131tt\u0131\u011f\u0131 i\u00e7in haklar\u0131nda dava a\u00e7\u0131lan 3 polis memuru hakk\u0131nda karar \u00e7\u0131kt\u0131.<\/p>\n<p style=\"text-align: justify;\">\u0130STANBUL &#8211; Gazeteci U\u011fur D\u00fcndar ve e\u015finin \u00f6zel bilgilerini kamuoyuna yans\u0131tt\u0131\u011f\u0131 i\u00e7in haklar\u0131nda dava a\u00e7\u0131lan 3 polis memuru 1\u2019er y\u0131l hapis cezas\u0131na \u00e7arpt\u0131r\u0131ld\u0131. Polisler \u2018pi\u015fman\u2019 olunca cezalar\u0131 ertelendi. <\/p>\n","protected":false},"author":1,"featured_media":0,"comment_status":"open","ping_status":"open","sticky":false,"template":"","format":"standard","meta":{"footnotes":""},"categories":[105],"tags":[442,613,612],"class_list":["post-45554","post","type-post","status-publish","format-standard","hentry","category-gundem","tag-ugur-dundar","tag-vakit-gazetesi","tag-yasemin-baradan-dundar","odd"],"_links":{"self":[{"href":"http:\/\/www.korhanyilmaz.com\/index.php?rest_route=\/wp\/v2\/posts\/45554","targetHints":{"allow":["GET"]}}],"collection":[{"href":"http:\/\/www.korhanyilmaz.com\/index.php?rest_route=\/wp\/v2\/posts"}],"about":[{"href":"http:\/\/www.korhanyilmaz.com\/index.php?rest_route=\/wp\/v2\/types\/post"}],"author":[{"embeddable":true,"href":"http:\/\/www.korhanyilmaz.com\/index.php?rest_route=\/wp\/v2\/users\/1"}],"replies":[{"embeddable":true,"href":"http:\/\/www.korhanyilmaz.com\/index.php?rest_route=%2Fwp%2Fv2%2Fcomments&post=45554"}],"version-history":[{"count":0,"href":"http:\/\/www.korhanyilmaz.com\/index.php?rest_route=\/wp\/v2\/posts\/45554\/revisions"}],"wp:attachment":[{"href":"http:\/\/www.korhanyilmaz.com\/index.php?rest_route=%2Fwp%2Fv2%2Fmedia&parent=45554"}],"wp:term":[{"taxonomy":"category","embeddable":true,"href":"http:\/\/www.korhanyilmaz.com\/index.php?rest_route=%2Fwp%2Fv2%2Fcategories&post=45554"},{"taxonomy":"post_tag","embeddable":true,"href":"http:\/\/www.korhanyilmaz.com\/index.php?rest_route=%2Fwp%2Fv2%2Ftags&post=45554"}],"curies":[{"name":"wp","href":"https:\/\/api.w.org\/{rel}","templated":true}]}}