{"id":45546,"date":"2011-12-29T21:14:06","date_gmt":"2011-12-29T19:14:06","guid":{"rendered":"http:\/\/www.korhanyilmaz.com\/?p=45546"},"modified":"2011-12-29T21:22:00","modified_gmt":"2011-12-29T19:22:00","slug":"kiyak-duzenlemeye-kismi-veto","status":"publish","type":"post","link":"http:\/\/www.korhanyilmaz.com\/?p=45546","title":{"rendered":"&#8220;K\u0131yak d\u00fczenlemeye&#8221; k\u0131smi veto"},"content":{"rendered":"<p style=\"text-align: center;\"><a href=\"http:\/\/www.korhanyilmaz.com\/wp-content\/uploads\/2011\/12\/8823.jpg\"  class=\"lightview\"><img loading=\"lazy\" decoding=\"async\" class=\"aligncenter  wp-image-45547\" src=\"http:\/\/www.korhanyilmaz.com\/wp-content\/uploads\/2011\/12\/8823.jpg\" alt=\"\" width=\"322\" height=\"241\" \/><\/a><\/p>\n<p style=\"text-align: justify;\">Cumhurba\u015fkan\u0131 Abdullah G\u00fcl, emekli vekile zam \u00f6ng\u00f6ren yasay\u0131 k\u0131smen veto etti. Veto gerek\u00e7esinde, \u00f6denecek emekli ayl\u0131\u011f\u0131n\u0131n belirlenmesine esas y\u00fczde 42&#8217;lik oran\u0131n 31 Aral\u0131k 2020 tarihine kadar y\u00fczde 60 olarak uygulanaca\u011f\u0131n\u0131n h\u00fckme ba\u011flanmas\u0131n\u0131n gerek\u00e7esinin anla\u015f\u0131lamad\u0131\u011f\u0131 belirtildi. Gerek\u00e7ede, &#8220;Emekli ayl\u0131\u011f\u0131n\u0131n belirlenmesine esas olan oran\u0131n sekiz y\u0131ll\u0131k bir s\u00fcre i\u00e7in y\u00fcksek oranda art\u0131r\u0131larak uygulanmas\u0131n\u0131n kamu vicdan\u0131nda da rahats\u0131zl\u0131\u011fa yol a\u00e7t\u0131\u011f\u0131 g\u00f6r\u00fclmektedir&#8221; denildi.\u00a0<!--more--><\/p>\n<p style=\"text-align: justify;\">Ankara- Cumhurba\u015fkanl\u0131\u011f\u0131 Bas\u0131n Merkezi&#8217;nden yap\u0131lan a\u00e7\u0131klamaya g\u00f6re, Cumhurba\u015fkan\u0131 G\u00fcl, taraf\u0131ndan yay\u0131mlanmas\u0131 uygun bulunmayan 6262 say\u0131l\u0131 &#8220;T\u00fcrkiye Cumhuriyeti Emekli Sand\u0131\u011f\u0131 Kanunu ile Baz\u0131 Kanunlarda De\u011fi\u015fiklik Yap\u0131lmas\u0131na Dair Kanun&#8221;, 16&#8217;nc\u0131 maddesinin bir kez daha g\u00f6r\u00fc\u015f\u00fclmesi i\u00e7in, Anayasan\u0131n 89 ve 104&#8217;\u00fcnc\u00fc maddeleri uyar\u0131nca TBMM Ba\u015fkanl\u0131\u011f\u0131&#8217;na geri g\u00f6nderildi.<\/p>\n<p style=\"text-align: justify;\">Meclis Genel Kurulu&#8217;nda 23 Aral\u0131k 2011 tarihinde kabul edilen s\u00f6z konusu kanunun incelendi\u011fi belirtilen a\u00e7\u0131klamada, kanunun Meclis&#8217;e geri g\u00f6nderilmesinin gerek\u00e7eleri ise \u015fu \u015fekilde a\u00e7\u0131kland\u0131:<\/p>\n<p style=\"text-align: justify;\">&#8220;\u0130ncelenen kanun ile di\u011fer hususlar\u0131n yan\u0131nda d\u0131\u015far\u0131dan atanan bakanlar\u0131n ve milletvekillerinin emeklilikleri ile ilgili d\u00fczenlemelere de yer verildi\u011fi g\u00f6r\u00fclm\u00fc\u015ft\u00fcr.<\/p>\n<p style=\"text-align: justify;\">Anayasan\u0131n, T\u00fcrkiye B\u00fcy\u00fck Millet Meclisi \u00fcyelerinin \u00f6denek ve yolluklar\u0131n\u0131 d\u00fczenleyen 86&#8217;nc\u0131 maddesinde 21 Kas\u0131m 2001 tarihli ve 4720 say\u0131l\u0131 Kanunla yap\u0131lan de\u011fi\u015fiklikle T\u00fcrkiye B\u00fcy\u00fck Millet Meclisi \u00fcyelerinin \u00f6denek ve yolluklar\u0131 yan\u0131nda emekliliklerinin de kanunla d\u00fczenlenmesi ve T\u00fcrkiye B\u00fcy\u00fck Millet Meclisi \u00fcyeleri ile bunlar\u0131n emeklilerinin T\u00fcrkiye Cumhuriyeti Emekli Sand\u0131\u011f\u0131 ile ilgilendirilerek \u00fcyeli\u011fi sona erenlerin de ilgilerinin devam etmesi \u00f6ng\u00f6r\u00fclm\u00fc\u015ft\u00fcr. B\u00f6ylece, T\u00fcrkiye B\u00fcy\u00fck Millet Meclisi \u00fcyelerinin emeklilik i\u015flemleri Anayasal dayana\u011fa kavu\u015fturulurken, T\u00fcrkiye Cumhuriyeti Emekli Sand\u0131\u011f\u0131 ile ilgilendirilmeleri suretiyle de, farkl\u0131 sosyal g\u00fcvenlik kurulu\u015flar\u0131 ile ilgi kurulmas\u0131ndan do\u011fan emeklilik haklar\u0131na ili\u015fkin farkl\u0131l\u0131\u011f\u0131n giderilmesi, ayn\u0131 emeklilik hak ve imk\u00e2nlar\u0131na t\u00e2bi olmalar\u0131 sa\u011flanm\u0131\u015ft\u0131r.<\/p>\n<p style=\"text-align: justify;\">Ayr\u0131ca bu maddenin, T\u00fcrkiye B\u00fcy\u00fck Millet Meclisi \u00fcyelerine \u00f6denecek \u00f6denek ve yolluklar\u0131n, kendilerine sosyal g\u00fcvenlik kurulu\u015flar\u0131 taraf\u0131ndan ba\u011flanan emekli ayl\u0131\u011f\u0131 ve benzeri \u00f6demeler varsa bunlar\u0131n kesilmesini gerektirmeyece\u011fini h\u00fckme ba\u011flayan ikinci f\u0131kras\u0131 da, ilk f\u0131kradaki de\u011fi\u015fikli\u011fe paralel olarak, T\u00fcrkiye Cumhuriyeti Emekli Sand\u0131\u011f\u0131 taraf\u0131ndan ba\u011flanan emekli ayl\u0131klar\u0131n\u0131n kesilmemesini sa\u011flayacak \u015fekilde de\u011fi\u015ftirilmi\u015ftir.<\/p>\n<p style=\"text-align: justify;\">An\u0131lan Anayasa de\u011fi\u015fikli\u011fine ili\u015fkin Anayasa Komisyonu Raporunda, yasama organ\u0131 \u00fcyelerinin, siyaset kurumunun yap\u0131s\u0131 ve uzun s\u00fcreci i\u00e7inde sayg\u0131nl\u0131klar\u0131n\u0131 emeklilik d\u00f6nemlerinde de s\u00fcrd\u00fcrmek durumunda olduklar\u0131 ve milletvekilli\u011finden sonra da toplumsal sorumluluklar\u0131n\u0131n devam etti\u011fi; siyasetin ve milletvekilli\u011finin sadece ekonomik durumlar\u0131 y\u00fcksek d\u00fczeyde olanlar\u0131n u\u011fra\u015f alan\u0131 olmaktan \u00e7\u0131kar\u0131lmas\u0131 amac\u0131yla da milletvekillerinin ve emeklilerinin durumlar\u0131n\u0131n bir b\u00fct\u00fcnl\u00fck i\u00e7inde ele al\u0131nmas\u0131n\u0131n gerekti\u011fi belirtilmi\u015ftir.<\/p>\n<p style=\"text-align: justify;\">On sene \u00f6nce yap\u0131lan s\u00f6z konusu Anayasa de\u011fi\u015fikli\u011fine ra\u011fmen, bunun gerektirdi\u011fi yasal d\u00fczenlemelerin ger\u00e7ekle\u015ftirilememesi sebebiyle, T\u00fcrkiye B\u00fcy\u00fck Millet Meclisi \u00fcyelerinin ve hatta Ba\u015fkanlar\u0131n\u0131n emekli ayl\u0131klar\u0131 aras\u0131nda \u00f6nemli farkl\u0131l\u0131klar olu\u015fmu\u015ftur.<\/p>\n<p style=\"text-align: justify;\"><strong>Gerek\u00e7esi anla\u015f\u0131lamam\u0131\u015ft\u0131r\u00a0<\/strong><\/p>\n<p style=\"text-align: justify;\">\u0130ncelenen Kanunla 5510 say\u0131l\u0131 Kanunun 43&#8217;\u00fcnc\u00fc maddesinde yap\u0131lmas\u0131 \u00f6ng\u00f6r\u00fclen de\u011fi\u015fikli\u011fin, Anayasan\u0131n 86&#8217;nc\u0131 maddesinde 2001 y\u0131l\u0131nda yap\u0131lan de\u011fi\u015fiklikle yasama organ\u0131na tan\u0131nan d\u00fczenleme yetkisi \u00e7er\u00e7evesinde ger\u00e7ekle\u015ftirildi\u011fi ve bu suretle, emekli milletvekillerinin almakta olduklar\u0131 ayl\u0131klar aras\u0131ndaki e\u015fitsizli\u011fin giderildi\u011fi anla\u015f\u0131lmakta ise de, \u00e7er\u00e7eve 16&#8217;nc\u0131 madde ile 5510 say\u0131l\u0131 Kanuna eklenmesi \u00f6ng\u00f6r\u00fclen ge\u00e7ici 38&#8217;inci maddenin birinci f\u0131kras\u0131nda, 43&#8217;\u00fcnc\u00fc maddede yap\u0131lan de\u011fi\u015fiklikle T\u00fcrkiye B\u00fcy\u00fck Millet Meclisi \u00fcyeleri ve d\u0131\u015far\u0131dan bakanl\u0131k g\u00f6revlerinde bulunanlara veya bu g\u00f6revleri herhangi bir sebeple sona erenlere \u00f6denecek emekli ayl\u0131\u011f\u0131n\u0131n belirlenmesine esas y\u00fczde 42&#8217;lik oran\u0131n 31 Aral\u0131k 2020 tarihine kadar y\u00fczde 60 olarak uygulanaca\u011f\u0131n\u0131n h\u00fckme ba\u011flanmas\u0131n\u0131n gerek\u00e7esi anla\u015f\u0131lamam\u0131\u015ft\u0131r.<\/p>\n<p style=\"text-align: justify;\">Yasama organ\u0131n\u0131n s\u00f6z konusu oranlar\u0131n belirlenmesi konusunda takdir yetkisi bulunmakla birlikte, emekli ayl\u0131\u011f\u0131n\u0131n belirlenmesine esas olan oran\u0131n sekiz y\u0131ll\u0131k bir s\u00fcre i\u00e7in y\u00fcksek oranda art\u0131r\u0131larak uygulanmas\u0131n\u0131n kamu vicdan\u0131nda da rahats\u0131zl\u0131\u011fa yol a\u00e7t\u0131\u011f\u0131 g\u00f6r\u00fclmektedir.<\/p>\n<p style=\"text-align: justify;\">Bu sebeple, incelenen Kanunun \u00e7er\u00e7eve 16&#8217;nc\u0131 maddesinin yeniden de\u011ferlendirilmesinde yarar g\u00f6r\u00fclmektedir.&#8221;<\/p>\n<p style=\"text-align: justify;\"><a href=\"http:\/\/www.cumhuriyet.com.tr\/?hn=304048&amp;kw=%22K%FDyak+d%FCzenlemeye%22+k%FDsmi+veto\" target=\"_blank\">Kaynak : Cumhuriyet Haber Portal\u0131<\/a><\/p>\n","protected":false},"excerpt":{"rendered":"<p style=\"text-align: center;\">\n<p style=\"text-align: justify;\">Cumhurba\u015fkan\u0131 Abdullah G\u00fcl, emekli vekile zam \u00f6ng\u00f6ren yasay\u0131 k\u0131smen veto etti. Veto gerek\u00e7esinde, \u00f6denecek emekli ayl\u0131\u011f\u0131n\u0131n belirlenmesine esas y\u00fczde 42&#8217;lik oran\u0131n 31 Aral\u0131k 2020 tarihine kadar y\u00fczde 60 olarak uygulanaca\u011f\u0131n\u0131n h\u00fckme ba\u011flanmas\u0131n\u0131n gerek\u00e7esinin anla\u015f\u0131lamad\u0131\u011f\u0131 belirtildi. Gerek\u00e7ede, &#8220;Emekli ayl\u0131\u011f\u0131n\u0131n belirlenmesine esas olan oran\u0131n sekiz y\u0131ll\u0131k bir s\u00fcre i\u00e7in y\u00fcksek oranda art\u0131r\u0131larak <\/p>\n","protected":false},"author":1,"featured_media":0,"comment_status":"open","ping_status":"open","sticky":false,"template":"","format":"standard","meta":{"footnotes":""},"categories":[105],"tags":[],"class_list":["post-45546","post","type-post","status-publish","format-standard","hentry","category-gundem","odd"],"_links":{"self":[{"href":"http:\/\/www.korhanyilmaz.com\/index.php?rest_route=\/wp\/v2\/posts\/45546","targetHints":{"allow":["GET"]}}],"collection":[{"href":"http:\/\/www.korhanyilmaz.com\/index.php?rest_route=\/wp\/v2\/posts"}],"about":[{"href":"http:\/\/www.korhanyilmaz.com\/index.php?rest_route=\/wp\/v2\/types\/post"}],"author":[{"embeddable":true,"href":"http:\/\/www.korhanyilmaz.com\/index.php?rest_route=\/wp\/v2\/users\/1"}],"replies":[{"embeddable":true,"href":"http:\/\/www.korhanyilmaz.com\/index.php?rest_route=%2Fwp%2Fv2%2Fcomments&post=45546"}],"version-history":[{"count":0,"href":"http:\/\/www.korhanyilmaz.com\/index.php?rest_route=\/wp\/v2\/posts\/45546\/revisions"}],"wp:attachment":[{"href":"http:\/\/www.korhanyilmaz.com\/index.php?rest_route=%2Fwp%2Fv2%2Fmedia&parent=45546"}],"wp:term":[{"taxonomy":"category","embeddable":true,"href":"http:\/\/www.korhanyilmaz.com\/index.php?rest_route=%2Fwp%2Fv2%2Fcategories&post=45546"},{"taxonomy":"post_tag","embeddable":true,"href":"http:\/\/www.korhanyilmaz.com\/index.php?rest_route=%2Fwp%2Fv2%2Ftags&post=45546"}],"curies":[{"name":"wp","href":"https:\/\/api.w.org\/{rel}","templated":true}]}}