{"id":45543,"date":"2011-12-29T20:42:27","date_gmt":"2011-12-29T18:42:27","guid":{"rendered":"http:\/\/www.korhanyilmaz.com\/?p=45543"},"modified":"2011-12-29T21:18:14","modified_gmt":"2011-12-29T19:18:14","slug":"uluderedeki-olaya-ak-partiden-ilk-aciklama","status":"publish","type":"post","link":"http:\/\/www.korhanyilmaz.com\/?p=45543","title":{"rendered":"Uludere&#8217;deki olaya AK Parti&#8217;den ilk a\u00e7\u0131klama"},"content":{"rendered":"<p style=\"text-align: justify;\"><a href=\"http:\/\/www.korhanyilmaz.com\/wp-content\/uploads\/2011\/12\/8822.jpg\"  class=\"lightview\"><img loading=\"lazy\" decoding=\"async\" class=\"aligncenter size-full wp-image-45544\" title=\"\" src=\"http:\/\/www.korhanyilmaz.com\/wp-content\/uploads\/2011\/12\/8822.jpg\" alt=\"\" width=\"292\" height=\"224\" \/><\/a><\/p>\n<p style=\"text-align: justify;\">AK Parti S\u00f6zc\u00fcs\u00fc ve Genel Ba\u015fkan Yard\u0131mc\u0131s\u0131 H\u00fcseyin \u00c7elik, Irak s\u0131n\u0131r\u0131nda meydana gelen olayla ilgili, &#8220;T\u00fcrkiye bir hukuk devletidir. Yap\u0131lan bir hata varsa, hukuk devleti mant\u0131\u011f\u0131 i\u00e7inde bu tespit edilecektir. Bunun gere\u011fi neyse bu yap\u0131lacakt\u0131r&#8221; dedi.<\/p>\n<p style=\"text-align: justify;\">\u00c7elik, AK Parti&#8217;de yap\u0131lan MKYK Toplant\u0131s\u0131nda ele al\u0131nan konularla ilgili a\u00e7\u0131klamalarda bulundu, gazetecilerin sorular\u0131n\u0131 yan\u0131tlad\u0131.\u00a0<!--more--><\/p>\n<p style=\"text-align: justify;\">Bug\u00fcn askeri hava harekat\u0131nda sivillerin \u00f6ld\u00fcr\u00fcld\u00fc\u011f\u00fcne ili\u015fkin iddialarla ilgili olarak \u00c7elik, \u015fu de\u011ferlendirmeyi yapt\u0131: &#8220;Bug\u00fcn T\u00fcrkiye&#8217;nin g\u00fcndemini olu\u015fturan, maalesef naho\u015f ve son derece \u00fcz\u00fcc\u00fc mesele de damgas\u0131n\u0131 vurdu, b\u00fcy\u00fck \u00e7apta konu\u015fuldu. T\u00fcrkiye \u00fcz\u00fcc\u00fc bir olaya uyand\u0131. Yap\u0131lan a\u00e7\u0131klamalardan meselenin detay\u0131n\u0131 gerek siz bas\u0131n mensuplar\u0131 gerekse kamuoyu \u00e7ok iyi biliyor.<\/p>\n<p style=\"text-align: justify;\">Hakkari&#8217;nin Uludere il\u00e7esinin Ortasu K\u00f6y\u00fc ile Irak topraklar\u0131 i\u00e7inde Sinat Haftanin aras\u0131ndaki bir yerde, bir gurup zannedilerek, ter\u00f6rist zann\u0131 ve kast\u0131 ile T\u00fcrk Silahl\u0131 Kuvvetleri, Hava Kuvvetleri taraf\u0131ndan oraya bir sald\u0131r\u0131 d\u00fczenlenmi\u015ftir. Bu sald\u0131r\u0131 sonucunda 35 vatanda\u015f\u0131m\u0131z hayat\u0131n\u0131 kaybetmi\u015ftir. Bir yaral\u0131 vard\u0131r.<\/p>\n<p style=\"text-align: justify;\">\u00d6ncelikle bu m\u00fcessif olay kar\u015f\u0131s\u0131nda hayat\u0131n\u0131 kaybeden vatanda\u015flar\u0131m\u0131za Allah&#8217;tan rahmet diliyorum, onlar\u0131n kederli ailelerine ba\u015fsa\u011fl\u0131\u011f\u0131 diliyorum. \u00dcz\u00fcnt\u00fclerimi y\u00fcre\u011fimizde payla\u015ft\u0131\u011f\u0131m\u0131z\u0131 ifade ediyorum. bu insanlar\u0131n ilk etapta ter\u00f6rist olduklar\u0131 zann\u0131 ile yap\u0131lan \u00f6zellikle insans\u0131z hava ara\u00e7lar\u0131n\u0131n, HERON&#8217;lar\u0131n yapt\u0131klar\u0131 tespitlere dayanarak yapt\u0131klar\u0131 malum bir operasyon vard\u0131r.<\/p>\n<p style=\"text-align: justify;\">Ancak, mahalli idarecilerden \u00f6zellikle \u015e\u0131rnak Valili\u011finden ve oraya intikal etmi\u015f olan devlet g\u00f6revlilerinden ilk ald\u0131\u011f\u0131m\u0131z bilgilere g\u00f6re, bu insanlar\u0131n b\u00fcy\u00fck \u00e7apta sigara ka\u00e7ak\u00e7\u0131l\u0131\u011f\u0131yla u\u011fra\u015fan insanlar oldu\u011fu tespiti vard\u0131r. Ancak Bu insanlar\u0131n kimli\u011fi, onlar\u0131n ger\u00e7ek orada bulunma ama\u00e7lar\u0131 ile ilgili olarak kesin ve net bilgilere, yap\u0131lan idari ve adli soru\u015fturmalar sonucunda ula\u015faca\u011f\u0131z. Dolay\u0131s\u0131yla bu a\u015famada, \u00e7ok ileri ifadeler belki kullan\u0131lmas\u0131 belki do\u011fru olmayacakt\u0131r.&#8221;<\/p>\n<p style=\"text-align: justify;\"><strong>&#8220;T\u00fcrkiye hukuk devletidir&#8221;\u00a0<\/strong><\/p>\n<p style=\"text-align: justify;\">T\u00fcrkiye&#8217;nin bir hukuk devleti oldu\u011funa vurgu yapan \u00c7elik, \u015f\u00f6yle devam etti: &#8220;E\u011fer yap\u0131lan bir hata varsa, yap\u0131lan bir yanl\u0131\u015f varsa, orada bir kusur varsa, hukuk devleti mant\u0131\u011f\u0131 i\u00e7erisinde bu tespit edilecektir ve \u015f\u00fcphesiz ki bunun gere\u011fi ne ise bu yap\u0131lacakt\u0131r.<\/p>\n<p style=\"text-align: justify;\">Ama tekrar alt\u0131n\u0131 \u00e7izmek istiyorum, bu insanlar\u0131n ilk gelen bilgilere g\u00f6re ter\u00f6rist olmad\u0131klar\u0131, ka\u00e7ak\u00e7\u0131l\u0131k yapt\u0131klar\u0131 tespit edilmi\u015ftir. T\u00fcrkiye s\u0131n\u0131rlar\u0131n\u0131n d\u0131\u015f\u0131nda bu olay meydana gelmi\u015ftir. Bu insanlar\u0131n y\u00fczde y\u00fcz ka\u00e7ak\u00e7\u0131l\u0131k yapt\u0131klar\u0131 tespit edilse bile onlar\u0131n b\u00f6yle bir muameleye maruz kalmalar\u0131, onlar\u0131n bombalanmalar\u0131 gerekmiyor, b\u00f6yle bir\u015fey s\u00f6z konusu bile olamaz.<\/p>\n<p style=\"text-align: justify;\">\u00c7ok maksad\u0131n\u0131 a\u015fan kimseler var. Biz onlar\u0131, tabii meseleye farkl\u0131 a\u00e7\u0131lardan yakla\u015fanlar olabilir, onlar\u0131 kendi beyanlar\u0131yla ba\u015fba\u015fa b\u0131rak\u0131yoruz. Ailelerinin ba\u015f\u0131 sa\u011folsun ki b\u00fcy\u00fck bir \u00e7o\u011funlu\u011fu bu \u00f6ld\u00fcr\u00fclen insanlar\u0131n b\u00fcy\u00fck \u00e7o\u011funlu\u011fu ayn\u0131 ailenin mensuplar\u0131d\u0131r. Bunlar\u0131n i\u00e7inde korucu \u00e7ocuklar\u0131 vard\u0131r, bir gazi \u00e7ocu\u011fu vard\u0131r. Dolay\u0131s\u0131yla olay, \u00fcz\u00fcc\u00fc bir olayd\u0131r. Ama nihai s\u00f6z\u00fc s\u00f6ylemek, nihai yarg\u0131ya varabilmek i\u00e7in buradaki adli ve idari soru\u015fturman\u0131n bitmesini beklemek en ak\u0131lc\u0131 olur. Acun davranmamak gerekti\u011fini d\u00fc\u015f\u00fcn\u00fcyorum.<\/p>\n<p style=\"text-align: justify;\">Ama ilk etapta, partimiz ad\u0131na \u00fcz\u00fcnt\u00fclerimizi ifade ediyoruz ve tekrar alt\u0131n\u0131 \u00e7izmek istiyorum, bir hata, bir kusur, bir yanl\u0131\u015f, bir eksiklik varsa bu asla \u00f6rt bas edilmeyecektir, edilmemelidir. Hukuk devleti mant\u0131\u011f\u0131 i\u00e7inde gereken ne ise yap\u0131lacakt\u0131r, burada kas\u0131t s\u00f6z konus ude\u011fildir. Bunu 33 kur\u015funa benzetenler \u00e7ok art niyetli ideolojik beyanlarda bulunuyorlar. \u00c7\u00fcnk\u00fc orada mahkeme karar\u0131yla tespit edilen durum vard\u0131r. Ama burada bir operasyon kazas\u0131 vard\u0131r e\u011fer ilk etapta gelen bilgiler do\u011fru ise.<\/p>\n<p style=\"text-align: justify;\">Tekrar s\u00f6yl\u00fcyorum, yap\u0131lan ara\u015ft\u0131rmalar, incelemeler, soru\u015fturmalar i\u015fin ger\u00e7ek mahiyetini ortaya koyacakt\u0131r. Sizler de bizler de s\u00f6ylenmesi gereken son s\u00f6zlerimizi o zaman s\u00f6yleyece\u011fiz. \u00d6zellikle vatanda\u015flar\u0131m\u0131z\u0131n talebi \u00fczerine Ba\u015fbakan\u0131m\u0131z\u0131n talimat\u0131 ile vefat edenlerin otopsilerinin yap\u0131lmas\u0131 i\u00e7in adli raporlar\u0131n\u0131n haz\u0131rlanmas\u0131 i\u00e7in o cenazelerin Malatya ve di\u011fer illere g\u00f6t\u00fcr\u00fclmesi engel olunulmu\u015f, adli t\u0131bb\u0131n t\u00fcm imkanlar\u0131 olay mahalline, \u015e\u0131rnak&#8217;a ta\u015f\u0131narak orada yap\u0131lmas\u0131 s\u00f6z konusudur, bu \u00e7al\u0131\u015fma devam ediyor.&#8221;<\/p>\n<p style=\"text-align: justify;\"><strong>Kat\u0131rlar\u0131n y\u00fck\u00fc\u00a0<\/strong><\/p>\n<p style=\"text-align: justify;\">\u00d6zellikle bu ta\u015f\u0131d\u0131klar\u0131 mallar\u0131n, yani kat\u0131rlar\u0131n y\u00fck\u00fcn\u00fcn ne oldu\u011fu konusunda \u015e\u0131rnak Valisi ile az \u00f6nce g\u00f6r\u00fc\u015ft\u00fc\u011f\u00fcn\u00fc dile getiren \u00c7elik, \u015funlar\u0131 s\u00f6yledi: &#8220;\u015e\u0131rnak valisi ile g\u00f6r\u00fc\u015ft\u00fcm; oraya netice itibariyle belki bir ka\u00e7 dakika i\u00e7erisinde g\u00f6revlilerin ula\u015faca\u011f\u0131an\u0131 s\u00f6yledi ama kendisine verilen ilk bilgilere g\u00f6re b\u00fcy\u00fck \u00e7apta sigara ta\u015f\u0131nd\u0131\u011f\u0131 tespit edilmi\u015ftir. Ba\u015fsa\u011fl\u0131\u011f\u0131 diliyorum, \u00fcz\u00fcnt\u00fcl\u00fcremizi bir kez daha ifade ediyoruz. Ter\u00f6rle m\u00fccadele kararl\u0131l\u0131kla s\u00fcrecektir. G\u00fcvenlik g\u00fc\u00e7lerimizin, ter\u00f6rle, ter\u00f6ristle m\u00fccadelesi kararl\u0131 bir \u015fekilde s\u00fcrecektir. Bu yap\u0131lan yanl\u0131\u015f, e\u011fer bu bir kusursa, e\u011fer bu bir yanl\u0131\u015fsa, e\u011fer bu bir hataysa da bunun hata, kusur ve yanl\u0131\u015f olarak tespiti, tescili ve gerekenin yap\u0131lmas\u0131 da hukuk devletinin boynunun borcudur. Bunu da ifade etmek isterim.&#8221;<\/p>\n<p style=\"text-align: justify;\"><strong>Cumhurba\u015fkanl\u0131\u011f\u0131 konusu\u00a0<\/strong><\/p>\n<p style=\"text-align: justify;\">&#8220;Say\u0131n Cumhurba\u015fkan\u0131m\u0131z\u0131n g\u00f6rev s\u00fcresine ili\u015fkin tart\u0131\u015fmalar var, Cumhurba\u015fkan\u0131 bu konudaki rahats\u0131zl\u0131\u011f\u0131n\u0131 son olarak dile getirdi &#8216;AK Parti&#8217;nin bir ad\u0131m atmas\u0131 gerekti\u011fine i\u015faret etti. Bu konuda bir ad\u0131m ne \u015fekilde at\u0131lacak. Cumhurba\u015fkan\u0131&#8217;n\u0131n 2014 y\u0131l\u0131 sonuna y\u00f6nelik a\u00e7\u0131klamalar\u0131 da vard\u0131 siz nas\u0131l okudunuz say\u0131n Cumhurba\u015fkan\u0131&#8217;n\u0131n a\u00e7\u0131klamalar\u0131n\u0131?&#8221; \u015feklindeki sorular \u00fczerine \u00c7elik, \u015funlar\u0131 kaydetti:<\/p>\n<p style=\"text-align: justify;\">&#8220;Say\u0131n Cumhurba\u015fkan\u0131m\u0131z\u0131n s\u00f6yledikleri \u00e7ok nettir. Say\u0131n Cumhurba\u015fkan\u0131 ne s\u00f6yledi\u011fini bilen bir insand\u0131r. \u00c7ok fazla tefsire, \u015ferh etmeye, alt\u0131na ha\u015fiyeler ilave etmeye gerek yoktur. Say\u0131n Cumhurba\u015fkan\u0131m\u0131z tecr\u00fcbeli bir siyaset\u00e7idir, ayn\u0131 zamanda kendisinin de ifade etti\u011fi gibi &#8216;Siyasetin en alt basamaklar\u0131ndan ba\u015flayarak Cumhurba\u015fkanl\u0131\u011f\u0131 gibi bir makama kadar demokratik yollarla gelmi\u015f olan bir b\u00fcy\u00fc\u011f\u00fcm\u00fczd\u00fcr. Dolay\u0131s\u0131yla 2014 sonras\u0131&#8230; Daha o tarihe gelinceye kadar k\u00f6pr\u00fcn\u00fcn alt\u0131ndan belki de \u00e7ok sular akar, dereyi g\u00f6rmeden pa\u00e7ay\u0131 s\u0131vamamak laz\u0131m. Daha bu s\u00f6yledi\u011finiz tarihe \u00e7ok \u015fey s\u0131\u011far, takdir say\u0131n Cumhurba\u015fkan\u0131na aittir. Kendisini her zaman sevdik, seviyoruz, sevmeye devam edece\u011fiz. Bu konuda benim bir beyanda bulunmam\u0131n \u00e7ok do\u011fru olmad\u0131\u011f\u0131n\u0131 d\u00fc\u015f\u00fcn\u00fcyorum. Say\u0131n Cumhurba\u015fkan&#8217;\u0131n s\u00f6ylediklerden ben \u015funu okuyorum d\u00f6nerim de dememi\u015ftir, d\u00f6nemem de dememi\u015ftir. Bence b\u00f6yle anla\u015f\u0131lmas\u0131 laz\u0131m zaten iki ihtimal var biliyorsunuz.&#8221;<\/p>\n<p style=\"text-align: justify;\"><a href=\"http:\/\/www.cnnturk.com\/2011\/turkiye\/12\/29\/uluderedeki.olaya.ak.partiden.ilk.aciklama\/642514.0\/index.html\" target=\"_blank\">Kaynak : CNN T\u00dcRK<\/a><\/p>\n","protected":false},"excerpt":{"rendered":"<p style=\"text-align: justify;\">\n<p style=\"text-align: justify;\">AK Parti S\u00f6zc\u00fcs\u00fc ve Genel Ba\u015fkan Yard\u0131mc\u0131s\u0131 H\u00fcseyin \u00c7elik, Irak s\u0131n\u0131r\u0131nda meydana gelen olayla ilgili, &#8220;T\u00fcrkiye bir hukuk devletidir. Yap\u0131lan bir hata varsa, hukuk devleti mant\u0131\u011f\u0131 i\u00e7inde bu tespit edilecektir. Bunun gere\u011fi neyse bu yap\u0131lacakt\u0131r&#8221; dedi.<\/p>\n<p style=\"text-align: justify;\">\u00c7elik, AK Parti&#8217;de yap\u0131lan MKYK Toplant\u0131s\u0131nda ele al\u0131nan konularla ilgili a\u00e7\u0131klamalarda bulundu, <\/p>\n","protected":false},"author":1,"featured_media":0,"comment_status":"open","ping_status":"open","sticky":false,"template":"","format":"standard","meta":{"footnotes":""},"categories":[105],"tags":[],"class_list":["post-45543","post","type-post","status-publish","format-standard","hentry","category-gundem","odd"],"_links":{"self":[{"href":"http:\/\/www.korhanyilmaz.com\/index.php?rest_route=\/wp\/v2\/posts\/45543","targetHints":{"allow":["GET"]}}],"collection":[{"href":"http:\/\/www.korhanyilmaz.com\/index.php?rest_route=\/wp\/v2\/posts"}],"about":[{"href":"http:\/\/www.korhanyilmaz.com\/index.php?rest_route=\/wp\/v2\/types\/post"}],"author":[{"embeddable":true,"href":"http:\/\/www.korhanyilmaz.com\/index.php?rest_route=\/wp\/v2\/users\/1"}],"replies":[{"embeddable":true,"href":"http:\/\/www.korhanyilmaz.com\/index.php?rest_route=%2Fwp%2Fv2%2Fcomments&post=45543"}],"version-history":[{"count":0,"href":"http:\/\/www.korhanyilmaz.com\/index.php?rest_route=\/wp\/v2\/posts\/45543\/revisions"}],"wp:attachment":[{"href":"http:\/\/www.korhanyilmaz.com\/index.php?rest_route=%2Fwp%2Fv2%2Fmedia&parent=45543"}],"wp:term":[{"taxonomy":"category","embeddable":true,"href":"http:\/\/www.korhanyilmaz.com\/index.php?rest_route=%2Fwp%2Fv2%2Fcategories&post=45543"},{"taxonomy":"post_tag","embeddable":true,"href":"http:\/\/www.korhanyilmaz.com\/index.php?rest_route=%2Fwp%2Fv2%2Ftags&post=45543"}],"curies":[{"name":"wp","href":"https:\/\/api.w.org\/{rel}","templated":true}]}}