{"id":4554,"date":"2009-03-03T13:12:01","date_gmt":"2009-03-03T11:12:01","guid":{"rendered":"http:\/\/www.korhanyilmaz.com\/?p=4554"},"modified":"2025-10-30T21:23:23","modified_gmt":"2025-10-30T18:23:23","slug":"izmir-bu-haberle-sarsildi","status":"publish","type":"post","link":"http:\/\/www.korhanyilmaz.com\/?p=4554","title":{"rendered":"\u0130zmir bu haberle sars\u0131ld\u0131!"},"content":{"rendered":"<p style=\"text-align: center;\">\n<p><a href=\"http:\/\/www.korhanyilmaz.com\/wp-content\/uploads\/2009\/03\/30-10-2025_212238.jpg\"  class=\"lightview\"><img loading=\"lazy\" decoding=\"async\" class=\"aligncenter size-full wp-image-620841\" src=\"http:\/\/www.korhanyilmaz.com\/wp-content\/uploads\/2009\/03\/30-10-2025_212238.jpg\" alt=\"\" width=\"493\" height=\"376\" \/><\/a><\/p>\n<p style=\"text-align: justify;\"><strong>50 ya\u015f\u0131ndaki kad\u0131n \u00f6\u011fretmenle, \u00f6\u011frencisinin a\u015fk\u0131 mahkemelik oldu<\/strong>.<\/p>\n<p style=\"text-align: justify;\">\u0130ZM\u0130R&#8217;in k\u00f6kl\u00fc okullar\u0131ndan biri olan Atat\u00fcrk Lisesi&#8217;nde rehber \u00f6\u011fretmenken emekli olan \u015fair 50 ya\u015f\u0131ndaki A.N.\u0130. ile g\u00f6rev yapt\u0131\u011f\u0131 d\u00f6nemde \u00f6\u011frencisi olan 29 ya\u015f\u0131ndaki \u00c7.\u00d6., o d\u00f6nem ya\u015fad\u0131klar\u0131 ili\u015fki y\u00fcz\u00fcnden mahkemelik oldu. \u00d6\u011fretmeni A.N.\u0130. ile lise 1&#8217;inci s\u0131n\u0131fta okurken duygusal ili\u015fkiye girdiklerini s\u00f6yleyen 29 ya\u015f\u0131ndaki \u00c7.\u00d6., 12 y\u0131l s\u00fcren ili\u015fkileri sonunda ayr\u0131lma karar\u0131 al\u0131nca \u00f6\u011fretmenin kendisini, ailesini ve yak\u0131n arkada\u015flar\u0131n\u0131 telefon ve e-posta yoluyla rahats\u0131z etti\u011fini, huzurunu ka\u00e7\u0131rd\u0131\u011f\u0131n\u0131 iddia ederek \u015fikayet\u00e7i oldu. \u00d6\u011frencisiyle aras\u0131ndaki ili\u015fkinin okuldan sonra ba\u015flad\u0131\u011f\u0131n\u0131 \u00f6ne s\u00fcren A.N.\u0130. ise, as\u0131l eski \u00f6\u011frencisinin kendisinin pe\u015fini b\u0131rakmad\u0131\u011f\u0131n\u0131 ileri s\u00fcrd\u00fc. A.N.\u0130. hakk\u0131nda, \u00c7.\u00d6.&#8217;n\u00fcn &#8216;huzur ve s\u00fckununu bozmak&#8217; su\u00e7undan 1 y\u0131la kadar hapis cezas\u0131 istemiyle dava a\u00e7\u0131ld\u0131.<!--more--><br \/>\n\u00c7.\u00d6., avukatlar\u0131 arac\u0131l\u0131\u011f\u0131yla \u0130zmir Cumhuriyet Ba\u015fsavc\u0131l\u0131\u011f\u0131&#8217;na ba\u015fvurarak, eski \u00f6\u011fretmenin kendisini telefon ve e-posta yoluyla rahats\u0131z etti\u011fini, ailesinin ve kendisinin huzurunu bozdu\u011funu iddia etti. Eski \u00f6\u011fretmeni A.N.\u0130. ile 12 y\u0131l \u00f6nce, lise 1&#8217;inci s\u0131n\u0131f \u00f6\u011frencisiyken duygusal ili\u015fki ya\u015fad\u0131\u011f\u0131n\u0131 belirten \u00c7.\u00d6., daha sonra cinsel ili\u015fkiye girdiklerini, beraberliklerinin uzun s\u00fcre devam etti\u011fini, ge\u00e7en y\u0131l bitirmeye karar verdi\u011finde, \u00f6\u011fretmeninden rahats\u0131z eden telefonlar ve e-postalar almaya ba\u015flad\u0131\u011f\u0131n\u0131 s\u00f6yledi.<\/p>\n<p style=\"text-align: justify;\"><strong>1 YILA KADAR HAP\u0130S \u0130STEM\u0130<\/strong><\/p>\n<p style=\"text-align: justify;\">\u00c7.\u00d6.&#8217;n\u00fcn \u015fikayeti \u00fczerine savc\u0131ya ifade veren A.N.\u0130. de, 2005 y\u0131l\u0131nda emekli oldu\u011funu, eski \u00f6\u011frencisiyle okuldan sonra aralar\u0131nda duygusal ve cinsel ili\u015fki olu\u015ftu\u011funu belirtip, su\u00e7lamalar\u0131 kabul etmedi. Ayr\u0131ld\u0131ktan sonra \u00c7.\u00d6. ile e-postayla haberle\u015ftiklerini, tezine yard\u0131mc\u0131 oldu\u011funu, as\u0131l kendisinin ayr\u0131lma konusunda rahats\u0131z edildi\u011fini \u00f6ne s\u00fcrd\u00fc.<\/p>\n<p style=\"text-align: justify;\">Savc\u0131, her iki taraf\u0131 da dinledikten sonra, emekli \u00f6\u011fretmen A.N.\u0130. hakk\u0131nda, \u00c7.\u00d6.&#8217;n\u00fcn &#8216;huzur ve s\u00fckununu bozma&#8217; su\u00e7undan 1 y\u0131la kadar hapis cezas\u0131 istemiyle, \u0130zmir Sulh Ceza Mahkemesi&#8217;nde dava a\u00e7t\u0131. \u0130ddianamede, \u00f6\u011frenci \u00c7.\u00d6&#8217;n\u00fcn iddias\u0131 ve tan\u0131klar\u0131yla birlikte, emekli \u00f6\u011fretmen A.N.\u0130&#8217;nin anlatt\u0131klar\u0131ndan, dolayl\u0131 olarak su\u00e7u i\u015fledi\u011fine dair kan\u0131t olu\u015ftu\u011funu belirtti.<\/p>\n<p style=\"text-align: justify;\"><strong>&#8216;GEL\u0130N\u0130N\u0130Z OLACA\u011eIM&#8217;<\/strong><\/p>\n<p style=\"text-align: justify;\">Sulh Ceza Mahakemesi&#8217;ndeki ilk duru\u015fmaya \u015fikayet\u00e7i eski \u00f6\u011frenci ile A.N.\u0130. ve taraflar\u0131n avukatlar\u0131 kat\u0131ld\u0131. \u00d6zel bir \u015firkette \u00e7al\u0131\u015fan m\u00fchendis \u00c7.\u00d6., \u015fikayetini tekrar ederek, 2006 y\u0131l\u0131 A\u011fustos ay\u0131nda ayr\u0131lma karar\u0131 ald\u0131\u011f\u0131nda, kendisini, anne ve babas\u0131n\u0131 aray\u0131p, &#8220;Siz beni kabul etmek zorundas\u0131n\u0131z. Ben sizin gelininiz olaca\u011f\u0131m. Siz o\u011flunuza b\u00fcy\u00fc yaparak benden ay\u0131rd\u0131n\u0131z. Beni kabul etmeniz i\u00e7in elimden ne gelirse yapaca\u011f\u0131m&#8221; dedi\u011fini s\u00f6yledi, ayr\u0131l\u0131\u011f\u0131 hazmedemedi\u011fini belirtti.<\/p>\n<p style=\"text-align: justify;\"><strong>&#8216;BEN\u0130 MADD\u0130- MANEV\u0130 KULLANDI&#8217;<\/strong><\/p>\n<p style=\"text-align: justify;\">Duru\u015fmada hem yaz\u0131l\u0131 hem de s\u00f6zl\u00fc olarak savunma yapan A.N.\u0130., &#8220;Bu, ailesinin bilgisi dahilinde, fak\u00fclteyi bitirip, m\u00fchendis olup, askere gidip gelip, hatta bir i\u015f buluncaya kadar, beni maddi, manevi kullanan \u00c7.\u00d6.&#8217;n\u00fcn bir i\u015fe yerle\u015fip, yerle\u015fmez beni hayat\u0131ndan \u00e7\u0131karmak i\u00e7in yapt\u0131\u011f\u0131 bir plan&#8221; dedi. \u00c7.\u00d6.&#8217;y\u00fc aray\u0131p rahats\u0131z etti\u011fini kabul etmeyen A.N.\u0130, as\u0131l onun gece g\u00fcnd\u00fcz cep telefonuna mesajlar g\u00f6nderdi\u011fini iddia etti. 1996 y\u0131l\u0131nda e\u015finden bo\u015fanmas\u0131yla birlikte \u00c7.\u00d6.&#8217;n\u00fcn kendisinde kalmaya ba\u015flad\u0131\u011f\u0131n\u0131 ailesinin zaten bildi\u011fini anlatan A.N.\u0130. &#8220;Ancak okulu b\u0131rak\u0131r korkusuyla kimse sesini \u00e7\u0131karmadan, mezun olmas\u0131n\u0131 bekledi&#8221; diye konu\u015ftu.<\/p>\n<p style=\"text-align: justify;\">Yarg\u0131c\u0131n sorusu \u00fczerine A.N.\u0130., uzla\u015fmak istedi\u011fini s\u00f6yledi ve duru\u015fma uzla\u015fma konusunda \u015fikayet\u00e7inin d\u00fc\u015f\u00fcncesinin al\u0131nmas\u0131 i\u00e7in ertelendi.<\/p>\n<p style=\"text-align: justify;\"><span style=\"color: #888888;\">Kaynak : Vatan Gazetesi<\/span><\/p>\n","protected":false},"excerpt":{"rendered":"<p style=\"text-align: center;\">\n<p style=\"text-align: justify;\">50 ya\u015f\u0131ndaki kad\u0131n \u00f6\u011fretmenle, \u00f6\u011frencisinin a\u015fk\u0131 mahkemelik oldu.<\/p>\n<p style=\"text-align: justify;\">\u0130ZM\u0130R&#8217;in k\u00f6kl\u00fc okullar\u0131ndan biri olan Atat\u00fcrk Lisesi&#8217;nde rehber \u00f6\u011fretmenken emekli olan \u015fair 50 ya\u015f\u0131ndaki A.N.\u0130. ile g\u00f6rev yapt\u0131\u011f\u0131 d\u00f6nemde \u00f6\u011frencisi olan 29 ya\u015f\u0131ndaki \u00c7.\u00d6., o d\u00f6nem ya\u015fad\u0131klar\u0131 ili\u015fki y\u00fcz\u00fcnden mahkemelik oldu. \u00d6\u011fretmeni A.N.\u0130. ile lise 1&#8217;inci s\u0131n\u0131fta okurken duygusal <\/p>\n","protected":false},"author":1,"featured_media":0,"comment_status":"open","ping_status":"closed","sticky":false,"template":"","format":"standard","meta":{"footnotes":""},"categories":[7],"tags":[],"class_list":["post-4554","post","type-post","status-publish","format-standard","hentry","category-ekonomi","odd"],"_links":{"self":[{"href":"http:\/\/www.korhanyilmaz.com\/index.php?rest_route=\/wp\/v2\/posts\/4554","targetHints":{"allow":["GET"]}}],"collection":[{"href":"http:\/\/www.korhanyilmaz.com\/index.php?rest_route=\/wp\/v2\/posts"}],"about":[{"href":"http:\/\/www.korhanyilmaz.com\/index.php?rest_route=\/wp\/v2\/types\/post"}],"author":[{"embeddable":true,"href":"http:\/\/www.korhanyilmaz.com\/index.php?rest_route=\/wp\/v2\/users\/1"}],"replies":[{"embeddable":true,"href":"http:\/\/www.korhanyilmaz.com\/index.php?rest_route=%2Fwp%2Fv2%2Fcomments&post=4554"}],"version-history":[{"count":0,"href":"http:\/\/www.korhanyilmaz.com\/index.php?rest_route=\/wp\/v2\/posts\/4554\/revisions"}],"wp:attachment":[{"href":"http:\/\/www.korhanyilmaz.com\/index.php?rest_route=%2Fwp%2Fv2%2Fmedia&parent=4554"}],"wp:term":[{"taxonomy":"category","embeddable":true,"href":"http:\/\/www.korhanyilmaz.com\/index.php?rest_route=%2Fwp%2Fv2%2Fcategories&post=4554"},{"taxonomy":"post_tag","embeddable":true,"href":"http:\/\/www.korhanyilmaz.com\/index.php?rest_route=%2Fwp%2Fv2%2Ftags&post=4554"}],"curies":[{"name":"wp","href":"https:\/\/api.w.org\/{rel}","templated":true}]}}