{"id":45534,"date":"2011-12-29T18:52:33","date_gmt":"2011-12-29T16:52:33","guid":{"rendered":"http:\/\/www.korhanyilmaz.com\/?p=45534"},"modified":"2011-12-29T19:16:54","modified_gmt":"2011-12-29T17:16:54","slug":"bu-dava-gaz-davasidir","status":"publish","type":"post","link":"http:\/\/www.korhanyilmaz.com\/?p=45534","title":{"rendered":"&#8220;Bu dava gaz davas\u0131d\u0131r&#8221;"},"content":{"rendered":"<p style=\"text-align: center;\"><a href=\"http:\/\/www.korhanyilmaz.com\/wp-content\/uploads\/2011\/12\/8820.jpg\"  class=\"lightview\"><img loading=\"lazy\" decoding=\"async\" class=\"aligncenter  wp-image-45535\" src=\"http:\/\/www.korhanyilmaz.com\/wp-content\/uploads\/2011\/12\/8820.jpg\" alt=\"\" width=\"307\" height=\"236\" \/><\/a><\/p>\n<p style=\"text-align: justify;\">Ergenekon soru\u015fturmas\u0131 kapsam\u0131nda aralar\u0131nda gazeteciler Nedim \u015eener ile Ahmet \u015e\u0131k\u2019\u0131n da bulundu\u011fu 12\u2019si tutuklu 14 san\u0131k hakk\u0131nda a\u00e7\u0131lan Odatv davas\u0131n\u0131n 4. duru\u015fmas\u0131nda tutuklu san\u0131k Prof. Dr. Yal\u00e7\u0131n K\u00fc\u00e7\u00fck, savunmas\u0131n\u0131 yapt\u0131. K\u00fc\u00e7\u00fck, Odatv davas\u0131n\u0131 &#8216;gaz davas\u0131&#8217; olarak tan\u0131mlad\u0131.\u00a0<!--more--><\/p>\n<p style=\"text-align: justify;\">Duru\u015fmaya 4 \u00e7anta i\u00e7inde getirdi\u011fi dosya ve kitaplar\u0131n\u0131 koydu\u011fu sehpadan baz\u0131 kitaplar\u0131n\u0131n d\u00fc\u015ft\u00fc\u011f\u00fcn\u00fc g\u00f6ren K\u00fc\u00e7\u00fck, ikinci Ergenekon davas\u0131nda yapt\u0131\u011f\u0131 savunmas\u0131na at\u0131fta bulunarak &#8220;Ah nerde Silivri mahkemeleri&#8221; dedi. K\u00fc\u00e7\u00fck&#8217;\u00fcn Mahkeme Ba\u015fkan\u0131 Mehmet Ekinci&#8217;ye y\u00f6nelik &#8220;\u00c7ok emin ve vakur duruyorsunuz&#8221; s\u00f6zlerine Ba\u015fkan Ekinci te\u015fekk\u00fcr etti.<\/p>\n<p style=\"text-align: justify;\"><strong>\u201cAyd\u0131n olsunlar diye benim yan\u0131ma g\u00f6nderdiler&#8221;<\/strong><\/p>\n<p style=\"text-align: justify;\">\u0130ddianamede Soner Yal\u00e7\u0131n ile aras\u0131nda Odatv\u2019de \u00e7al\u0131\u015fan ki\u015filere takma isim bulmalar\u0131 konusunda ge\u00e7en konu\u015fmalara dikkat \u00e7eken Yal\u00e7\u0131n K\u00fc\u00e7\u00fck, \u201cBu \u00e7ocuklar\u0131n Odatv\u2019de yazd\u0131klar\u0131 bilinse bu \u00e7ocuklar doktora yapamazlard\u0131. Ben Soner Yal\u00e7\u0131n\u2019a bu y\u00fczden bu \u00e7ocuklar\u0131n isimlerini de\u011fi\u015ftirmesini s\u00f6yledim. Polis \u00e7\u0131raklar\u0131 alm\u0131\u015flar bu konu\u015fmalar\u0131 yap\u0131\u015ft\u0131rm\u0131\u015flar. Benim 40 tane takma ismim var. Ben sevdi\u011fim ki\u015filerin isimlerini bu \u015fekilde ya\u015fat\u0131r\u0131m. Eskiden aileler \u00e7ocuklar\u0131n\u0131 asillerin yan\u0131na verirlerdi. Burada da aileler \u00e7ocuklar\u0131n\u0131 benim yan\u0131ma g\u00f6nderdiler ayd\u0131n olsunlar diye. Ayd\u0131n olman\u0131n ilk ko\u015fulu ise hapishaneden ge\u00e7er\u00f6 \u015feklinde konu\u015ftu. \u0130ddianamenin kendilerini ahmak gibi g\u00f6sterdi\u011fini belirten K\u00fc\u00e7\u00fck, \u201c\u0130ddianamede Nedim \u015eener\u2019in Hanefi Avc\u0131 mahlas\u0131yla kitap yazd\u0131\u011f\u0131 s\u00f6yleniyor. Bununla alakal\u0131 dava a\u00e7mak utan\u00e7t\u0131r&#8221; dedi.<\/p>\n<p style=\"text-align: justify;\"><strong>\u201cBu dava gaz davas\u0131d\u0131r&#8221;<\/strong><\/p>\n<p style=\"text-align: justify;\">\u0130ddianamede kendisiyle ilgili bir su\u00e7laman\u0131n da \u201cKaos ortam\u0131 olu\u015fturmak amac\u0131yla halk\u0131 kin ve d\u00fc\u015fmanl\u0131\u011fa tahrik etme&#8221; oldu\u011funun alt\u0131n\u0131 \u00e7izen K\u00fc\u00e7\u00fck, \u201cKaos&#8221; kelimesinin Frans\u0131zca k\u00f6kenli bir kelime oldu\u011funu ve bir Frans\u0131z dilbilimcinin \u201ckaos&#8221;un anlam\u0131n\u0131n gaz oldu\u011funu belirtti\u011fini ifade etti. K\u00fc\u00e7\u00fck, dava avukatlar\u0131ndan Celal \u00dclgen\u2019e, Tahsin Sara\u00e7\u2019\u0131n yazd\u0131\u011f\u0131 TDK taraf\u0131ndan haz\u0131rlanan T\u00fcrk\u00e7e s\u00f6zl\u00fc\u011f\u00fc vererek gaz kelimesinin anlamlar\u0131n\u0131 okuttu. Gaz kelimesinin ikinci anlam\u0131nda ba\u011f\u0131rsak gaz\u0131 yazd\u0131\u011f\u0131n\u0131 ifade eden K\u00fc\u00e7\u00fck, \u201cBiz bu nedenle su\u00e7lan\u0131yoruz. \u2018Kaos\u2019 gaz demek \u00fcstelik ba\u011f\u0131rsak gaz\u0131d\u0131r. Bu dava gaz davas\u0131d\u0131r&#8221; dedi.<\/p>\n<p style=\"text-align: justify;\"><strong>\u201cSavc\u0131ya bakarak konu\u015fmuyorum&#8221;<\/strong><\/p>\n<p style=\"text-align: justify;\">San\u0131klardan Muhammed Sait \u00c7ak\u0131r&#8217;a, mahkeme ba\u015fkanl\u0131\u011f\u0131ndan Yarg\u0131tay \u00fcyeli\u011fine atanan Resul \u00c7ak\u0131r&#8217;\u0131n Yarg\u0131tay&#8217;a atanaca\u011f\u0131n\u0131 s\u00f6yledi\u011fini belirten K\u00fc\u00e7\u00fck &#8220;Resul Bey \u00e7abuk ge\u00e7ti s\u0131n\u0131flar\u0131&#8221; dedi. K\u00fc\u00e7\u00fck&#8217;\u00fcn &#8220;Benim i\u00e7in Silivri&#8217;de yarg\u0131lan\u0131rken \u2018savc\u0131y\u0131 bak\u0131\u015flar\u0131yla kanser yaparak \u00f6ld\u00fcr\u00fcr\u2019dediler. O y\u00fczden savc\u0131ya bakarak konu\u015fmuyorum&#8221; ifadeleri salondaki izleyicileri g\u00fcld\u00fcrd\u00fc.<\/p>\n<p style=\"text-align: justify;\"><strong>\u201cNeden hakan fidan silivri\u2019ye gelip benimle g\u00f6r\u00fc\u015fm\u00fcyor&#8221;<\/strong><\/p>\n<p style=\"text-align: justify;\">PKK ter\u00f6r \u00f6rg\u00fct\u00fcn\u00fc y\u00f6netmekle su\u00e7land\u0131\u011f\u0131n\u0131 ifade eden K\u00fc\u00e7\u00fck, \u201cMadem PKK\u2019y\u0131 ben y\u00f6netiyorum neden M\u0130T M\u00fcste\u015far\u0131 Hakan Fidan Silivri\u2019ye gelip benimle g\u00f6r\u00fc\u015fm\u00fcyor&#8221; diye konu\u015ftu.<\/p>\n<p style=\"text-align: justify;\">K\u00fc\u00e7\u00fck&#8217;\u00fcn savunmas\u0131n\u0131 tamamlamas\u0131n\u0131n ard\u0131ndan duru\u015fma yar\u0131na ertelendi.<\/p>\n<p style=\"text-align: justify;\"><a href=\"http:\/\/www.cnnturk.com\/2011\/turkiye\/12\/29\/bu.dava.gaz.davasidir\/642501.0\/index.html\" target=\"_blank\">Kaynak : CNN T\u00dcRK<\/a><\/p>\n","protected":false},"excerpt":{"rendered":"<p style=\"text-align: center;\">\n<p style=\"text-align: justify;\">Ergenekon soru\u015fturmas\u0131 kapsam\u0131nda aralar\u0131nda gazeteciler Nedim \u015eener ile Ahmet \u015e\u0131k\u2019\u0131n da bulundu\u011fu 12\u2019si tutuklu 14 san\u0131k hakk\u0131nda a\u00e7\u0131lan Odatv davas\u0131n\u0131n 4. duru\u015fmas\u0131nda tutuklu san\u0131k Prof. Dr. Yal\u00e7\u0131n K\u00fc\u00e7\u00fck, savunmas\u0131n\u0131 yapt\u0131. K\u00fc\u00e7\u00fck, Odatv davas\u0131n\u0131 &#8216;gaz davas\u0131&#8217; olarak tan\u0131mlad\u0131. <\/p>\n","protected":false},"author":1,"featured_media":0,"comment_status":"open","ping_status":"open","sticky":false,"template":"","format":"standard","meta":{"footnotes":""},"categories":[105],"tags":[499,498,500,501],"class_list":["post-45534","post","type-post","status-publish","format-standard","hentry","category-gundem","tag-ahmet-sik","tag-nedim-sener","tag-odatv","tag-yalcin-kucuk","odd"],"_links":{"self":[{"href":"http:\/\/www.korhanyilmaz.com\/index.php?rest_route=\/wp\/v2\/posts\/45534","targetHints":{"allow":["GET"]}}],"collection":[{"href":"http:\/\/www.korhanyilmaz.com\/index.php?rest_route=\/wp\/v2\/posts"}],"about":[{"href":"http:\/\/www.korhanyilmaz.com\/index.php?rest_route=\/wp\/v2\/types\/post"}],"author":[{"embeddable":true,"href":"http:\/\/www.korhanyilmaz.com\/index.php?rest_route=\/wp\/v2\/users\/1"}],"replies":[{"embeddable":true,"href":"http:\/\/www.korhanyilmaz.com\/index.php?rest_route=%2Fwp%2Fv2%2Fcomments&post=45534"}],"version-history":[{"count":0,"href":"http:\/\/www.korhanyilmaz.com\/index.php?rest_route=\/wp\/v2\/posts\/45534\/revisions"}],"wp:attachment":[{"href":"http:\/\/www.korhanyilmaz.com\/index.php?rest_route=%2Fwp%2Fv2%2Fmedia&parent=45534"}],"wp:term":[{"taxonomy":"category","embeddable":true,"href":"http:\/\/www.korhanyilmaz.com\/index.php?rest_route=%2Fwp%2Fv2%2Fcategories&post=45534"},{"taxonomy":"post_tag","embeddable":true,"href":"http:\/\/www.korhanyilmaz.com\/index.php?rest_route=%2Fwp%2Fv2%2Ftags&post=45534"}],"curies":[{"name":"wp","href":"https:\/\/api.w.org\/{rel}","templated":true}]}}