{"id":45530,"date":"2011-12-29T17:27:01","date_gmt":"2011-12-29T15:27:01","guid":{"rendered":"http:\/\/www.korhanyilmaz.com\/?p=45530"},"modified":"2011-12-29T19:12:23","modified_gmt":"2011-12-29T17:12:23","slug":"andici-cicek-duzeltti-igsiz-basbuga-sundu","status":"publish","type":"post","link":"http:\/\/www.korhanyilmaz.com\/?p=45530","title":{"rendered":"&#8220;And\u0131\u00e7&#8217;\u0131 \u00c7i\u00e7ek d\u00fczeltti, I\u011fs\u0131z, Ba\u015fbu\u011f&#8217;a sundu&#8221;"},"content":{"rendered":"<p style=\"text-align: center;\"><a href=\"http:\/\/www.korhanyilmaz.com\/wp-content\/uploads\/2011\/12\/8819.jpg\"  class=\"lightview\"><img loading=\"lazy\" decoding=\"async\" class=\"aligncenter  wp-image-45531\" src=\"http:\/\/www.korhanyilmaz.com\/wp-content\/uploads\/2011\/12\/8819.jpg\" alt=\"\" width=\"307\" height=\"236\" \/><\/a><\/p>\n<p style=\"text-align: justify;\">&#8220;\u0130rtica ile M\u00fccadele Eylem Plan\u0131&#8221; davas\u0131n\u0131n tutuksuz san\u0131klar\u0131ndan Y\u00fczba\u015f\u0131 Murat Usluk\u0131l\u0131\u00e7, taslak olarak haz\u0131rlad\u0131\u011f\u0131 and\u0131\u00e7ta, tutuklu san\u0131klardan emekli Albay Dursun \u00c7i\u00e7ek&#8217;in d\u00fczeltmeler yapt\u0131\u011f\u0131n\u0131 belirterek, &#8220;Bildi\u011fim kadar\u0131yla and\u0131\u00e7, Genelkurmay 2. Ba\u015fkan\u0131 (Hasan I\u011fs\u0131z) taraf\u0131ndan Genelkurmay Ba\u015fkan\u0131na (\u0130lker Ba\u015fbu\u011f) arz edildi&#8221; dedi.\u00a0<!--more--><\/p>\n<p style=\"text-align: justify;\">\u0130stanbul 13. A\u011f\u0131r Ceza Mahkemesindeki duru\u015fmada, Bilgi Destek Dairesi Destek \u015eubesinde g\u00f6rev yaparken dava konusu &#8220;internet and\u0131c\u0131&#8221;n\u0131 haz\u0131rlayan tutuksuz san\u0131klardan Y\u00fczba\u015f\u0131 Murat Usluk\u0131l\u0131\u00e7&#8217;\u0131n savunmas\u0131 al\u0131nd\u0131.<\/p>\n<p style=\"text-align: justify;\">Usluk\u0131l\u0131\u00e7, 2003 y\u0131l\u0131nda yap\u0131lan atamayla \u015fimdiki ad\u0131 Bilgi Destek Dairesi olan Psikolojik Harekat Daire Ba\u015fkanl\u0131\u011f\u0131nda g\u00f6reve ba\u015flad\u0131\u011f\u0131n\u0131 belirterek, bilgisayarlar\u0131n teknik i\u015fleriyle ilgilendi\u011fini s\u00f6yledi.<\/p>\n<p style=\"text-align: justify;\">Usluk\u0131l\u0131\u00e7, g\u00f6revinin bilgisayarlar\u0131 kurmak, \u00e7al\u0131\u015f\u0131r durumda tutmak, altyap\u0131s\u0131n\u0131 haz\u0131rlamak, interneti i\u015fler durumda tutmak ve d\u0131\u015far\u0131dan yap\u0131lacak sald\u0131r\u0131lar\u0131 engellemek oldu\u011funu kaydetti.<\/p>\n<p style=\"text-align: justify;\">Bilgi Destek Dairesi Cari \u0130\u015fler M\u00fcd\u00fcrl\u00fc\u011f\u00fcnde 2007 y\u0131l\u0131na kadar \u00e7al\u0131\u015ft\u0131\u011f\u0131n\u0131 ve \u015fube m\u00fcd\u00fcrlerinin Dursun \u00c7i\u00e7ek oldu\u011funu anlatan Usluk\u0131l\u0131\u00e7, 2007 y\u0131l\u0131 Aral\u0131k ay\u0131ndan sonra internet sitelerinin \u015fubelere da\u011f\u0131t\u0131ld\u0131\u011f\u0131n\u0131, kendisinin de Bilgi Destek \u015eubesine ba\u011fl\u0131 g\u00f6rev yapt\u0131\u011f\u0131n\u0131 ifade etti.<\/p>\n<p style=\"text-align: justify;\">Teknik altyap\u0131dan sorumlu oldu\u011funu ve internet sitelerinin i\u00e7erikleriyle ilgisinin olmad\u0131\u011f\u0131n\u0131 belirten Usluk\u0131l\u0131\u00e7, &#8220;G\u00f6rev tan\u0131m\u0131 formunda yaz\u0131lan i\u015flerden ba\u015fka herhangi bir \u015fey yapmad\u0131m. Yetki ve g\u00f6revleri tan\u0131mlayan g\u00f6rev tan\u0131m formu her zaman masam\u0131n sol \u00fcst k\u0131sm\u0131nda as\u0131l\u0131d\u0131r. Donan\u0131m ve yaz\u0131l\u0131m kontrollerini her g\u00fcn yapard\u0131m&#8221; dedi.<\/p>\n<p style=\"text-align: justify;\"><strong>&#8220;Dursun Albay&#8217;\u0131n emriyle siteler kapat\u0131ld\u0131&#8221;\u00a0<\/strong><\/p>\n<p style=\"text-align: justify;\">Taraf Gazetesinde 2009 y\u0131l\u0131 \u015eubat ay\u0131nda Genelkurmay Ba\u015fkanl\u0131\u011f\u0131n\u0131n i\u015fletti\u011fi internet siteleriyle ilgili haber \u00e7\u0131kt\u0131\u011f\u0131 d\u00f6nemde izinde oldu\u011funu, ancak acil olarak d\u00f6nmesinin istendi\u011fini ifade eden Usluk\u0131l\u0131\u00e7, hakk\u0131nda yakalama karar\u0131 bulunan d\u00f6nemin Bilgi Destek Dairesi Ba\u015fkan\u0131 T\u00fcmgeneral Mustafa Bak\u0131c\u0131&#8217;n\u0131n sitelerin nas\u0131l tespit edildi\u011finin bulunmas\u0131n\u0131 istedi\u011fini kaydetti.<\/p>\n<p style=\"text-align: justify;\">Usluk\u0131l\u0131\u00e7, &#8220;Bu sitelerin nas\u0131l ortaya \u00e7\u0131kt\u0131\u011f\u0131n\u0131 bizden ara\u015ft\u0131rmam\u0131z\u0131, g\u00fcvenlik serverlerinin nas\u0131l a\u015f\u0131ld\u0131\u011f\u0131n\u0131 bulmam\u0131z\u0131 istedi. Hackerland\u0131k m\u0131 diye kontrol etmemizi istedi. Biz de hackerland\u0131\u011f\u0131m\u0131z\u0131 tespit ettik. Bir internet sitesi var. O siteye girildi\u011finde alan ad\u0131 alanlar\u0131n e-posta adresleri s\u0131ralan\u0131yor. Bak\u0131c\u0131 Pa\u015fa&#8217;ya arz ettik. Dursun Albay&#8217;\u0131n emriyle siteler kapat\u0131ld\u0131&#8221; diye konu\u015ftu.<\/p>\n<p style=\"text-align: justify;\"><strong>And\u0131c\u0131n haz\u0131rlanmas\u0131\u00a0<\/strong><\/p>\n<p style=\"text-align: justify;\">Sitelerin kapat\u0131lmas\u0131ndan sonra Dursun \u00c7i\u00e7ek&#8217;in onay ald\u0131\u011f\u0131n\u0131 ve bir and\u0131\u00e7 haz\u0131rlamalar\u0131n\u0131 istedi\u011fini belirten Usluk\u0131l\u0131\u00e7, &#8220;(\u015eube M\u00fcd\u00fcr\u00fcm\u00fcz Cemal Albay&#8217;a (G\u00f6k\u00e7eo\u011flu) s\u00f6yleseniz iyi olur) dedim. Cemal Albay, daha sonra and\u0131c\u0131 haz\u0131rlamam\u0131z\u0131 istedi. And\u0131c\u0131 taslak olarak haz\u0131rlay\u0131p Dursun Albay&#8217;a g\u00f6nderdim. Dursun Albay, taslakta d\u00fczeltmeler yapt\u0131. Daha sonra Adli M\u00fc\u015favirli\u011fe g\u00f6t\u00fcr\u00fcld\u00fc ve d\u00fczeltmeler yap\u0131ld\u0131. \u00c7\u0131kt\u0131 al\u0131p Dursun Albay&#8217;a verdim. Bildi\u011fim kadar\u0131yla and\u0131\u00e7, Genelkurmay 2. Ba\u015fkan\u0131 (Hasan I\u011fs\u0131z) taraf\u0131ndan Genelkurmay Ba\u015fkan\u0131na (\u0130lker Ba\u015fbu\u011f) arz edildi. Genelkurmay Ba\u015fkan\u0131 onaylad\u0131ktan Dursun Albay and\u0131c\u0131 bize getirdi. And\u0131c\u0131 biz muhafaza ettik&#8221; dedi.<\/p>\n<p style=\"text-align: justify;\">Mahkeme Heyeti Ba\u015fkan\u0131 Hasan H\u00fcseyin \u00d6zese&#8217;nin &#8220;Ne zaman onayland\u0131?&#8221; diye sordu\u011fu Usluk\u0131l\u0131\u00e7, &#8220;Bilmiyorum, 14 Nisan deniliyor. Tarihi tam olarak hat\u0131rlam\u0131yorum&#8221; diye konu\u015ftu.<\/p>\n<p style=\"text-align: justify;\"><strong>Bilgisayarlar\u0131n silinmesi\u00a0<\/strong><\/p>\n<p style=\"text-align: justify;\">Usluk\u0131l\u0131\u00e7, 19 Haziran 2009&#8217;da Mustafa Bak\u0131c\u0131&#8217;n\u0131n, internet sitelerinin kapat\u0131lmas\u0131 i\u00e7in emir verdi\u011fini belirterek, \u015f\u00f6yle devam etti:<\/p>\n<p style=\"text-align: justify;\">&#8220;Evraklar\u0131n imha edilmesi konusunda emir verildi. 20 Haziran 2009&#8217;da daireye geldim. Zaten n\u00f6bet\u00e7iydim. \u0130nternet hatlar\u0131n\u0131n fi\u015flerini \u00e7ektim. Daire ba\u015fkan\u0131n\u0131n evrak denetlemesi yapaca\u011f\u0131 s\u00f6ylendi. \u0130nternet sitelerinin tamamen<\/p>\n<p style=\"text-align: justify;\">kapat\u0131l\u0131p, bilgisayarlar\u0131n MEBS Ba\u015fkanl\u0131\u011f\u0131na teslim edilece\u011fi s\u00f6ylendi. Bak\u0131c\u0131&#8217;n\u0131n bilgisayarlar\u0131n g\u00fcvenli sil i\u015flemine tabi tutulaca\u011f\u0131 emrini verdi\u011fi, MEBS Ba\u015fkanl\u0131\u011f\u0131ndan personel gelece\u011fi s\u00f6ylendi. Saat 11.30&#8217;da Bilgi Destek Dairesi&#8217;ndeki bilgisayarlarda g\u00fcvenli sil i\u015flemi i\u00e7in personel geldi. Ancak yaz\u0131l\u0131 emir olmad\u0131\u011f\u0131 i\u00e7in ba\u015flamad\u0131lar. Saat 15.30&#8217;de tekrar geldiler. Ben silme i\u015flemine sadece nezaret ettim. Silme konusunda bir yetkim de yok.&#8221;<\/p>\n<p style=\"text-align: justify;\">Usluk\u0131l\u0131\u00e7, internet sitelerinin 1990 y\u0131l\u0131ndan itibaren yay\u0131nda oldu\u011funu ve kendisinin teknik i\u015fleri devral\u0131\u011f\u0131n\u0131 s\u00f6yledi.<\/p>\n<p style=\"text-align: justify;\">\u015eube m\u00fcd\u00fcrlerinin internet sitesinin alan adlar\u0131n\u0131 almalar\u0131 konusunda &#8220;Bu alan adlar\u0131, PKK&#8217;n\u0131n eline ge\u00e7memesi i\u00e7in al\u0131n\u0131yordu. Genelkurmay.com gibi sitelerinin PKK&#8217;n\u0131n eline ge\u00e7mesi \u00e7ok k\u00f6t\u00fc olurdu&#8221; dedi.<\/p>\n<p style=\"text-align: justify;\">Genelkurmay&#8217;\u0131n resmi internet sitelerinin servis sa\u011flay\u0131c\u0131lar\u0131n\u0131n tr.net ve superonline oldu\u011funu belirten Usluk\u0131l\u0131\u00e7, Nisan 2004&#8217;te &#8220;Ermeni ger\u00e7e\u011fi&#8221; sitesine yurt d\u0131\u015f\u0131ndan sald\u0131r\u0131 oldu\u011funu, internet hatlar\u0131n\u0131n dolmas\u0131 nedeniyle di\u011fer sitelerin de yay\u0131nlanmad\u0131\u011f\u0131n\u0131, internet i\u015flemlerinin yap\u0131lamad\u0131\u011f\u0131n\u0131 anlatt\u0131.<\/p>\n<p style=\"text-align: justify;\">Bunun \u00fczerine \u015fube m\u00fcd\u00fcrleri, ASELSAN, T\u00dcB\u0130TAK, ODT\u00dc&#8217;ten bilgisayar m\u00fchendisleriyle bir toplant\u0131 yap\u0131ld\u0131\u011f\u0131n\u0131 ifade eden Usluk\u0131l\u0131\u00e7, &#8220;Superonline yetkilileri de geldi. Superonline hatt\u0131 a\u00e7mak i\u00e7in 500 bin dolar istedi. Alan ad\u0131<\/p>\n<p style=\"text-align: justify;\">alma 8 dolarl\u0131k bir i\u015fti. Bunun i\u00e7in 500 bin dolar verilmedi. Bir s\u00fcre beklendi. Sonra normale d\u00f6nd\u00fc&#8221; diye konu\u015ftu.<\/p>\n<p style=\"text-align: justify;\">Usluk\u0131l\u0131\u00e7, internet sitelerini teknik a\u00e7\u0131dan kontrol ederken &#8220;irtica.org&#8221; adl\u0131 siteye y\u00f6nelik bir sald\u0131r\u0131 oldu\u011funu g\u00f6rd\u00fc\u011f\u00fcn\u00fc belirterek, &#8220;Siteyi Meryem Kur\u015fun y\u00f6netiyordu. \u00c7ok say\u0131da yaz\u0131\u015fma tespit ettim. Kur\u015fun gelen yorumlara yan\u0131t veriyordu. Cevap vermemesini, sitenin sald\u0131r\u0131ya uyard\u0131\u011f\u0131n\u0131 s\u00f6yledim. Ancak beni ilgilendirmedi\u011fini s\u00f6ylediler. G\u00f6rev tan\u0131m\u0131mda internet sitelerinin i\u00e7erikleri olmad\u0131\u011f\u0131 i\u00e7in g\u00f6rev yerime d\u00f6nd\u00fcm&#8221; \u015feklinde konu\u015ftu.<\/p>\n<p style=\"text-align: justify;\">Duru\u015fma, Usluk\u0131l\u0131\u00e7&#8217;\u0131n \u00e7apraz sorgusuyla devam ediyor.<\/p>\n<p style=\"text-align: justify;\"><a href=\"http:\/\/www.cnnturk.com\/2011\/turkiye\/12\/29\/andici.cicek.duzeltti.igsiz.basbuga.sundu\/642510.0\/index.html\" target=\"_blank\">Kaynak : CNN T\u00dcRK<\/a><\/p>\n","protected":false},"excerpt":{"rendered":"<p style=\"text-align: center;\">\n<p style=\"text-align: justify;\">&#8220;\u0130rtica ile M\u00fccadele Eylem Plan\u0131&#8221; davas\u0131n\u0131n tutuksuz san\u0131klar\u0131ndan Y\u00fczba\u015f\u0131 Murat Usluk\u0131l\u0131\u00e7, taslak olarak haz\u0131rlad\u0131\u011f\u0131 and\u0131\u00e7ta, tutuklu san\u0131klardan emekli Albay Dursun \u00c7i\u00e7ek&#8217;in d\u00fczeltmeler yapt\u0131\u011f\u0131n\u0131 belirterek, &#8220;Bildi\u011fim kadar\u0131yla and\u0131\u00e7, Genelkurmay 2. Ba\u015fkan\u0131 (Hasan I\u011fs\u0131z) taraf\u0131ndan Genelkurmay Ba\u015fkan\u0131na (\u0130lker Ba\u015fbu\u011f) arz edildi&#8221; dedi. <\/p>\n","protected":false},"author":1,"featured_media":0,"comment_status":"open","ping_status":"open","sticky":false,"template":"","format":"standard","meta":{"footnotes":""},"categories":[105],"tags":[],"class_list":["post-45530","post","type-post","status-publish","format-standard","hentry","category-gundem","odd"],"_links":{"self":[{"href":"http:\/\/www.korhanyilmaz.com\/index.php?rest_route=\/wp\/v2\/posts\/45530","targetHints":{"allow":["GET"]}}],"collection":[{"href":"http:\/\/www.korhanyilmaz.com\/index.php?rest_route=\/wp\/v2\/posts"}],"about":[{"href":"http:\/\/www.korhanyilmaz.com\/index.php?rest_route=\/wp\/v2\/types\/post"}],"author":[{"embeddable":true,"href":"http:\/\/www.korhanyilmaz.com\/index.php?rest_route=\/wp\/v2\/users\/1"}],"replies":[{"embeddable":true,"href":"http:\/\/www.korhanyilmaz.com\/index.php?rest_route=%2Fwp%2Fv2%2Fcomments&post=45530"}],"version-history":[{"count":0,"href":"http:\/\/www.korhanyilmaz.com\/index.php?rest_route=\/wp\/v2\/posts\/45530\/revisions"}],"wp:attachment":[{"href":"http:\/\/www.korhanyilmaz.com\/index.php?rest_route=%2Fwp%2Fv2%2Fmedia&parent=45530"}],"wp:term":[{"taxonomy":"category","embeddable":true,"href":"http:\/\/www.korhanyilmaz.com\/index.php?rest_route=%2Fwp%2Fv2%2Fcategories&post=45530"},{"taxonomy":"post_tag","embeddable":true,"href":"http:\/\/www.korhanyilmaz.com\/index.php?rest_route=%2Fwp%2Fv2%2Ftags&post=45530"}],"curies":[{"name":"wp","href":"https:\/\/api.w.org\/{rel}","templated":true}]}}