{"id":45526,"date":"2011-12-29T15:27:11","date_gmt":"2011-12-29T13:27:11","guid":{"rendered":"http:\/\/www.korhanyilmaz.com\/?p=45526"},"modified":"2011-12-29T16:45:28","modified_gmt":"2011-12-29T14:45:28","slug":"asgari-ucret-701-tl","status":"publish","type":"post","link":"http:\/\/www.korhanyilmaz.com\/?p=45526","title":{"rendered":"Asgari \u00fccret 701 TL"},"content":{"rendered":"<p style=\"text-align: center;\"><a href=\"http:\/\/www.korhanyilmaz.com\/wp-content\/uploads\/2011\/12\/8818.jpg\"  class=\"lightview\"><img loading=\"lazy\" decoding=\"async\" class=\"aligncenter  wp-image-45527\" src=\"http:\/\/www.korhanyilmaz.com\/wp-content\/uploads\/2011\/12\/8818.jpg\" alt=\"\" width=\"346\" height=\"218\" \/><\/a><\/p>\n<p style=\"text-align: justify;\">Asgari \u00fccret yeni y\u0131lda ilk 6 ay i\u00e7in 701,14 TL&#8217;ye \u00e7\u0131kacak. Asgari \u00fccrette art\u0131\u015f 42 TL olacak.<\/p>\n<p style=\"text-align: justify;\">ANKARA &#8211; Yakla\u015f\u0131k 5 milyon ki\u015fiyi ilgilendiren asgari \u00fccrette 2012 rakam\u0131 netle\u015fti.<\/p>\n<p style=\"text-align: justify;\">Asgari \u00dccret Tespit Komisyonu gelecek y\u0131l ge\u00e7erli olacak asgari \u00fccreti tespit etti. Buna g\u00f6re, 16 ya\u015f\u0131ndan b\u00fcy\u00fckler i\u00e7in ayl\u0131k br\u00fct \u00fccret ilk 6 ay i\u00e7in 886,50 lira, ikinci 6 ay i\u00e7in 940,50 TL olarak belirlendi. Bekar bir i\u015f\u00e7i i\u00e7in ayl\u0131k net \u00fccret ilk 6 ay i\u00e7in 701,14 lira, ikinci 6 ay i\u00e7in 739,80 TL olacak.\u00a0<!--more--><\/p>\n<p style=\"text-align: justify;\">16 ya\u015f\u0131n\u0131 doldurmam\u0131\u015f i\u015f\u00e7iler i\u00e7in ayl\u0131k br\u00fct ilk 6 ay i\u00e7in 760,50 lira, ikinci 6 ay i\u00e7in 805,50 lira olarak tespit edildi. Bu kesim i\u00e7in de ayl\u0131k net \u00fccret ilk 6 ay i\u00e7in 610,94 lira, ikinci 6 ay i\u00e7in ise 643,15 lira olarak uygulanacak.<\/p>\n<p style=\"text-align: justify;\">\u00c7al\u0131\u015fma Bakanl\u0131\u011f\u0131&#8217;ndaki toplant\u0131 sonras\u0131 a\u00e7\u0131klama yapan \u00c7al\u0131\u015fma ve Sosyal G\u00fcvenlik Bakan\u0131 Faruk \u00c7elik, &#8221;Asgari \u00fccret y\u0131l\u0131n ilk 6 ay\u0131 i\u00e7in y\u00fczde 5.91, ikinci 6 ay i\u00e7in y\u00fczde 6.09 artm\u0131\u015f, 2012 y\u0131l\u0131ndaki y\u0131ll\u0131k art\u0131\u015f oran\u0131 ise y\u00fczde 12.37 olmu\u015ftur&#8221; dedi.<\/p>\n<p style=\"text-align: justify;\">Asgari \u00fccret, halen 16 ya\u015f\u0131ndan b\u00fcy\u00fck bekar bir i\u015f\u00e7i i\u00e7in yakla\u015f\u0131k br\u00fct 837, net 659 lira, 16 ya\u015f\u0131ndan k\u00fc\u00e7\u00fckler i\u00e7in br\u00fct 715, net 572 lira olarak uygulan\u0131yor.<\/p>\n<p style=\"text-align: justify;\"><strong>\u00c7ALI\u015eTAY FORM\u00dcL\u00dc<\/strong><\/p>\n<p style=\"text-align: justify;\">Bakan \u00c7elik, Asgari \u00dccret Tespit Komisyonu&#8217;nun, asgari \u00fccret mevzuat\u0131 ve asgari \u00fccreti belirleme y\u00f6ntemine ili\u015fkin gelecek d\u00f6nemde bir \u00e7al\u0131\u015ftay ger\u00e7ekle\u015ftirme karar\u0131 ald\u0131\u011f\u0131n\u0131 bildirdi.<\/p>\n<p style=\"text-align: justify;\">Bu karar\u0131n son derece \u00f6nemli oldu\u011funu dile getiren \u00c7elik, &#8221;Asgari \u00fccret belirleme veya \u015fu anda komisyonunun ya\u015fam\u0131\u015f oldu\u011fu sorunlar\u0131n \u00e7\u00f6z\u00fcm\u00fc a\u00e7\u0131s\u0131ndan bu \u00e7al\u0131\u015ftay\u0131n yararl\u0131 olaca\u011f\u0131 ve 2013&#8217;te komisyonun daha az yorulaca\u011f\u0131 inanc\u0131 i\u00e7indeyim&#8221; dedi.<\/p>\n<p style=\"text-align: justify;\"><strong>T\u00dcRK-\u0130\u015e: ARTI\u015e \u0130\u00c7\u0130N M\u00dcCADELE VERD\u0130K<\/strong><\/p>\n<p style=\"text-align: justify;\">Asgari \u00fccret g\u00f6r\u00fc\u015fmelerinde i\u015fverenin ilk 6 ay i\u00e7in y\u00fczde 3, ikinci 6 ay i\u00e7in de y\u00fczde 2.2 zam istedi\u011fini ifade eden i\u015f\u00e7i heyeti ba\u015fkan\u0131 T\u00fcrk-\u0130\u015f Genel E\u011fitim Sekreteri Ramazan A\u011far, &#8221;Bu var\u0131lan rakam \u00e7ok iyi bir rakam de\u011fil ama oranlarda y\u00fczde 100 art\u0131\u015f var. Biz bu art\u0131\u015f\u0131 m\u00fccadele vererek sa\u011flad\u0131k. Sonu\u00e7 oy birli\u011fiyle imzaland\u0131. T\u00fcrk-\u0130\u015f muhalefet \u015ferhi koysayd\u0131 bu art\u0131\u015f olmazd\u0131&#8221; dedi.<\/p>\n<p style=\"text-align: justify;\"><strong>T\u0130SK: BAKAN ISRAR ETT\u0130, &#8216;EVET&#8217; DED\u0130K<\/strong><\/p>\n<p style=\"text-align: justify;\">\u0130\u015fveren heyeti Ba\u015fkan\u0131 T\u0130SK Y\u00f6netim Kurulu \u00dcyesi Ali Nafiz Konuk da \u0130stanbul&#8217;dan 200 kilometre uzakl\u0131kta olan Bulgaristan&#8217;da asgari \u00fccretin yakla\u015f\u0131k 300 lira oldu\u011funu belirterek, &#8221;Bakan, bu art\u0131\u015f\u0131 taraflar\u0131 uzla\u015ft\u0131rarak yapmak i\u00e7in bir yerde bask\u0131 uygulayarak, \u0131srarc\u0131 tutumunu s\u00fcrd\u00fcr\u00fcnce &#8216;evet&#8217; demek zorunda kald\u0131k. Bir yerde r\u0131zam\u0131zla &#8216;evet&#8217; dedik ama d\u00fc\u015f\u00fcnd\u00fc\u011f\u00fcm\u00fcz rakam bu de\u011fildi. \u0130n\u015fallah a\u00e7\u0131klanan asgari \u00fccret, T\u00fcrkiye&#8217;de asgari \u00fccretle ve \u00fcst\u00fcndeki bir \u00fccretle \u00e7al\u0131\u015fan insanlar\u0131n i\u015flerini korumada yarar sa\u011flar&#8221; dedi.<\/p>\n<p style=\"text-align: justify;\"><strong>Y\u00dcZDE 3+3 \u00d6NG\u00d6R\u00dcLM\u00dc\u015eT\u00dc<\/strong><\/p>\n<p style=\"text-align: justify;\">2012 y\u0131l\u0131 program\u0131nda asgari \u00fccrete yap\u0131lacak zamma ili\u015fkin \u00f6ng\u00f6r\u00fcye yer verilmi\u015f, buna g\u00f6re, asgari \u00fccretin gelecek y\u0131l\u0131n Ocak ve Temmuz aylar\u0131nda y\u00fczde 3 art\u0131r\u0131lmas\u0131 \u00f6ng\u00f6r\u00fclm\u00fc\u015ft\u00fc.<\/p>\n<p style=\"text-align: justify;\"><strong>ASGAR\u0130 \u00dcCRETE PROTESTO<\/strong><\/p>\n<p style=\"text-align: justify;\">Bu arada, toplant\u0131 \u00f6ncesinde D\u0130SK&#8217;e ba\u011fl\u0131 Dev Sa\u011fl\u0131k-\u0130\u015f Sendikas\u0131 \u00fcyesi bir grup, bakanl\u0131k \u00f6n\u00fcnde toplanarak, protesto g\u00f6sterisi d\u00fczenledi.<\/p>\n<p style=\"text-align: justify;\">Grup, &#8221;Asgari \u00fccret \u00f6l\u00fcm demektir&#8221;, &#8221;Sefalete teslim olmayaca\u011f\u0131z&#8221;, &#8221;Asgari ya\u015famak istemiyoruz&#8221; sloganlar\u0131 att\u0131.<\/p>\n<p style=\"text-align: justify;\">Grup ad\u0131na yap\u0131lan a\u00e7\u0131klamada, &#8221;eme\u011fin kar\u015f\u0131l\u0131\u011f\u0131 olarak \u00e7al\u0131\u015fanlara reva g\u00f6r\u00fclen asgari \u00fccretin devlet kurumlar\u0131n\u0131n a\u00e7\u0131klad\u0131\u011f\u0131 a\u00e7l\u0131k s\u0131n\u0131r\u0131n\u0131n bile alt\u0131nda oldu\u011fu&#8221; savunuldu.<\/p>\n<p style=\"text-align: justify;\">A\u00e7\u0131klaman\u0131n ard\u0131ndan, \u00c7al\u0131\u015fma ve Sosyal G\u00fcvenlik Bakanl\u0131\u011f\u0131 bah\u00e7esine girmek isteyen gruptakilerin bariyerli kap\u0131y\u0131 yerinden s\u00f6kmesi \u00fczerine, emniyet g\u00fc\u00e7leri ile grup aras\u0131nda k\u0131sa s\u00fcreli arbede ya\u015fand\u0131.<\/p>\n<p style=\"text-align: justify;\"><a href=\"http:\/\/www.ntvmsnbc.com\/id\/25309587\/\" target=\"_blank\">Kaynak : NTVMSNBC<\/a><\/p>\n","protected":false},"excerpt":{"rendered":"<p style=\"text-align: center;\">\n<p style=\"text-align: justify;\">Asgari \u00fccret yeni y\u0131lda ilk 6 ay i\u00e7in 701,14 TL&#8217;ye \u00e7\u0131kacak. Asgari \u00fccrette art\u0131\u015f 42 TL olacak.<\/p>\n<p style=\"text-align: justify;\">ANKARA &#8211; Yakla\u015f\u0131k 5 milyon ki\u015fiyi ilgilendiren asgari \u00fccrette 2012 rakam\u0131 netle\u015fti.<\/p>\n<p style=\"text-align: justify;\">Asgari \u00dccret Tespit Komisyonu gelecek y\u0131l ge\u00e7erli olacak asgari \u00fccreti tespit etti. Buna g\u00f6re, 16 ya\u015f\u0131ndan b\u00fcy\u00fckler <\/p>\n","protected":false},"author":1,"featured_media":0,"comment_status":"open","ping_status":"open","sticky":false,"template":"","format":"standard","meta":{"footnotes":""},"categories":[7],"tags":[],"class_list":["post-45526","post","type-post","status-publish","format-standard","hentry","category-ekonomi","odd"],"_links":{"self":[{"href":"http:\/\/www.korhanyilmaz.com\/index.php?rest_route=\/wp\/v2\/posts\/45526","targetHints":{"allow":["GET"]}}],"collection":[{"href":"http:\/\/www.korhanyilmaz.com\/index.php?rest_route=\/wp\/v2\/posts"}],"about":[{"href":"http:\/\/www.korhanyilmaz.com\/index.php?rest_route=\/wp\/v2\/types\/post"}],"author":[{"embeddable":true,"href":"http:\/\/www.korhanyilmaz.com\/index.php?rest_route=\/wp\/v2\/users\/1"}],"replies":[{"embeddable":true,"href":"http:\/\/www.korhanyilmaz.com\/index.php?rest_route=%2Fwp%2Fv2%2Fcomments&post=45526"}],"version-history":[{"count":0,"href":"http:\/\/www.korhanyilmaz.com\/index.php?rest_route=\/wp\/v2\/posts\/45526\/revisions"}],"wp:attachment":[{"href":"http:\/\/www.korhanyilmaz.com\/index.php?rest_route=%2Fwp%2Fv2%2Fmedia&parent=45526"}],"wp:term":[{"taxonomy":"category","embeddable":true,"href":"http:\/\/www.korhanyilmaz.com\/index.php?rest_route=%2Fwp%2Fv2%2Fcategories&post=45526"},{"taxonomy":"post_tag","embeddable":true,"href":"http:\/\/www.korhanyilmaz.com\/index.php?rest_route=%2Fwp%2Fv2%2Ftags&post=45526"}],"curies":[{"name":"wp","href":"https:\/\/api.w.org\/{rel}","templated":true}]}}