{"id":45514,"date":"2011-12-29T11:53:23","date_gmt":"2011-12-29T09:53:23","guid":{"rendered":"http:\/\/www.korhanyilmaz.com\/?p=45514"},"modified":"2011-12-29T16:09:40","modified_gmt":"2011-12-29T14:09:40","slug":"tskdan-siviller-vuruldu-iddiasina-yanit","status":"publish","type":"post","link":"http:\/\/www.korhanyilmaz.com\/?p=45514","title":{"rendered":"TSK&#8217;dan &#8216;siviller vuruldu&#8217; iddias\u0131na yan\u0131t"},"content":{"rendered":"<p style=\"text-align: center;\"><a href=\"http:\/\/www.korhanyilmaz.com\/wp-content\/uploads\/2011\/12\/8815.jpg\"  class=\"lightview\"><img loading=\"lazy\" decoding=\"async\" class=\"aligncenter  wp-image-45515\" src=\"http:\/\/www.korhanyilmaz.com\/wp-content\/uploads\/2011\/12\/8815.jpg\" alt=\"\" width=\"333\" height=\"246\" \/><\/a><\/p>\n<p style=\"text-align: justify;\">Irak s\u0131n\u0131r\u0131nda yap\u0131lan bombard\u0131man s\u0131ras\u0131nda hayat\u0131n\u0131 kaybedenlerle ilgili TSK bir a\u00e7\u0131klama yapt\u0131. A\u00e7\u0131klamada, vurulan noktan\u0131n ter\u00f6r \u00f6rg\u00fct\u00fc kontrol\u00fcndeki b\u00f6lgede oldu\u011fu ve sald\u0131r\u0131 olaca\u011f\u0131na dair istihbarat \u00fczerine harekete ge\u00e7ildi\u011fi bilgisi verildi.<\/p>\n<p style=\"text-align: justify;\">ANKARA &#8211; Genelkurmay 20\u2019den fazla ki\u015finin ya\u015fam\u0131n\u0131 yitirdi\u011fi olayla ilgili a\u00e7\u0131klama yapt\u0131.\u00a0<!--more--><\/p>\n<p style=\"text-align: justify;\"><span style=\"text-decoration: underline;\">A\u00e7\u0131klamada \u015funlar kaydedildi<\/span>:<\/p>\n<p style=\"text-align: justify;\">&#8220;T\u00fcrk Silahl\u0131 Kuvvetlerinin s\u0131n\u0131r \u00f6tesi harekat\u0131, TBMM taraf\u0131ndan 17 Ekim 2007 tarihinde kendisine verilen ve birer y\u0131ll\u0131k s\u00fcrelerle yenilenen yetki gere\u011fi s\u00fcrd\u00fcr\u00fclmektedir.<\/p>\n<p style=\"text-align: justify;\">Ter\u00f6r \u00f6rg\u00fct\u00fc eleba\u015f\u0131lar\u0131n\u0131n son d\u00f6nemde verdikleri kay\u0131plar i\u00e7in gruplara misilleme talimat\u0131 verdikleri ve bu do\u011frultuda \u00f6zellikle s\u0131n\u0131r \u00f6tesinde Sinat-Haftanin\u2019e takviye maksad\u0131yla \u00e7ok say\u0131da ter\u00f6rist g\u00f6nderildi\u011fi bilgisi al\u0131nm\u0131\u015ft\u0131r.<\/p>\n<p style=\"text-align: justify;\">\u00c7e\u015fitli kaynaklardan al\u0131nan istihbarat ve yap\u0131lan teknik analizler sonucunda, i\u00e7lerinde \u00f6rg\u00fct eleba\u015f\u0131lar\u0131n\u0131n da bulundu\u011fu ter\u00f6rist gruplar\u0131n b\u00f6lgede bir araya geldikleri ve s\u0131n\u0131r hatt\u0131ndaki karakol ve \u00fcs b\u00f6lgelerimize y\u00f6nelik sald\u0131r\u0131 haz\u0131rl\u0131\u011f\u0131 i\u00e7inde olduklar\u0131 anla\u015f\u0131lm\u0131\u015f ve ilgili birlikler ikaz edilmi\u015ftir.<\/p>\n<p style=\"text-align: justify;\">Ge\u00e7mi\u015fte b\u00f6l\u00fcc\u00fc ter\u00f6r \u00f6rg\u00fct\u00fc taraf\u0131ndan ger\u00e7ekle\u015ftirilen sald\u0131r\u0131larda, ter\u00f6ristlerin, kulland\u0131\u011f\u0131 a\u011f\u0131r silah, cephane ve patlay\u0131c\u0131lar\u0131 y\u00fck hayvanlar\u0131 ile Irak\u2019tan getirerek s\u0131n\u0131rdan i\u00e7eri soktuklar\u0131, teslim olan ter\u00f6rist ifadelerinden bilinmektedir.<\/p>\n<p style=\"text-align: justify;\">B\u00f6l\u00fcc\u00fc ter\u00f6r \u00f6rg\u00fct\u00fc mensuplar\u0131n\u0131n, Irak Kuzeyinden gelerek hududumuza yak\u0131n karakol ve \u00fcs b\u00f6lgelerimize eylem yapaca\u011f\u0131na dair istihbarat\u0131n artmas\u0131 \u00fczerine, ke\u015fif ve g\u00f6zetleme gayretleri s\u0131n\u0131r boylar\u0131nda art\u0131r\u0131lm\u0131\u015ft\u0131r. Bu kapsamda, 28 Aral\u0131k 2011 g\u00fcn\u00fc saat 18.39\u2019da, Irak s\u0131n\u0131rlar\u0131 i\u00e7inde hududumuza do\u011fru bir grubun hareket halinde oldu\u011fu \u0130nsans\u0131z Hava Arac\u0131 g\u00f6r\u00fcnt\u00fcleri ile tespit edilmi\u015ftir.<\/p>\n<p style=\"text-align: justify;\">Grubun tespit edildi\u011fi b\u00f6lgenin ter\u00f6ristler taraf\u0131ndan s\u0131k\u00e7a kullan\u0131lan bir yer olmas\u0131 ve geceleyin hududumuza do\u011fru bir hareketin tespit edilmesi \u00fczerine hava kuvvetleri u\u00e7aklar\u0131 ile ate\u015f alt\u0131na al\u0131nmas\u0131 gerekti\u011fi de\u011ferlendirilmi\u015f ve saat 21.37-22.24 aras\u0131nda hedef ate\u015f alt\u0131na al\u0131nm\u0131\u015ft\u0131r.<\/p>\n<p style=\"text-align: justify;\">Olay\u0131n meydana geldi\u011fi yer, b\u00f6l\u00fcc\u00fc ter\u00f6r \u00f6rg\u00fct\u00fcn\u00fcn ana kamplar\u0131n\u0131n konu\u015flu oldu\u011fu, sivil yerle\u015fim bulunmayan, Irak kuzeyindeki Sinat-Haftanin b\u00f6lgesidir.<\/p>\n<p style=\"text-align: justify;\">Olay hakk\u0131nda idari ve adli inceleme ve i\u015flemler devam etmektedir.&#8221;<\/p>\n<p style=\"text-align: justify;\"><a href=\"http:\/\/www.ntvmsnbc.com\/id\/25309906\/\" target=\"_blank\">Kaynak : NTVMSNBC<\/a><\/p>\n","protected":false},"excerpt":{"rendered":"<p style=\"text-align: center;\">\n<p style=\"text-align: justify;\">Irak s\u0131n\u0131r\u0131nda yap\u0131lan bombard\u0131man s\u0131ras\u0131nda hayat\u0131n\u0131 kaybedenlerle ilgili TSK bir a\u00e7\u0131klama yapt\u0131. A\u00e7\u0131klamada, vurulan noktan\u0131n ter\u00f6r \u00f6rg\u00fct\u00fc kontrol\u00fcndeki b\u00f6lgede oldu\u011fu ve sald\u0131r\u0131 olaca\u011f\u0131na dair istihbarat \u00fczerine harekete ge\u00e7ildi\u011fi bilgisi verildi.<\/p>\n<p style=\"text-align: justify;\">ANKARA &#8211; Genelkurmay 20\u2019den fazla ki\u015finin ya\u015fam\u0131n\u0131 yitirdi\u011fi olayla ilgili a\u00e7\u0131klama yapt\u0131. <\/p>\n","protected":false},"author":1,"featured_media":0,"comment_status":"open","ping_status":"open","sticky":false,"template":"","format":"standard","meta":{"footnotes":""},"categories":[105],"tags":[],"class_list":["post-45514","post","type-post","status-publish","format-standard","hentry","category-gundem","odd"],"_links":{"self":[{"href":"http:\/\/www.korhanyilmaz.com\/index.php?rest_route=\/wp\/v2\/posts\/45514","targetHints":{"allow":["GET"]}}],"collection":[{"href":"http:\/\/www.korhanyilmaz.com\/index.php?rest_route=\/wp\/v2\/posts"}],"about":[{"href":"http:\/\/www.korhanyilmaz.com\/index.php?rest_route=\/wp\/v2\/types\/post"}],"author":[{"embeddable":true,"href":"http:\/\/www.korhanyilmaz.com\/index.php?rest_route=\/wp\/v2\/users\/1"}],"replies":[{"embeddable":true,"href":"http:\/\/www.korhanyilmaz.com\/index.php?rest_route=%2Fwp%2Fv2%2Fcomments&post=45514"}],"version-history":[{"count":0,"href":"http:\/\/www.korhanyilmaz.com\/index.php?rest_route=\/wp\/v2\/posts\/45514\/revisions"}],"wp:attachment":[{"href":"http:\/\/www.korhanyilmaz.com\/index.php?rest_route=%2Fwp%2Fv2%2Fmedia&parent=45514"}],"wp:term":[{"taxonomy":"category","embeddable":true,"href":"http:\/\/www.korhanyilmaz.com\/index.php?rest_route=%2Fwp%2Fv2%2Fcategories&post=45514"},{"taxonomy":"post_tag","embeddable":true,"href":"http:\/\/www.korhanyilmaz.com\/index.php?rest_route=%2Fwp%2Fv2%2Ftags&post=45514"}],"curies":[{"name":"wp","href":"https:\/\/api.w.org\/{rel}","templated":true}]}}