{"id":45511,"date":"2011-12-29T15:29:48","date_gmt":"2011-12-29T13:29:48","guid":{"rendered":"http:\/\/www.korhanyilmaz.com\/?p=45511"},"modified":"2011-12-29T16:05:56","modified_gmt":"2011-12-29T14:05:56","slug":"genelkurmaydan-orgeneral-torumtay-aciklamasi","status":"publish","type":"post","link":"http:\/\/www.korhanyilmaz.com\/?p=45511","title":{"rendered":"Genelkurmay&#8217;dan Orgeneral Torumtay a\u00e7\u0131klamas\u0131!"},"content":{"rendered":"<p style=\"text-align: justify;\"><a href=\"http:\/\/www.korhanyilmaz.com\/wp-content\/uploads\/2011\/12\/8814.jpg\"  class=\"lightview\"><img loading=\"lazy\" decoding=\"async\" class=\"aligncenter size-full wp-image-45512\" title=\"\" src=\"http:\/\/www.korhanyilmaz.com\/wp-content\/uploads\/2011\/12\/8814.jpg\" alt=\"\" width=\"292\" height=\"278\" \/><\/a><\/p>\n<p style=\"text-align: justify;\">Genelkurmay Ba\u015fkanl\u0131\u011f\u0131, 27-28 Aral\u0131k 2011 tarihlerinde baz\u0131 yay\u0131n organlar\u0131nda Orgeneral Torumtay&#8217;\u0131n \u00f6l\u00fcm\u00fc ile ilgili \u00e7\u0131kan haberler hakk\u0131nda a\u00e7\u0131klamalarda bulundu. Orgeneral Torumtay&#8217;\u0131n hastanede vir\u00fcs kapt\u0131\u011f\u0131 iddialar\u0131 yalanlanarak, \u00f6l\u00fcm nedeninin ileri ya\u015f, altta yatan di\u011fer hastal\u0131klar ve bunlara ba\u011fl\u0131 organ yetmezlikleri oldu\u011fu belirtildi.\u00a0<!--more--><\/p>\n<p style=\"text-align: justify;\">Genelkurmay Ba\u015fkanl\u0131\u011f\u0131&#8217;n\u0131n yapt\u0131\u011f\u0131 a\u00e7\u0131klamada 27 ve 28 Aral\u0131k 2011 tarihlerinde bir gazetede &#8216;Torumtay&#8217;\u0131 hastane vir\u00fcs\u00fc \u00f6ld\u00fcrd\u00fc&#8217; ve &#8216;Yasa\u011fa ra\u011fmen \u00f6l\u00fcm ko\u011fu\u015funda&#8217; ba\u015fl\u0131kl\u0131 haberler yay\u0131mland\u0131\u011f\u0131 hat\u0131rlat\u0131ld\u0131. Haberlerde merhum Orgeneral Necip Torumtay&#8217;\u0131n esansiyel hipertansiyon, kardiyak arrest (kalbin pompalama i\u015flevi bozuklu\u011fu), gut, nefes darl\u0131\u011f\u0131 tan\u0131lar\u0131 ile GATA&#8217;ya getirildi\u011fi ve 2,5 ay s\u00fcrelik yat\u0131\u015f\u0131 esnas\u0131nda hastane enfeksiyonlar\u0131na yakaland\u0131\u011f\u0131n\u0131n iddia edildi\u011fi belirtilen a\u00e7\u0131klamada \u015f\u00f6yle denildi:<\/p>\n<p style=\"text-align: justify;\">&#8220;Merhum Orgeneral Torumtay \u00f6nce Aksaz Asker Hastanesi, daha sonra da Marmaris Devlet Hastanesinde iki g\u00fcn tedavi g\u00f6rd\u00fckten sonra, 24 Haziran 2011&#8217;de GATA&#8217;ya getirilerek &#8216;Ge\u00e7irilmi\u015f kardiyak arrest (kalp durmas\u0131)&#8217; ve &#8216;Y\u00fcksek ate\u015f&#8217; tan\u0131lar\u0131 ile \u015fuuru kapal\u0131 olarak Dahili Yo\u011fun Bak\u0131m \u00dcnitesine yat\u0131r\u0131lm\u0131\u015ft\u0131r. Yat\u0131\u015f\u0131 esnas\u0131ndaki bulgular, enfeksiyona ba\u011fl\u0131 \u015fok tablosunu d\u00fc\u015f\u00fcnd\u00fcrm\u00fc\u015f ve bu tabloya uygun tedaviye ba\u015flanm\u0131\u015ft\u0131r. Merhum Orgeneral Torumtay&#8217;\u0131n yo\u011fun bak\u0131m tedavisi titizlikle s\u00fcrd\u00fcr\u00fclm\u00fc\u015f ancak yat\u0131\u015f\u0131ndan 2,5 ay sonra vefat etmi\u015ftir. Yat\u0131\u015f\u0131 s\u00fcresince enfeksiyon tablolar\u0131 geli\u015fmi\u015f ve zaman\u0131nda tan\u0131 konularak uygun tedaviler yap\u0131lm\u0131\u015ft\u0131r. GATA E\u011fitim Hastanesi Dahili Yo\u011fun Bak\u0131m \u00dcnitesi, enfeksiyon riski nedeniyle 03 Mart 2011&#8217;de yo\u011fun bak\u0131ma hasta kabul\u00fcn\u00fc durdurmu\u015f; Hastane Enfeksiyon Kontrol Komitesi denetiminde kontrol \u00f6nlemleri yeniden g\u00f6zden ge\u00e7irilmi\u015f, gerekli kontrollerin tamamlanmas\u0131ndan sonra Ba\u015ftabipli\u011fin izni ile 25 Mart 2011 tarihinden itibaren hasta kabul\u00fcne yeniden ba\u015flanm\u0131\u015ft\u0131r. An\u0131lan tarih ile Merhum Orgeneral Torumtay&#8217;\u0131n yat\u0131\u015f\u0131 aras\u0131nda yakla\u015f\u0131k d\u00f6rt ay s\u00fcre bulunmaktad\u0131r. Bu esnada ve ayr\u0131ca Merhum Orgeneral Torumtay&#8217;\u0131n yatt\u0131\u011f\u0131 2,5 ay s\u00fcresince enfeksiyon say\u0131s\u0131nda bir art\u0131\u015f saptanmam\u0131\u015f olup, kabul edilebilir d\u00fczeyde m\u00fcnferit vakalar tespit edilmi\u015ftir. Bu meyanda; Merhum Orgeneral Torumtay&#8217;\u0131n vefat\u0131 ile, vefat\u0131ndan yakla\u015f\u0131k alt\u0131 ay \u00f6nce Yo\u011fun Bak\u0131m \u00dcnitesinde saptanan enfeksiyonlar aras\u0131nda herhangi bir sebep-sonu\u00e7 ili\u015fkisi yoktur. Merhum Orgeneral Torumtay&#8217;\u0131n, vefat\u0131 esnas\u0131nda enfeksiyona ba\u011fl\u0131 \u015fok tablosunda oldu\u011fu t\u0131bbi kay\u0131tlardan anla\u015f\u0131lmaktad\u0131r. Ancak, enfeksiyona neden olan mikroorganizma, bas\u0131nda iddia edilen ve \u015eubat ay\u0131nda Yo\u011fun Bak\u0131mda ilave \u00f6nlemlerin al\u0131nmas\u0131na neden olan etkenden farkl\u0131 bir bakteri olup, vefat esnas\u0131nda kullan\u0131lmakta olan antibiyoti\u011fe duyarl\u0131d\u0131r. Hastan\u0131n uygun tedaviye ra\u011fmen hayat\u0131n\u0131 kaybetmesinin nedenleri; ileri ya\u015f\u0131, altta yatan di\u011fer hastal\u0131klar\u0131 ve bunlara ba\u011fl\u0131 organ yetmezlikleridir.&#8221;<\/p>\n<p style=\"text-align: justify;\">A\u00e7\u0131klaman\u0131n son b\u00f6l\u00fcm\u00fcnde ge\u00e7en \u015eubat ay\u0131nda hastane enfeksiyonu nedeniyle vefat etti\u011fi iddia edilen \u00fc\u00e7 hastan\u0131n direk enfeksiyon nedeniyle vefat ettiklerine dair kesin bir bulgu bulunmad\u0131\u011f\u0131 kaydedilirken, &#8220;Bunlar\u0131n da \u00f6l\u00fcm nedenlerinin; ileri ya\u015f, altta yatan di\u011fer hastal\u0131klar ve bunlara ba\u011fl\u0131 organ yetmezlikleri oldu\u011fu de\u011ferlendirilmi\u015ftir&#8221; denildi.<\/p>\n<p style=\"text-align: justify;\"><a href=\"http:\/\/www.cnnturk.com\/2011\/turkiye\/12\/29\/genelkurmaydan.orgeneral.torumtay.aciklamasi\/642496.0\/index.html\" target=\"_blank\">Kaynak : CNN T\u00dcRK<\/a><\/p>\n","protected":false},"excerpt":{"rendered":"<p style=\"text-align: justify;\">\n<p style=\"text-align: justify;\">Genelkurmay Ba\u015fkanl\u0131\u011f\u0131, 27-28 Aral\u0131k 2011 tarihlerinde baz\u0131 yay\u0131n organlar\u0131nda Orgeneral Torumtay&#8217;\u0131n \u00f6l\u00fcm\u00fc ile ilgili \u00e7\u0131kan haberler hakk\u0131nda a\u00e7\u0131klamalarda bulundu. Orgeneral Torumtay&#8217;\u0131n hastanede vir\u00fcs kapt\u0131\u011f\u0131 iddialar\u0131 yalanlanarak, \u00f6l\u00fcm nedeninin ileri ya\u015f, altta yatan di\u011fer hastal\u0131klar ve bunlara ba\u011fl\u0131 organ yetmezlikleri oldu\u011fu belirtildi. <\/p>\n","protected":false},"author":1,"featured_media":0,"comment_status":"open","ping_status":"open","sticky":false,"template":"","format":"standard","meta":{"footnotes":""},"categories":[105],"tags":[],"class_list":["post-45511","post","type-post","status-publish","format-standard","hentry","category-gundem","odd"],"_links":{"self":[{"href":"http:\/\/www.korhanyilmaz.com\/index.php?rest_route=\/wp\/v2\/posts\/45511","targetHints":{"allow":["GET"]}}],"collection":[{"href":"http:\/\/www.korhanyilmaz.com\/index.php?rest_route=\/wp\/v2\/posts"}],"about":[{"href":"http:\/\/www.korhanyilmaz.com\/index.php?rest_route=\/wp\/v2\/types\/post"}],"author":[{"embeddable":true,"href":"http:\/\/www.korhanyilmaz.com\/index.php?rest_route=\/wp\/v2\/users\/1"}],"replies":[{"embeddable":true,"href":"http:\/\/www.korhanyilmaz.com\/index.php?rest_route=%2Fwp%2Fv2%2Fcomments&post=45511"}],"version-history":[{"count":0,"href":"http:\/\/www.korhanyilmaz.com\/index.php?rest_route=\/wp\/v2\/posts\/45511\/revisions"}],"wp:attachment":[{"href":"http:\/\/www.korhanyilmaz.com\/index.php?rest_route=%2Fwp%2Fv2%2Fmedia&parent=45511"}],"wp:term":[{"taxonomy":"category","embeddable":true,"href":"http:\/\/www.korhanyilmaz.com\/index.php?rest_route=%2Fwp%2Fv2%2Fcategories&post=45511"},{"taxonomy":"post_tag","embeddable":true,"href":"http:\/\/www.korhanyilmaz.com\/index.php?rest_route=%2Fwp%2Fv2%2Ftags&post=45511"}],"curies":[{"name":"wp","href":"https:\/\/api.w.org\/{rel}","templated":true}]}}