{"id":45506,"date":"2011-12-29T14:23:36","date_gmt":"2011-12-29T12:23:36","guid":{"rendered":"http:\/\/www.korhanyilmaz.com\/?p=45506"},"modified":"2011-12-29T15:59:24","modified_gmt":"2011-12-29T13:59:24","slug":"chpden-sinir-operasyonuna-sert-tepki","status":"publish","type":"post","link":"http:\/\/www.korhanyilmaz.com\/?p=45506","title":{"rendered":"CHP&#8217;den s\u0131n\u0131r operasyonuna sert tepki"},"content":{"rendered":"<p style=\"text-align: center;\"><a href=\"http:\/\/www.korhanyilmaz.com\/wp-content\/uploads\/2011\/12\/8813.jpg\"  class=\"lightview\"><img loading=\"lazy\" decoding=\"async\" class=\"aligncenter  wp-image-45507\" src=\"http:\/\/www.korhanyilmaz.com\/wp-content\/uploads\/2011\/12\/8813.jpg\" alt=\"\" width=\"288\" height=\"216\" \/><\/a><\/p>\n<p style=\"text-align: justify;\">Sezgin Tanr\u0131kulu: T\u00fcrkiye&#8217;nin sivillere kar\u015f\u0131 alm\u0131\u015f oldu\u011fu ilk sava\u015f karar\u0131. G\u00f6khan G\u00fcnayd\u0131n: Hakettikleri \u00f6ld\u00fcr\u00fclmek de\u011fildi. Salih F\u0131rat: \u0130nsanlar\u0131n imha edilmesi ama\u00e7lanm\u0131\u015f. H\u00fcseyin Ayg\u00fcn: Bu istihbarat sorgulanmal\u0131. Emine \u00dclker Tarhan: Son derece rahats\u0131z edici.<\/p>\n<p style=\"text-align: justify;\">ANKARA &#8211; CHP Genel Ba\u015fkan\u0131 Sezgin Tanr\u0131kulu, Kuzey Irak&#8217;ta d\u00fczenlenen hava harekat\u0131nda \u00f6len ve k\u00f6yl\u00fc olduklar\u0131 \u00f6ne s\u00fcr\u00fclen ki\u015filerle ilgili h\u00fck\u00fcmeti su\u00e7lad\u0131. Tanr\u0131kulu, &#8220;T\u00fcrkiye&#8217;nin sivillere kar\u015f\u0131 alm\u0131\u015f oldu\u011fu ilk sava\u015f karar\u0131d\u0131r. 1990&#8217;l\u0131 y\u0131llarda da benzer olaylar oldu, \u00fcst\u00fc kapat\u0131ld\u0131. Ancak bu olayda sorumlular tespit edilip cezaland\u0131r\u0131lmal\u0131d\u0131r&#8221; dedi.<!--more--><\/p>\n<p style=\"text-align: justify;\">Cumhuriyet Halk Partisi (CHP) Genel Ba\u015fkan Yard\u0131mc\u0131s\u0131 Sezgin Tanr\u0131kulu, Diyarbak\u0131r&#8217;da Ziraat Odas\u0131 Ba\u015fkan\u0131 Bahri Erdim&#8217;i ziyareti s\u0131ras\u0131nda gazetecilerin d\u00fcn gece Kuzey Irak&#8217;taki Sinat b\u00f6lgesinde d\u00fczenlenen s\u0131n\u0131r \u00f6tesi hava harekat\u0131nda \u00f6len ve k\u00f6yl\u00fc oldu\u011fu \u00f6ne s\u00fcr\u00fclen ki\u015filerle ilgili sorular\u0131n\u0131 yan\u0131tlad\u0131. Hava sald\u0131r\u0131s\u0131nda 38 ki\u015finin \u00f6ld\u00fc\u011f\u00fcn\u00fc s\u00f6yleyen Tanr\u0131kulu, son derece \u00fcz\u00fcc\u00fc ve vahim bir olay oldu\u011funu ifade ederek, &#8220;G\u00f6r\u00fcnt\u00fc alan ara\u00e7lar insans\u0131z, ama \u00f6lenler insan, bu h\u00fck\u00fcmetin g\u00f6rmedi\u011fi budur. Jetler oraya bar\u0131\u015f \u00e7i\u00e7ekleri atm\u0131yor. E\u011fer T\u00fcrkiye 2011 y\u0131l\u0131nda geli\u015fmi\u015f u\u00e7aklar\u0131yla bu soruna \u00e7\u00f6z\u00fcm ar\u0131yorsa iktidar\u0131n ay\u0131b\u0131d\u0131r. T\u00fcrkiye&#8217;nin sivillere kar\u015f\u0131 ald\u0131\u011f\u0131 ilk sava\u015f karar\u0131d\u0131r. K\u00fcrt sorununa halen demokrasi d\u0131\u015f\u0131 ara\u00e7lar ile \u00e7\u00f6z\u00fcm aran\u0131yorsa bu bir \u00e7\u0131kmazd\u0131r. Bizim arzumuz bu sorunu bir insan\u0131m\u0131z\u0131n burnu kanamadan \u00e7\u00f6z\u00fclmesidir&#8221; dedi.<\/p>\n<p style=\"text-align: justify;\"><strong>BU OLAYIN \u00dcST\u00dc KAPATILMAMALIDIR<\/strong><\/p>\n<p style=\"text-align: justify;\">CHP&#8217;li Tanr\u0131kulu, &#8220;T\u00fcrkiye&#8217;nin kara s\u0131n\u0131r\u0131nda 1990&#8217;da insanlar bombalan\u0131p \u00f6ld\u00fcr\u00fcld\u00fc. Ancak \u00fcst\u00fc kapat\u0131ld\u0131\u011f\u0131 i\u00e7in bir\u00e7ok dosya A\u0130HM&#8217;ye gitti. 2011 y\u0131l\u0131n\u0131n son g\u00fcn\u00fcnde ya\u015fanan vahim olay\u0131n \u00fcst\u00fc kapat\u0131lmamal\u0131d\u0131r. Hata ve yanl\u0131\u015fl\u0131k kimden kaynaklanm\u0131\u015fsa Parlamento&#8217;da bunu takip\u00e7isi olaca\u011f\u0131z. Sorumlular kimse bunlar\u0131 ortaya \u00e7\u0131kart\u0131p cezaland\u0131r\u0131lmas\u0131 i\u00e7in bu olay\u0131n takip\u00e7isi olaca\u011f\u0131z. Bu olayda siyasi sorumluluk AKP h\u00fck\u00fcmeti, ba\u015fta Ba\u015fbakan, \u0130\u00e7i\u015fleri Bakan\u0131 ve Milli Savunma Bakan\u0131 bu olay\u0131n siyasi sorumlular\u0131 i\u00e7erisindedir. Sorumlulu\u011fu \u00fczerlerinden atamazlar. 10 y\u0131ll\u0131k iktidarlar\u0131 d\u00f6neminde K\u00fcrt sorunu halen \u00e7\u00f6z\u00fclmemi\u015f ise h\u00fck\u00fcmetin ay\u0131b\u0131d\u0131r&#8221; diye konu\u015ftu.<\/p>\n<p style=\"text-align: justify;\"><strong>&#8220;HAK ETT\u0130KLER\u0130 BOMBALANARAK \u00d6LD\u00dcR\u00dcLMEK DE\u011e\u0130LD\u0130&#8221;<\/strong><\/p>\n<p style=\"text-align: justify;\">CHP Genel Ba\u015fkan Yard\u0131mc\u0131s\u0131 G\u00f6khan G\u00fcnayd\u0131n, T\u00fcrkiye-Irak s\u0131n\u0131r\u0131nda meydana gelen olaya ili\u015fkin, &#8221;Bir \u00fclkenin kendi s\u0131n\u0131rlar\u0131n\u0131 korumas\u0131n\u0131 ve i\u00e7 g\u00fcvenli\u011fini garanti alt\u0131na almas\u0131n\u0131 anlay\u0131\u015fla kar\u015f\u0131lamak laz\u0131m&#8221; dedi. G\u00fcnayd\u0131n, partisince TMMOB Konferans Salonu\u2019nda d\u00fczenlenen yerel y\u00f6netimler toplant\u0131s\u0131 \u00f6ncesi bas\u0131n mensuplar\u0131n\u0131n sorular\u0131n\u0131 cevapland\u0131rd\u0131.<\/p>\n<p style=\"text-align: justify;\">Irak\u2019\u0131n kuzeyindeki Sinat-Haftanin b\u00f6lgesinde d\u00fczenlenen operasyonda &#8220;k\u00f6yl\u00fclerin \u00f6ld\u00fcr\u00fcld\u00fc\u011f\u00fc&#8221; iddialar\u0131na ili\u015fkin G\u00fcnayd\u0131n, hen\u00fcz net bilgilerin gelmedi\u011fini s\u00f6yledi. G\u00fcnayd\u0131n, bu nedenle yap\u0131lacak yorumlar\u0131n dikkatli yap\u0131lmas\u0131 gerekti\u011fine i\u015faret ederek, \u015funlar\u0131 s\u00f6yledi: &#8220;Bir \u00fclkenin kendi s\u0131n\u0131rlar\u0131n\u0131 korumas\u0131n\u0131 ve i\u00e7 g\u00fcvenli\u011fini garanti alt\u0131na almas\u0131n\u0131 anlay\u0131\u015fla kar\u015f\u0131lamak laz\u0131m. Ancak istihbari faaliyetlerle, bu istihbari faaliyetler sonras\u0131 yap\u0131lacak operasyonlar\u0131 da dikkatli ger\u00e7ekle\u015ftirmek laz\u0131m. Her ne kadar ka\u00e7ak\u00e7\u0131l\u0131k i\u015flemi yapan ki\u015filer yasa d\u0131\u015f\u0131 bir i\u015flem i\u00e7erisinde olmu\u015f olsalar da hak ettikleri bombalanarak \u00f6ld\u00fcr\u00fclmek de\u011fildir. Emniyet g\u00fc\u00e7lerinin bu alanda yapacaklar\u0131 a\u00e7\u0131klamalardan sonra biz de tavr\u0131m\u0131z\u0131 net olarak belirtece\u011fiz.&#8221;<\/p>\n<p style=\"text-align: justify;\"><strong>&#8220;BU \u0130ST\u0130HBARATI SORGULAMAK GEREK\u0130YOR&#8221;<\/strong><\/p>\n<p style=\"text-align: justify;\">CHP Tunceli Milletvekili H\u00fcseyin Ayg\u00fcn, &#8220;ter\u00f6r \u00f6rg\u00fct\u00fcne y\u00f6nelik operasyon s\u0131ras\u0131nda k\u00f6yl\u00fclerin \u00f6ld\u00fcr\u00fcld\u00fc\u011f\u00fc&#8221; iddias\u0131na ili\u015fkin, &#8220;S\u0131n\u0131r \u00f6tesi harekatlar\u0131n \u00fclkeye ne kadar yararl\u0131 oldu\u011fu konu\u015fulmal\u0131&#8221; dedi. Ayg\u00fcn, TBMM\u2019de CHP Ad\u0131yaman Milletvekili Salih F\u0131rat ile bas\u0131n toplant\u0131s\u0131 d\u00fczenlendi. &#8220;T\u00fcrkiye\u2019nin son aylarda resmen cinnet d\u00f6nemine girdi\u011fini&#8221; iddia eden Ayg\u00fcn, &#8220;Gazeteciler, avukatlar art\u0131k 30\u2019ar, 40\u2019ar tutuklanmaya ba\u015fland\u0131. Tutuklanan gazeteci say\u0131s\u0131 99\u2019u buldu&#8221; dedi.<\/p>\n<p style=\"text-align: justify;\">Ayg\u00fcn, &#8220;Bu nas\u0131l bir istihbarat ki orada mazot ka\u00e7ak\u00e7\u0131l\u0131\u011f\u0131yla ge\u00e7indi\u011fi y\u0131llard\u0131r bilinen k\u00f6yl\u00fcler, bir anda PKK\u2019l\u0131 oluyor ve bombard\u0131manla \u00f6ld\u00fcr\u00fcl\u00fcyor? Bu istihbarat\u0131 sorgulamak gerekiyor. Tezkerenin de sorgulanmas\u0131 gerekiyor. S\u0131n\u0131r \u00f6tesi harekatlar\u0131n \u00fclkeye ne kadar yararl\u0131 oldu\u011fu konu\u015fulmal\u0131&#8221; ifadelerini kulland\u0131.<\/p>\n<p style=\"text-align: justify;\">&#8220;Ter\u00f6r \u00f6rg\u00fct\u00fcne y\u00f6nelik operasyon s\u0131ras\u0131nda k\u00f6yl\u00fclerin \u00f6ld\u00fcr\u00fcld\u00fc\u011f\u00fc&#8221; iddias\u0131na ili\u015fkin Genelkurmay Ba\u015fkanl\u0131\u011f\u0131n\u0131n a\u00e7\u0131klamas\u0131n\u0131 da ele\u015ftiren Ayg\u00fcn, &#8220;Genelkurmay\u2019\u0131n a\u00e7\u0131klamas\u0131n\u0131 biraz \u2019kurunun yan\u0131nda ya\u015f da yan\u0131yor\u2019 gibi alg\u0131lad\u0131m. \u00c7ok \u00fcz\u00fcld\u00fcm&#8221; dedi.<\/p>\n<p style=\"text-align: justify;\"><strong>&#8220;\u0130NSANLARIN \u0130MHA ED\u0130LMES\u0130 AMA\u00c7LANMI\u015e&#8221;<\/strong><\/p>\n<p style=\"text-align: justify;\">CHP\u2019li F\u0131rat da \u0130\u00e7i\u015fleri Bakan\u0131 \u0130dris Naim \u015eahin\u2019in, &#8220;PKK\u2019l\u0131&#8221; diyerek herkesi hedef g\u00f6sterdi\u011fini ileri s\u00fcrd\u00fc. F\u0131rat, &#8220;Burada istihbarat net olarak de\u011ferlendirilip, objektif sonuca gidilememi\u015f. Orada askerin kar\u015f\u0131s\u0131nda silahl\u0131 bir g\u00fc\u00e7 yok. Belli ki \u2019orada canl\u0131 ne varsa \u00f6ld\u00fcr\u00fcls\u00fcn\u2019 diye yap\u0131lm\u0131\u015f. \u0130nsanlar\u0131n imha edilmesi ama\u00e7lanm\u0131\u015f&#8221; iddias\u0131nda bulundu.<\/p>\n<p style=\"text-align: justify;\"><strong>&#8220;SON DERECE RAHATSIZ ED\u0130C\u0130&#8221;<\/strong><\/p>\n<p style=\"text-align: justify;\">Tarhan, ter\u00f6r \u00f6rg\u00fct\u00fcne y\u00f6nelik operasyonda k\u00f6yl\u00fclerin \u00f6ld\u00fcr\u00fcld\u00fc\u011f\u00fc iddialar\u0131na ili\u015fkin soru \u00fczerine, &#8220;Resmi a\u00e7\u0131klaman\u0131n detaylar\u0131n\u0131 bilmiyorum. Ancak sivillerin b\u00f6yle bir ter\u00f6rle m\u00fccadele ortam\u0131nda zarar g\u00f6rmesi, son derece rahats\u0131z edici. Bununla ilgili \u00f6ncelikle resmi a\u00e7\u0131klamay\u0131 g\u00f6rmek istiyorum&#8221; dedi.<\/p>\n<p style=\"text-align: justify;\"><a href=\"http:\/\/www.gazeteport.com.tr\/haber\/70937\/chpden_sinir_operasyonuna_sert_tepki\" target=\"_blank\">Kaynak : GAZETEPORT<\/a><\/p>\n","protected":false},"excerpt":{"rendered":"<p style=\"text-align: center;\">\n<p style=\"text-align: justify;\">Sezgin Tanr\u0131kulu: T\u00fcrkiye&#8217;nin sivillere kar\u015f\u0131 alm\u0131\u015f oldu\u011fu ilk sava\u015f karar\u0131. G\u00f6khan G\u00fcnayd\u0131n: Hakettikleri \u00f6ld\u00fcr\u00fclmek de\u011fildi. Salih F\u0131rat: \u0130nsanlar\u0131n imha edilmesi ama\u00e7lanm\u0131\u015f. H\u00fcseyin Ayg\u00fcn: Bu istihbarat sorgulanmal\u0131. Emine \u00dclker Tarhan: Son derece rahats\u0131z edici.<\/p>\n<p style=\"text-align: justify;\">ANKARA &#8211; CHP Genel Ba\u015fkan\u0131 Sezgin Tanr\u0131kulu, Kuzey Irak&#8217;ta d\u00fczenlenen hava harekat\u0131nda \u00f6len ve k\u00f6yl\u00fc <\/p>\n","protected":false},"author":1,"featured_media":0,"comment_status":"open","ping_status":"open","sticky":false,"template":"","format":"standard","meta":{"footnotes":""},"categories":[105],"tags":[],"class_list":["post-45506","post","type-post","status-publish","format-standard","hentry","category-gundem","odd"],"_links":{"self":[{"href":"http:\/\/www.korhanyilmaz.com\/index.php?rest_route=\/wp\/v2\/posts\/45506","targetHints":{"allow":["GET"]}}],"collection":[{"href":"http:\/\/www.korhanyilmaz.com\/index.php?rest_route=\/wp\/v2\/posts"}],"about":[{"href":"http:\/\/www.korhanyilmaz.com\/index.php?rest_route=\/wp\/v2\/types\/post"}],"author":[{"embeddable":true,"href":"http:\/\/www.korhanyilmaz.com\/index.php?rest_route=\/wp\/v2\/users\/1"}],"replies":[{"embeddable":true,"href":"http:\/\/www.korhanyilmaz.com\/index.php?rest_route=%2Fwp%2Fv2%2Fcomments&post=45506"}],"version-history":[{"count":0,"href":"http:\/\/www.korhanyilmaz.com\/index.php?rest_route=\/wp\/v2\/posts\/45506\/revisions"}],"wp:attachment":[{"href":"http:\/\/www.korhanyilmaz.com\/index.php?rest_route=%2Fwp%2Fv2%2Fmedia&parent=45506"}],"wp:term":[{"taxonomy":"category","embeddable":true,"href":"http:\/\/www.korhanyilmaz.com\/index.php?rest_route=%2Fwp%2Fv2%2Fcategories&post=45506"},{"taxonomy":"post_tag","embeddable":true,"href":"http:\/\/www.korhanyilmaz.com\/index.php?rest_route=%2Fwp%2Fv2%2Ftags&post=45506"}],"curies":[{"name":"wp","href":"https:\/\/api.w.org\/{rel}","templated":true}]}}