{"id":455,"date":"2008-08-14T09:32:47","date_gmt":"2008-08-14T06:32:47","guid":{"rendered":"http:\/\/www.korhanyilmaz.com\/?p=455"},"modified":"2008-08-14T09:32:47","modified_gmt":"2008-08-14T06:32:47","slug":"%e2%80%98turk-gruplarinin%e2%80%99-kanli-hesaplasmasi","status":"publish","type":"post","link":"http:\/\/www.korhanyilmaz.com\/?p=455","title":{"rendered":"\u2018T\u00fcrk gruplar\u0131n\u0131n\u2019 kanl\u0131 hesapla\u015fmas\u0131"},"content":{"rendered":"<p style=\"text-align: center;\"><img loading=\"lazy\" decoding=\"async\" class=\"size-full wp-image-456 aligncenter\" title=\"fft17_mf86837\" src=\"http:\/\/www.korhanyilmaz.com\/wp-content\/uploads\/2008\/08\/fft17_mf86837.jpg\" alt=\"\" width=\"207\" height=\"150\" \/><\/p>\n<p style=\"text-align: justify;\">\u00a0Almanya&#8217;da iki &#8220;T\u00fcrk grubu&#8221; aras\u0131nda ya\u015fanan silahl\u0131 \u00e7at\u0131\u015fmada, biri Yunan ikisi T\u00fcrk \u00fc\u00e7 ki\u015fi hayat\u0131n\u0131 kaybetti.<\/p>\n<p style=\"text-align: justify;\">Almanya&#8217;n\u0131n Hessen eyaletinde \u00f6nceki gece iki &#8220;T\u00fcrk grubu&#8221; aras\u0131nda ya\u015fanan silahl\u0131 \u00e7at\u0131\u015fmada, biri Yunanl\u0131 ikisi T\u00fcrk \u00fc\u00e7 ki\u015fi hayat\u0131n\u0131 kaybetti. Olayla ilgili iki ki\u015fi g\u00f6zalt\u0131na al\u0131nd\u0131.<br \/>\nHessen eyaletine ba\u011fl\u0131 R\u00fcsselsheim kenti, \u00f6nceki ak\u015fam 20.00 s\u0131ralar\u0131nda T\u00fcrkler aras\u0131nda \u00e7\u0131kan silahl\u0131 \u00e7at\u0131\u015fmaya sahne oldu. R\u00fcsselsheim Bahnhof Caddesi&#8217;ndeki bir \u0130talyan dondurmac\u0131s\u0131n\u0131n \u00f6n\u00fcnde oturmakta olan 3 &#8211; 4 ki\u015filik gruba, d\u0131\u015fardan gelen ve \u00f6nceden aralar\u0131nda anla\u015fmazl\u0131k bulundu\u011fu belirtilen 4 &#8211; 5 ki\u015filik bir di\u011fer grup sald\u0131rd\u0131. <!--more--><br \/>\nOlay s\u0131ras\u0131nda iki grubun da tabanca ve b\u0131\u00e7ak kulland\u0131\u011f\u0131 \u00f6\u011frenilirken, \u00e7at\u0131\u015fma sonucu sald\u0131rganlar aras\u0131nda bulunan Tuncelili Deniz Erg\u00fcn (26), Raunheim&#8217;de ya\u015fayan Erkan Karakaya (29) ile Yunanl\u0131 Anna Kostanidos (55) ya\u015fam\u0131n\u0131 yitirdi. Polis, yine sald\u0131rganlar aras\u0131nda bulunan Erdal Erg\u00fcn&#8217;\u00fcn (31) de a\u011f\u0131r yaraland\u0131\u011f\u0131n\u0131 a\u00e7\u0131klad\u0131.<br \/>\nDondurmac\u0131n\u0131n yan\u0131ndaki Yunan restoran\u0131nda \u00e7al\u0131\u015fan Kostanidos&#8217;un olayla hi\u00e7bir ilgisinin olmad\u0131\u011f\u0131, ancak ald\u0131\u011f\u0131 kur\u015fun yaras\u0131yla hayat\u0131n\u0131 kaybetti\u011fi belirtildi. Polis yetkilileri olay\u0131 ara\u015ft\u0131rmak i\u00e7in 150 ki\u015filik \u00f6zel bir komisyon kuruldu\u011funu ve polise ipucu verenlerin 10 bin euro \u00f6d\u00fcl kazanacaklar\u0131n\u0131 duyurdu.<\/p>\n<p style=\"text-align: justify;\">Son nefesini kollar\u0131mda verdi<br \/>\nSavc\u0131l\u0131k yetkilileri, olaya kar\u0131\u015fan iki ki\u015finin ge\u00e7en hafta Mainz kentinde bir anla\u015fmazl\u0131k ya\u015fad\u0131klar\u0131na i\u015faret ederek, bu tart\u0131\u015fma sonras\u0131 yap\u0131lan bir su\u00e7 duyurusunun polis kay\u0131tlar\u0131na ge\u00e7ti\u011fine dikkat \u00e7ekti.<br \/>\nOlayda serseri kur\u015funlara hedef olup ya\u015fam\u0131n\u0131 yitiren Kostanidos&#8217;un e\u015fi Kosta Kostanidos da, e\u015finin kollar\u0131 aras\u0131nda son nefesini verirken &#8220;Kosta ne olur yard\u0131m et&#8221; diye seslendi\u011fini ve bu an\u0131 \u00f6m\u00fcr boyu unutmayaca\u011f\u0131n\u0131 s\u00f6yledi. Kostanidos, Spiegel&#8217;in internet sitesine yapt\u0131\u011f\u0131 a\u00e7\u0131klamada, olay s\u0131ras\u0131nda karde\u015finin i\u015fletti\u011fi Yunan lokantas\u0131nda oldu\u011funu, e\u015fi Anna&#8217;n\u0131n da o\u011flunun kay\u0131nvalidesiyle birlikte kahve i\u00e7ti\u011fini anlatt\u0131.<br \/>\nKostanidos, sokakta silah sesleri duyunca d\u0131\u015far\u0131 f\u0131rlad\u0131\u011f\u0131n\u0131 ve yerde kanlar i\u00e7inde yatan kar\u0131s\u0131n\u0131 g\u00f6r\u00fcnce lokantaya ta\u015f\u0131d\u0131\u011f\u0131n\u0131 belirterek &#8220;Ne yaz\u0131k ki onu kurtaramad\u0131m&#8221; diye konu\u015ftu.<\/p>\n<p style=\"text-align: justify;\"><span style=\"color: #888888;\">Kaynak : milliyet Gazetesi<\/span><\/p>\n","protected":false},"excerpt":{"rendered":"<p style=\"text-align: center;\">\n<p style=\"text-align: justify;\"> Almanya&#8217;da iki &#8220;T\u00fcrk grubu&#8221; aras\u0131nda ya\u015fanan silahl\u0131 \u00e7at\u0131\u015fmada, biri Yunan ikisi T\u00fcrk \u00fc\u00e7 ki\u015fi hayat\u0131n\u0131 kaybetti.<\/p>\n<p style=\"text-align: justify;\">Almanya&#8217;n\u0131n Hessen eyaletinde \u00f6nceki gece iki &#8220;T\u00fcrk grubu&#8221; aras\u0131nda ya\u015fanan silahl\u0131 \u00e7at\u0131\u015fmada, biri Yunanl\u0131 ikisi T\u00fcrk \u00fc\u00e7 ki\u015fi hayat\u0131n\u0131 kaybetti. Olayla ilgili iki ki\u015fi g\u00f6zalt\u0131na al\u0131nd\u0131. Hessen eyaletine ba\u011fl\u0131 R\u00fcsselsheim kenti, <\/p>\n","protected":false},"author":1,"featured_media":0,"comment_status":"open","ping_status":"open","sticky":false,"template":"","format":"standard","meta":{"footnotes":""},"categories":[3],"tags":[],"class_list":["post-455","post","type-post","status-publish","format-standard","hentry","category-dunya","odd"],"_links":{"self":[{"href":"http:\/\/www.korhanyilmaz.com\/index.php?rest_route=\/wp\/v2\/posts\/455","targetHints":{"allow":["GET"]}}],"collection":[{"href":"http:\/\/www.korhanyilmaz.com\/index.php?rest_route=\/wp\/v2\/posts"}],"about":[{"href":"http:\/\/www.korhanyilmaz.com\/index.php?rest_route=\/wp\/v2\/types\/post"}],"author":[{"embeddable":true,"href":"http:\/\/www.korhanyilmaz.com\/index.php?rest_route=\/wp\/v2\/users\/1"}],"replies":[{"embeddable":true,"href":"http:\/\/www.korhanyilmaz.com\/index.php?rest_route=%2Fwp%2Fv2%2Fcomments&post=455"}],"version-history":[{"count":0,"href":"http:\/\/www.korhanyilmaz.com\/index.php?rest_route=\/wp\/v2\/posts\/455\/revisions"}],"wp:attachment":[{"href":"http:\/\/www.korhanyilmaz.com\/index.php?rest_route=%2Fwp%2Fv2%2Fmedia&parent=455"}],"wp:term":[{"taxonomy":"category","embeddable":true,"href":"http:\/\/www.korhanyilmaz.com\/index.php?rest_route=%2Fwp%2Fv2%2Fcategories&post=455"},{"taxonomy":"post_tag","embeddable":true,"href":"http:\/\/www.korhanyilmaz.com\/index.php?rest_route=%2Fwp%2Fv2%2Ftags&post=455"}],"curies":[{"name":"wp","href":"https:\/\/api.w.org\/{rel}","templated":true}]}}