{"id":45497,"date":"2011-12-29T08:58:25","date_gmt":"2011-12-29T06:58:25","guid":{"rendered":"http:\/\/www.korhanyilmaz.com\/?p=45497"},"modified":"2011-12-29T16:12:07","modified_gmt":"2011-12-29T14:12:07","slug":"sinirda-hava-harekati-35-olu","status":"publish","type":"post","link":"http:\/\/www.korhanyilmaz.com\/?p=45497","title":{"rendered":"S\u0131n\u0131rda hava harekat\u0131: 35 \u00f6l\u00fc"},"content":{"rendered":"<p style=\"text-align: center;\"><a href=\"http:\/\/www.korhanyilmaz.com\/wp-content\/uploads\/2011\/12\/8810.jpg\"  class=\"lightview\"><img loading=\"lazy\" decoding=\"async\" class=\"aligncenter  wp-image-45498\" src=\"http:\/\/www.korhanyilmaz.com\/wp-content\/uploads\/2011\/12\/8810.jpg\" alt=\"\" width=\"462\" height=\"210\" \/><\/a><\/p>\n<p style=\"text-align: justify;\">PKK&#8217;n\u0131n Kuzey Irak&#8217;ta s\u0131n\u0131r noktas\u0131na d\u00fczenledi\u011fi hava operasyonunda 35 ki\u015fi \u00f6ld\u00fc. S\u0131n\u0131r k\u00f6yl\u00fcleri \u00f6lenlerin akaryak\u0131t ka\u00e7ak\u00e7\u0131s\u0131 olduklar\u0131n\u0131 ileri s\u00fcrerken, Genelkurmay grubun aras\u0131na PKK&#8217;l\u0131 ter\u00f6ristlerin s\u0131zd\u0131\u011f\u0131n\u0131n belirlendi\u011fini a\u00e7\u0131klad\u0131.<\/p>\n<p style=\"text-align: justify;\">\u015eIRNAK &#8211; \u015e\u0131rnak\u2019\u0131n Uludere \u0130l\u00e7esi\u2019nin s\u0131n\u0131r kesiminde yo\u011funla\u015fan bombard\u0131manda ilk bilgilere g\u00f6re 35 ki\u015fi ya\u015fam\u0131n\u0131 yitirdi. S\u0131n\u0131rdaki k\u00f6yl\u00fcler, \u00f6lenlerin PKK\u2019l\u0131 de\u011fil, Irak\u2019tan kat\u0131rlarla mazot getiren ka\u00e7ak\u00e7\u0131lar oldu\u011funu s\u00f6yledi.\u00a0<!--more--><\/p>\n<p style=\"text-align: justify;\">PKK\u2019n\u0131n hem yurt i\u00e7indeki hem de Irak topraklar\u0131ndaki kamplar\u0131na y\u00f6nelik hava operasyonlar\u0131ndan biri d\u00fcn gece ger\u00e7ekle\u015ftirildi. \u0130nsans\u0131z Hava Ara\u00e7lar\u0131 (\u0130HA) ve termal kameralar \u015e\u0131rnak\u2019\u0131n Uludere \u0130l\u00e7esi\u2019ne ba\u011fl\u0131 Ortasu K\u00f6y\u00fc\u2019n\u00fcn kar\u015f\u0131s\u0131nda s\u0131n\u0131r\u0131n Irak taraf\u0131nda kalabal\u0131k bir grubu saptay\u0131nca, sava\u015f u\u00e7aklar\u0131 havaland\u0131. Saat 23.00 s\u0131ralar\u0131nda ba\u015flayan bombard\u0131manda 35 ki\u015fi \u00f6ld\u00fc.<\/p>\n<p style=\"text-align: justify;\">Bombard\u0131man\u0131n ard\u0131ndan, \u00f6lenlerin PKK\u2019l\u0131 de\u011fil Ortasu ve G\u00fclyaz\u0131 k\u00f6yl\u00fclerinden Kuzey Irak\u2019tan ka\u00e7ak mazot getiren 18- 20 ya\u015flar\u0131ndaki ki\u015filer oldu\u011fu ileri s\u00fcr\u00fcld\u00fc. Bombard\u0131man b\u00f6lgesinden 4 ceset \u015e\u0131rnak Devlet Hastanesi\u2019ne getirilirken, bir \u00e7ok yanm\u0131\u015f ceset de k\u00f6yl\u00fcler taraf\u0131ndan trakt\u00f6r ve kat\u0131r s\u0131rtlar\u0131nda Ortasu K\u00f6y\u00fc\u2019ne getirildi.<\/p>\n<p style=\"text-align: justify;\">Bombard\u0131man s\u0131ras\u0131nda kat\u0131rlardaki yak\u0131t bidonlar\u0131n\u0131n alev ald\u0131\u011f\u0131, cesetlerin \u00e7o\u011funun bu nedenle yand\u0131\u011f\u0131, baz\u0131lar\u0131n\u0131n da s\u0131\u011f\u0131nd\u0131klar\u0131 kayan\u0131n bombadan y\u0131k\u0131l\u0131nca alt\u0131nda kal\u0131p \u00f6ld\u00fc\u011f\u00fc ileri s\u00fcr\u00fcld\u00fc. Yetkililer olay\u0131n Irak topraklar\u0131nda meydana geldi\u011fini ve soru\u015fturman\u0131n s\u00fcrd\u00fc\u011f\u00fcn\u00fc belirterek daha sonra resmi a\u00e7\u0131klama yap\u0131laca\u011f\u0131n\u0131 s\u00f6yledi.<\/p>\n<p style=\"text-align: justify;\"><strong>VAL\u0130L\u0130K: 35 \u00d6L\u00dc<\/strong><\/p>\n<p style=\"text-align: justify;\">\u015e\u0131rnak Valisi Vahdettin \u00d6zkan, Irak s\u0131n\u0131r\u0131nda 20\u2019nin \u00fczerinde ki\u015finin \u00f6l\u00fcm\u00fcyle sonu\u00e7lanan bir olay ya\u015fand\u0131\u011f\u0131n\u0131 ve t\u00fcm y\u00f6nleriyle ara\u015ft\u0131r\u0131ld\u0131\u011f\u0131n\u0131 bildirdi.\u00d6zkan yapt\u0131\u011f\u0131 a\u00e7\u0131klamada, olay\u0131n nas\u0131l oldu\u011fu konusunda kesin bir bilginin olmad\u0131\u011f\u0131n\u0131 belirterek, &#8220;Sadece 20\u2019nin \u00fczerinde ki\u015finin \u00f6ld\u00fc\u011f\u00fc y\u00f6n\u00fcnde bilgi var. Konuyla ilgili valilikte kriz merkezi olu\u015fturuldu. Olay yerine savc\u0131 ve kolluk birimleri g\u00f6nderildi. Olay t\u00fcm detay\u0131yla ara\u015ft\u0131r\u0131l\u0131yor&#8221; dedi.<\/p>\n<p style=\"text-align: justify;\">\u015e\u0131rnak Valili\u011fi, s\u0131n\u0131rdaki olayda 35 ki\u015finin \u00f6ld\u00fc\u011f\u00fcn\u00fc, 1 ki\u015finin yaraland\u0131\u011f\u0131n\u0131 belirtti.<\/p>\n<p style=\"text-align: justify;\">\u015e\u0131rnak Valili\u011fi Kriz Merkezi&#8217;nden konuyla ilgili yap\u0131lan yaz\u0131l\u0131 a\u00e7\u0131klamada, &#8221;Irak&#8217;\u0131n ilimiz Uludere il\u00e7esine yak\u0131n s\u0131n\u0131r\u0131nda 28.12.2011 \u00c7ar\u015famba g\u00fcn\u00fc ger\u00e7ekle\u015ftirilen hava harekat\u0131 sonucunda 35 ki\u015fi hayat\u0131n\u0131 kaybetmi\u015f, 1 ki\u015fi yaralanm\u0131\u015ft\u0131r. Konu ile ilgili gerekli adli ve idari tahkikat ba\u015flat\u0131lm\u0131\u015ft\u0131r&#8221; denildi.<\/p>\n<p style=\"text-align: justify;\"><strong>35 K\u0130\u015e\u0130N\u0130N K\u0130ML\u0130KLER\u0130 BEL\u0130RLEND\u0130<\/strong><\/p>\n<p style=\"text-align: justify;\">Ya\u015fam\u0131n\u0131 yitirenlerin isimleri \u015f\u00f6yle: Seyit En\u00e7, \u00d6zcan Uysal (15), Mehmet Enc\u00fc, Nevzat Enc\u00fc, Hamza Enc\u00fc, \u015eervan Enc\u00fc, Cemal Enc\u00fc (15), Osman Enc\u00fc, \u015eivan Enc\u00fc, Bilal Enc\u00fc, Mehmet Ali Tosun, Nadir Alma, Mahsun Enc\u00fc, Salih Enc\u00fc, Hakiki Enc\u00fc, Y\u00fcksel \u00dcrek, Salik \u00dcrek, Serhat Enc\u00fc, Adem And, Sava\u015f Enc\u00fc, Selahattin Enc\u00fc, Bedran Enc\u00fc, H\u00fcseyin Enc\u00fc, Aslan Enc\u00fc, Cevat Enc\u00fc, Erkan Enc\u00fc, Selman Enc\u00fc, Orhan Enc\u00fc, Fad\u0131l Enc\u00fc, Vedat Enc\u00fc, Cihan Enc\u00fc, Fikret Enc\u00fc, H\u00fcseyin Enc\u00fc, Erkan Enc\u00fc, Zeydin Enc\u00fc, \u00c7etin Enc\u00fc.<\/p>\n<p style=\"text-align: justify;\">Adli T\u0131p Kurumu&#8217;na g\u00f6t\u00fcr\u00fclmek istenen cenazelerin aileler izin vermedi\u011fi i\u00e7in bekletildi\u011fi \u00f6\u011frenildi.<\/p>\n<p style=\"text-align: justify;\"><strong>ARALARINDA KORUCU VE \u00d6\u011eRENC\u0130LER VAR<\/strong><\/p>\n<p style=\"text-align: justify;\">\u00d6len 35 ki\u015fi aras\u0131nda ge\u00e7ici k\u00f6y korucular\u0131 ile \u00f6\u011frencilerin de bulundu\u011fu \u00f6ne s\u00fcr\u00fcl\u00fcrken, 3 cesedin \u015e\u0131rnak Devlet Hastanesi&#8217;nde oldu\u011fu, di\u011ferlerinin k\u00f6yl\u00fcler taraf\u0131ndan olay yerinden al\u0131nd\u0131\u011f\u0131 belirtildi.<\/p>\n<p style=\"text-align: justify;\">K\u00f6yl\u00fclerin kat\u0131r s\u0131rt\u0131nda ve trakt\u00f6rlerle \u00f6nce Irak s\u0131n\u0131r\u0131n\u0131n s\u0131f\u0131r noktas\u0131ndaki Ortasu K\u00f6y\u00fc&#8217;ne getirilen cesetler, buradan daha b\u00fcy\u00fck k\u00f6y olan G\u00fclyaz\u0131&#8217;ya K\u00f6y\u00fc&#8217;ne g\u00f6t\u00fcr\u00fcld\u00fc. K\u00f6yl\u00fcler, otopsinin k\u00f6ydeki Sa\u011fl\u0131k Oca\u011f\u0131&#8217;nda yap\u0131lmas\u0131n\u0131 istedi.<\/p>\n<p style=\"text-align: justify;\"><strong>CESETLER KEP\u00c7E YARDIMIYLA \u00c7IKARILACAK<\/strong><\/p>\n<p style=\"text-align: justify;\">Uludere Belediye Ba\u015fkan\u0131 Fehmi Yaman d\u00fcn geceden beri olay yerinde oldu\u011funu s\u00f6yleyerek, &#8220;Olay T\u00fcrkiye s\u0131n\u0131rlar\u0131nda k\u00f6ye yak\u0131n bir yerde ger\u00e7ekle\u015fiyor. Buradaki k\u00f6yl\u00fcler Irak&#8217;tan malzeme al\u0131p geri geliyorlarm\u0131\u015f. K\u00f6ye d\u00f6nerlerken \u00f6nleri tutulmu\u015f, k\u00f6ye gitmelerine izin vermemi\u015fler. Onlar geri d\u00f6n\u00fc\u015f yolundayken u\u00e7ak bombalam\u0131\u015f. Kurtulan bir ki\u015fi var.<\/p>\n<p style=\"text-align: justify;\">\u015eu an k\u00f6yde mevcut cenaze say\u0131s\u0131 36-37 civar\u0131nda. Ama par\u00e7alanm\u0131\u015f cesetler var. Bulunmayan par\u00e7alar var, cesetlerin \u00e7o\u011fu yanm\u0131\u015f. Patlama s\u0131ras\u0131nda kaya alt\u0131nda kalan cesetler var. Olay yerindeki cesetler insan g\u00fcc\u00fcyle \u00e7\u0131kart\u0131lam\u0131yor. \u015eu an dozerler, kep\u00e7eler getiriliyor, kayalar\u0131 kald\u0131racaklar&#8221; diye konu\u015ftu. Ortasu K\u00f6y\u00fc muhtar\u0131 da \u015fu an itibariyla 36 \u00f6l\u00fc oldu\u011funu belirterek, &#8220;Bombalamadan kurtulan tek ki\u015fi \u015fimdi hastanede. \u00d6lenlerin ya\u015flar\u0131 \u00e7ok gen\u00e7. Mazot almaya gitmi\u015flerdi&#8221; dedi.<\/p>\n<p style=\"text-align: justify;\"><a href=\"http:\/\/www.gazeteport.com.tr\/haber\/70834\/jetler_koyluleri_vurdu_iddiasi\" target=\"_blank\">Kaynak : GAZETEPORT<\/a><\/p>\n","protected":false},"excerpt":{"rendered":"<p style=\"text-align: center;\">\n<p style=\"text-align: justify;\">PKK&#8217;n\u0131n Kuzey Irak&#8217;ta s\u0131n\u0131r noktas\u0131na d\u00fczenledi\u011fi hava operasyonunda 35 ki\u015fi \u00f6ld\u00fc. S\u0131n\u0131r k\u00f6yl\u00fcleri \u00f6lenlerin akaryak\u0131t ka\u00e7ak\u00e7\u0131s\u0131 olduklar\u0131n\u0131 ileri s\u00fcrerken, Genelkurmay grubun aras\u0131na PKK&#8217;l\u0131 ter\u00f6ristlerin s\u0131zd\u0131\u011f\u0131n\u0131n belirlendi\u011fini a\u00e7\u0131klad\u0131.<\/p>\n<p style=\"text-align: justify;\">\u015eIRNAK &#8211; \u015e\u0131rnak\u2019\u0131n Uludere \u0130l\u00e7esi\u2019nin s\u0131n\u0131r kesiminde yo\u011funla\u015fan bombard\u0131manda ilk bilgilere g\u00f6re 35 ki\u015fi ya\u015fam\u0131n\u0131 yitirdi. S\u0131n\u0131rdaki k\u00f6yl\u00fcler, \u00f6lenlerin PKK\u2019l\u0131 de\u011fil, <\/p>\n","protected":false},"author":1,"featured_media":0,"comment_status":"open","ping_status":"open","sticky":false,"template":"","format":"standard","meta":{"footnotes":""},"categories":[105],"tags":[],"class_list":["post-45497","post","type-post","status-publish","format-standard","hentry","category-gundem","odd"],"_links":{"self":[{"href":"http:\/\/www.korhanyilmaz.com\/index.php?rest_route=\/wp\/v2\/posts\/45497","targetHints":{"allow":["GET"]}}],"collection":[{"href":"http:\/\/www.korhanyilmaz.com\/index.php?rest_route=\/wp\/v2\/posts"}],"about":[{"href":"http:\/\/www.korhanyilmaz.com\/index.php?rest_route=\/wp\/v2\/types\/post"}],"author":[{"embeddable":true,"href":"http:\/\/www.korhanyilmaz.com\/index.php?rest_route=\/wp\/v2\/users\/1"}],"replies":[{"embeddable":true,"href":"http:\/\/www.korhanyilmaz.com\/index.php?rest_route=%2Fwp%2Fv2%2Fcomments&post=45497"}],"version-history":[{"count":0,"href":"http:\/\/www.korhanyilmaz.com\/index.php?rest_route=\/wp\/v2\/posts\/45497\/revisions"}],"wp:attachment":[{"href":"http:\/\/www.korhanyilmaz.com\/index.php?rest_route=%2Fwp%2Fv2%2Fmedia&parent=45497"}],"wp:term":[{"taxonomy":"category","embeddable":true,"href":"http:\/\/www.korhanyilmaz.com\/index.php?rest_route=%2Fwp%2Fv2%2Fcategories&post=45497"},{"taxonomy":"post_tag","embeddable":true,"href":"http:\/\/www.korhanyilmaz.com\/index.php?rest_route=%2Fwp%2Fv2%2Ftags&post=45497"}],"curies":[{"name":"wp","href":"https:\/\/api.w.org\/{rel}","templated":true}]}}