{"id":45490,"date":"2011-12-29T00:23:55","date_gmt":"2011-12-28T22:23:55","guid":{"rendered":"http:\/\/www.korhanyilmaz.com\/?p=45490"},"modified":"2011-12-29T01:27:47","modified_gmt":"2011-12-28T23:27:47","slug":"uc-polisin-arasinda-cinayet","status":"publish","type":"post","link":"http:\/\/www.korhanyilmaz.com\/?p=45490","title":{"rendered":"\u00dc\u00e7 polisin aras\u0131nda cinayet!"},"content":{"rendered":"<p style=\"text-align: center;\"><a href=\"http:\/\/www.korhanyilmaz.com\/wp-content\/uploads\/2011\/12\/8809.jpg\"  class=\"lightview\"><img loading=\"lazy\" decoding=\"async\" class=\"aligncenter  wp-image-45491\" src=\"http:\/\/www.korhanyilmaz.com\/wp-content\/uploads\/2011\/12\/8809.jpg\" alt=\"\" width=\"322\" height=\"241\" \/><\/a><\/p>\n<p style=\"text-align: justify;\">Ad\u0131yaman&#8217;\u0131n Kahta il\u00e7esinde, evden ka\u00e7t\u0131ktan sonra polis taraf\u0131ndan bulunarak ailesine teslim edilen gen\u00e7 k\u0131z, darp ve tehdit edildi\u011fi gerek\u00e7esiyle, polis nezaretinde ayr\u0131lmak \u00fczere geldi\u011fi evde, karde\u015fleri taraf\u0131ndan b\u0131\u00e7aklanarak \u00f6ld\u00fcr\u00fcld\u00fc.<!--more--><\/p>\n<p style=\"text-align: justify;\">Ad\u0131yaman- Mustafa Kemal Caddesi \u00fczerinde bulunan i\u015f yerinde, Hacer A. (21) tart\u0131\u015ft\u0131\u011f\u0131 karde\u015fleri A.K. (24) ve M.K. (17) taraf\u0131ndan b\u0131\u00e7akland\u0131.<\/p>\n<p style=\"text-align: justify;\">A\u011f\u0131r yaralanan ve olay yerine gelen sa\u011fl\u0131k ekipleri taraf\u0131ndan Kahta Devlet Hastanesine kald\u0131r\u0131lan Hacer A, yap\u0131lan m\u00fcdahaleye kar\u015f\u0131n kurtar\u0131lamad\u0131.<\/p>\n<p style=\"text-align: justify;\">Polis ekipleri, olayla ilgili olarak Hacer A&#8217;n\u0131n karde\u015fleri A.K. (24), M.K. (17), annesi M.K. ile babas\u0131 O.A&#8217;y\u0131 g\u00f6zalt\u0131na ald\u0131.<\/p>\n<p style=\"text-align: justify;\">\u0130ddiaya g\u00f6re, bir s\u00fcre \u00f6nce evden ka\u00e7an Hacer A&#8217;n\u0131n ailesi, k\u0131zlar\u0131n\u0131n bulunmas\u0131 i\u00e7in polise ba\u015fvurdu. Ailenin ihbar\u0131 \u00fczerine harekete ge\u00e7en polis ekipleri, Hacer A&#8217;y\u0131, \u015eanl\u0131urfa&#8217;da bularak ailesine teslim etti. Hacer A, ailesine teslim edildikten sonra, karakola gelerek, ailesi taraf\u0131ndan darp ve tehdit edildi\u011fini \u00f6ne s\u00fcr\u00fcp \u015fikayet\u00e7i oldu.<\/p>\n<p style=\"text-align: justify;\">Polis ekiplerinin nezaretinde e\u015fyalar\u0131n\u0131 almak \u00fczere babas\u0131n\u0131n evine gelen Hacer A, babas\u0131 ve karde\u015fleri ile tart\u0131\u015ft\u0131. Tart\u0131\u015fma \u00fczerine evlerinin alt kat\u0131nda bulunan i\u015f yerlerine ka\u00e7an Hacer A, buraya gelen karde\u015fleri M.K. ile A.K. taraf\u0131ndan b\u0131\u00e7akland\u0131. Bunun \u00fczerine olay yerinde bulunan polis ekipleri M.K. ve A.K&#8217;yi etkisiz hale getirerek kulland\u0131klar\u0131 iki b\u0131\u00e7akla birlikte g\u00f6zalt\u0131na ald\u0131.<\/p>\n<p style=\"text-align: justify;\">Yetkililer, olayla ilgili olarak 4 ki\u015finin g\u00f6zalt\u0131na al\u0131nd\u0131\u011f\u0131n\u0131, soru\u015fturman\u0131n s\u00fcrd\u00fcr\u00fcld\u00fc\u011f\u00fcn\u00fc bildirdiler.<\/p>\n<p style=\"text-align: justify;\">Valilik: Ailesine de\u011fil, Sosyal Politikalar \u0130l M\u00fcd\u00fcrl\u00fc\u011f\u00fcne teslim edildi<\/p>\n<p style=\"text-align: justify;\">Ad\u0131yaman Valili\u011fi, Kahta il\u00e7esinde karde\u015fleri taraf\u0131ndan b\u0131\u00e7akla \u00f6ld\u00fcr\u00fclen gen\u00e7 k\u0131z\u0131n, &#8221;polis taraf\u0131ndan ailesine de\u011fil, Aile ve Sosyal Politikalar \u0130l M\u00fcd\u00fcrl\u00fc\u011f\u00fcne teslim edildi\u011fini, buradan evine d\u00f6nen gen\u00e7 k\u0131z\u0131n, anne ve babas\u0131 taraf\u0131ndan zorla al\u0131konuldu\u011funu&#8221; bildirdi.<\/p>\n<p style=\"text-align: justify;\">Ad\u0131yaman Valisi Ramazan Sodan imzal\u0131 yaz\u0131l\u0131 a\u00e7\u0131klamada, \u015fu ifadelere yer verildi:<\/p>\n<p style=\"text-align: justify;\">&#8221;\u0130limiz Kahta il\u00e7esinde karde\u015fleri taraf\u0131ndan b\u0131\u00e7aklanan Hacer A. (21) ile ilgili olarak, 16.09.2011 tarihinde \u00dczeyir A. (23) polis merkezimize gelerek k\u0131z karde\u015fi olan Hacer A&#8217;n\u0131n kayboldu\u011funu beyanla arama kayd\u0131na al\u0131nm\u0131\u015f, kay\u0131p Hacer A. 17.09.2011 tarihinde \u015eanl\u0131urfa Asayi\u015f \u015eube M\u00fcd\u00fcrl\u00fc\u011f\u00fc ekiplerince bulunarak yap\u0131lan i\u015flemin ard\u0131ndan \u015eanl\u0131urfa Aile ve Sosyal Politikalar \u0130l M\u00fcd\u00fcrl\u00fc\u011f\u00fcne teslim edilmi\u015ftir. Hacer A. 28.12.2011 g\u00fcn\u00fc polis merkezimize gelerek babas\u0131 Osman A. ve annesi Makbule A. taraf\u0131ndan zorla evde al\u0131konuldu\u011funu, darbedildi\u011fini, d\u0131\u015far\u0131 \u00e7\u0131kmas\u0131 halinde \u00f6l\u00fcmle tehdit edildi\u011fini, Aile ve Sosyal Politikalar \u0130l M\u00fcd\u00fcrl\u00fc\u011f\u00fcne teslim edilmek istemedi\u011fini, evde bulunan e\u015fyalar\u0131n\u0131 almak istedi\u011fini beyan ederek davac\u0131 ve \u015fikayet\u00e7i oldu\u011funu belirtmi\u015ftir.<\/p>\n<p style=\"text-align: justify;\">Olay n\u00f6bet\u00e7i cumhuriyet savc\u0131s\u0131na bildirilmi\u015f bilgi ve talimatlar\u0131 do\u011frultusunda ma\u011fdur Hacer A. ile birlikte 7425 kod nolu ekip otosu i\u00e7erisinde 3 g\u00f6revli refakatinde ikametlerine e\u015fyalar\u0131 al\u0131nmak \u00fczere gidilmi\u015f, ikamette e\u015fyalar\u0131n\u0131 ald\u0131\u011f\u0131 s\u0131rada \u00e7\u0131kan karga\u015fadan faydalanan karde\u015fleri \u00dczeyir A. (23) ile Mehmet A. (16) taraf\u0131ndan b\u0131\u00e7akla yaralam\u0131\u015f, her iki \u015f\u00fcpheli g\u00f6revlilerce etkisiz hale getirilerek su\u00e7 aleti olan iki adet b\u0131\u00e7ak ile birlikte yakalanm\u0131\u015ft\u0131r.<\/p>\n<p style=\"text-align: justify;\">Yaral\u0131 Hacer A. olay yerine g\u00f6nderilen ambulansla gerekli tedavisi i\u00e7in Kahta Devlet Hastanesine g\u00f6t\u00fcr\u00fclm\u00fc\u015f ancak yap\u0131lan b\u00fct\u00fcn m\u00fcdahalelere ra\u011fmen vefat etmi\u015ftir.<\/p>\n<p style=\"text-align: justify;\">Olayla ilgili olarak g\u00fcn\u00fcn n\u00f6bet\u00e7i Cumhuriyet Savc\u0131s\u0131n\u0131n talimat\u0131 ile tahkikata ba\u015flanm\u0131\u015f olup, konu Valili\u011fimizce de yak\u0131ndan takip edilmektedir.&#8221;<\/p>\n<p style=\"text-align: justify;\"><a href=\"http:\/\/www.cumhuriyet.com.tr\/?hn=303792&amp;kw=%DC%E7+polisin+aras%FDnda+cinayet!\" target=\"_blank\">Kaynak : Cumhuriyet Haber Portal\u0131<\/a><\/p>\n","protected":false},"excerpt":{"rendered":"<p style=\"text-align: center;\">\n<p style=\"text-align: justify;\">Ad\u0131yaman&#8217;\u0131n Kahta il\u00e7esinde, evden ka\u00e7t\u0131ktan sonra polis taraf\u0131ndan bulunarak ailesine teslim edilen gen\u00e7 k\u0131z, darp ve tehdit edildi\u011fi gerek\u00e7esiyle, polis nezaretinde ayr\u0131lmak \u00fczere geldi\u011fi evde, karde\u015fleri taraf\u0131ndan b\u0131\u00e7aklanarak \u00f6ld\u00fcr\u00fcld\u00fc.<\/p>\n","protected":false},"author":1,"featured_media":0,"comment_status":"open","ping_status":"open","sticky":false,"template":"","format":"standard","meta":{"footnotes":""},"categories":[105],"tags":[],"class_list":["post-45490","post","type-post","status-publish","format-standard","hentry","category-gundem","odd"],"_links":{"self":[{"href":"http:\/\/www.korhanyilmaz.com\/index.php?rest_route=\/wp\/v2\/posts\/45490","targetHints":{"allow":["GET"]}}],"collection":[{"href":"http:\/\/www.korhanyilmaz.com\/index.php?rest_route=\/wp\/v2\/posts"}],"about":[{"href":"http:\/\/www.korhanyilmaz.com\/index.php?rest_route=\/wp\/v2\/types\/post"}],"author":[{"embeddable":true,"href":"http:\/\/www.korhanyilmaz.com\/index.php?rest_route=\/wp\/v2\/users\/1"}],"replies":[{"embeddable":true,"href":"http:\/\/www.korhanyilmaz.com\/index.php?rest_route=%2Fwp%2Fv2%2Fcomments&post=45490"}],"version-history":[{"count":0,"href":"http:\/\/www.korhanyilmaz.com\/index.php?rest_route=\/wp\/v2\/posts\/45490\/revisions"}],"wp:attachment":[{"href":"http:\/\/www.korhanyilmaz.com\/index.php?rest_route=%2Fwp%2Fv2%2Fmedia&parent=45490"}],"wp:term":[{"taxonomy":"category","embeddable":true,"href":"http:\/\/www.korhanyilmaz.com\/index.php?rest_route=%2Fwp%2Fv2%2Fcategories&post=45490"},{"taxonomy":"post_tag","embeddable":true,"href":"http:\/\/www.korhanyilmaz.com\/index.php?rest_route=%2Fwp%2Fv2%2Ftags&post=45490"}],"curies":[{"name":"wp","href":"https:\/\/api.w.org\/{rel}","templated":true}]}}