{"id":45485,"date":"2011-12-28T23:05:59","date_gmt":"2011-12-28T21:05:59","guid":{"rendered":"http:\/\/www.korhanyilmaz.com\/?p=45485"},"modified":"2011-12-29T01:39:42","modified_gmt":"2011-12-28T23:39:42","slug":"partinin-silivriden-ne-farki-var","status":"publish","type":"post","link":"http:\/\/www.korhanyilmaz.com\/?p=45485","title":{"rendered":"Partisini &#8220;Silivri&#8217;ye&#8221; benzetti"},"content":{"rendered":"<div id=\"attachment_45486\" style=\"width: 332px\" class=\"wp-caption aligncenter\"><a href=\"http:\/\/www.korhanyilmaz.com\/wp-content\/uploads\/2011\/12\/8808.jpg\"  class=\"lightview\"><img loading=\"lazy\" decoding=\"async\" aria-describedby=\"caption-attachment-45486\" class=\" wp-image-45486\" src=\"http:\/\/www.korhanyilmaz.com\/wp-content\/uploads\/2011\/12\/8808.jpg\" alt=\"\" width=\"322\" height=\"241\" \/><\/a><p id=\"caption-attachment-45486\" class=\"wp-caption-text\">Z\u00fchal Saml\u0131<\/p><\/div>\n<p style=\"text-align: justify;\">CHP Kad\u0131n Kollar\u0131 Genel Ba\u015fkanl\u0131\u011f\u0131 g\u00f6revinden al\u0131nan Z\u00fchal Saml\u0131, &#8221;T\u00fcrkiye&#8217;de \u00f6zg\u00fcr d\u00fc\u015f\u00fcncelerini ifade ettikleri i\u00e7in bug\u00fcn Silivri&#8217;de olanlarla, partide \u00f6zg\u00fcr d\u00fc\u015f\u00fcncelerini ifade edenler aras\u0131ndaki fark nedir?&#8221; dedi.<\/p>\n<p style=\"text-align: justify;\">Ankara- Saml\u0131, g\u00f6revden al\u0131nan baz\u0131 y\u00f6netim kurulu \u00fcyeleri ile parti genel merkezinde d\u00fczenledi\u011fi bas\u0131n toplant\u0131s\u0131nda, 21 Kas\u0131m 2010 tarihinde Kad\u0131n Kollar\u0131 Genel Ba\u015fkanl\u0131\u011f\u0131 g\u00f6revine atand\u0131\u011f\u0131n\u0131, \u00f6nceki g\u00fcn yap\u0131lan Merkez Y\u00f6netim Kurulu (MYK) toplant\u0131s\u0131nda ise g\u00f6revden al\u0131nd\u0131\u011f\u0131n\u0131 s\u00f6yledi.<!--more--><\/p>\n<p style=\"text-align: justify;\">19 Aral\u0131k&#8217;ta ger\u00e7ekle\u015ftirilen MYK toplant\u0131s\u0131nda kendisinin g\u00f6revden al\u0131nmas\u0131 teklif edildi\u011finde, MYK \u00fcyelerinin &#8221;Z\u00fchal Saml\u0131 \u00e7ok ba\u015far\u0131l\u0131 bir kad\u0131n kollar\u0131 genel ba\u015fkan\u0131d\u0131r&#8221; dedi\u011fini belirten Saml\u0131, &#8221;Ayn\u0131 MYK \u00fcyeleri bir hafta sonra ne de\u011fi\u015fti de oy birli\u011fi ile g\u00f6revden al\u0131nma karar\u0131n\u0131n alt\u0131na imza att\u0131 ve hi\u00e7bir gerek\u00e7e bildirme l\u00fczumu da hissetmedi&#8221; diye konu\u015ftu.<\/p>\n<p style=\"text-align: justify;\">Saml\u0131, kendisi ve y\u00f6netim kurulu \u00fcyelerinin g\u00f6revden al\u0131nmas\u0131na ili\u015fkin tebligat\u0131n d\u00fcn sabah saatlerinde makam\u0131na ula\u015ft\u0131r\u0131ld\u0131\u011f\u0131n\u0131, sekreterinin Mustafa Kemal Atat\u00fcrk&#8217;\u00fcn Ankara&#8217;ya geli\u015f y\u0131l d\u00f6n\u00fcm\u00fc kutlamalar\u0131na kat\u0131ld\u0131\u011f\u0131n\u0131 s\u00f6ylemesine ra\u011fmen, tebligat\u0131n genel sekreterlik taraf\u0131ndan ev adresine postaland\u0131\u011f\u0131n\u0131 anlatt\u0131.<\/p>\n<p style=\"text-align: justify;\">B\u00f6ylesine \u00f6nemli bir karar\u0131n \u015fahs\u0131na tebli\u011f edilmedi\u011fini ifade eden Saml\u0131, &#8221;Bu tasarruf \u015fahs\u0131m i\u00e7in oldu\u011fu kadar, CHP kad\u0131nlar\u0131, emek\u00e7ileri ad\u0131na da, partim ad\u0131na da \u00e7ok \u00fcz\u00fcc\u00fcd\u00fcr&#8221; ifadesini kulland\u0131.<\/p>\n<p style=\"text-align: justify;\">CHP Genel Ba\u015fkan\u0131 K\u0131l\u0131\u00e7daro\u011flu&#8217;nun \u00e7o\u011fu toplant\u0131da &#8221;CHP&#8217;li kad\u0131nlar\u0131n \u00e7ok \u00e7al\u0131\u015ft\u0131\u011f\u0131n\u0131 ve onlara \u00e7ok g\u00fcvendi\u011fini&#8221; s\u00f6yledi\u011fini an\u0131msatan Saml\u0131, &#8221;\u015eahs\u0131m\u0131 ve MYK \u00fcyelerini g\u00f6revden al\u0131rken, biz o \u00e7al\u0131\u015fan kad\u0131n grubu i\u00e7inde de\u011ferlendirilmedik mi ki b\u00f6yle bir tasarrufa gidildi? Mevcut t\u00fcm il, il\u00e7e y\u00f6neticileri ve \u00fcyeleriyle gayet uyumlu bir \u00e7al\u0131\u015fma sergileyen kad\u0131n kollar\u0131 genel merkez y\u00f6netimi ve \u015fahs\u0131m\u0131n uyumsuzlu\u011fu kimlerle ve hangi konulardad\u0131r&#8221; de\u011ferlendirmesinde bulundu.<\/p>\n<p style=\"text-align: justify;\">Genel merkez y\u00f6neticilerinin &#8221;gelecek aylarda kad\u0131n kurultay\u0131na gitmek istediklerini ancak mevcut y\u00f6netimle kurultay \u00e7al\u0131\u015fmalar\u0131n\u0131 ger\u00e7ekle\u015ftiremeyeceklerini&#8221; s\u00f6ylediklerini belirten Saml\u0131, kendisi ve MYK \u00fcyesi arkada\u015flar\u0131n\u0131n kad\u0131n kurultay\u0131n\u0131 en iyi \u015fekilde yapacak kadar gerekli tecr\u00fcbeye sahip olduklar\u0131n\u0131 savundu.<\/p>\n<p style=\"text-align: justify;\"><strong>&#8221;Kad\u0131nlar\u0131n haklar\u0131n\u0131 bundan sonra kim savunacak&#8221;\u00a0<\/strong><\/p>\n<p style=\"text-align: justify;\">Bug\u00fcne kadar kad\u0131n haklar\u0131 ile yol arkada\u015flar\u0131n\u0131n haklar\u0131n\u0131 en iyi \u015fekilde savundu\u011funu belirten Saml\u0131, &#8221;Ancak baz\u0131 y\u00f6neticiler birlikte \u00e7al\u0131\u015ft\u0131klar\u0131 kad\u0131nlara hakaret etmeyi kendilerinde hak olarak g\u00f6rmektedirler. Bu hakaretleri kabul etmedi\u011fi i\u00e7in kendilerini yok sayan ve bundan sonra da yok saymaya devam edecek olan kad\u0131nlar\u0131n haklar\u0131n\u0131, bundan sonra kim savunacakt\u0131r&#8221; dedi.<\/p>\n<p style=\"text-align: justify;\">K\u0131l\u0131\u00e7daro\u011flu&#8217;nun &#8221;Kad\u0131nlar\u0131n haklar\u0131n\u0131 m\u00fccadele ederek koruyacaklard\u0131r&#8221; dedi\u011fini ifade eden Saml\u0131, kendisinin de bu s\u00f6zden yola \u00e7\u0131karak, m\u00fccadele etti\u011fini ancak sonucun ortada oldu\u011funu kaydetti.<\/p>\n<p style=\"text-align: justify;\">G\u00f6reve geldi\u011fi ilk g\u00fcn, \u00f6rg\u00fcte iki konu hakk\u0131nda s\u00f6z verdi\u011fini hat\u0131rlatan Saml\u0131, bunlar\u0131n da demokratik t\u00fcz\u00fck ve kad\u0131n kurultay\u0131 oldu\u011funu s\u00f6yledi.<\/p>\n<p style=\"text-align: justify;\">Saml\u0131, demokratik t\u00fcz\u00fck kurultay\u0131 talebini dile getirdi\u011fini, bundan sonra da \u00e7a\u011fda\u015f bir t\u00fcz\u00fck i\u00e7in \u00e7al\u0131\u015fmalar\u0131n\u0131n s\u00fcrece\u011fini belirtti.<\/p>\n<p style=\"text-align: justify;\">&#8221;T\u00fcrkiye&#8217;de \u00f6zg\u00fcr d\u00fc\u015f\u00fcncelerini ifade ettikleri i\u00e7in bug\u00fcn Silivri&#8217;de olanlarla, partide \u00f6zg\u00fcr d\u00fc\u015f\u00fcncelerini ifade edenler aras\u0131ndaki fark nedir?&#8221; diye soran Saml\u0131, CHP&#8217;nin ger\u00e7ek sahiplerinin partinin temel ilkelerine sahip \u00e7\u0131kmaya devam edeceklerini s\u00f6yledi.<\/p>\n<p style=\"text-align: justify;\">Saml\u0131, bir soru \u00fczerine kad\u0131n kollar\u0131 y\u00f6netiminin kendisi ile birlikte 15 ki\u015fi oldu\u011funu ve tamam\u0131n\u0131n g\u00f6revden al\u0131nd\u0131\u011f\u0131n\u0131 bildirdi.<\/p>\n<p style=\"text-align: justify;\">Ba\u015fka bir soru \u00fczerine de Saml\u0131, \u0130stanbul \u0130l Kad\u0131n Kollar\u0131 Ba\u015fkan\u0131 ile baz\u0131 il y\u00f6netim kurulu \u00fcyelerinin de istifa etti\u011fi bilgisinin kendisine ula\u015ft\u0131\u011f\u0131n\u0131 s\u00f6yledi.<\/p>\n<p style=\"text-align: justify;\">&#8221;\u0130stifas\u0131n\u0131 Genel Ba\u015fkan Yard\u0131mc\u0131s\u0131 Birg\u00fcl Ayman G\u00fcler&#8217;in mi istedi\u011fi?&#8221; y\u00f6n\u00fcndeki bir soru \u00fczerine de Saml\u0131, &#8221;15 y\u0131ld\u0131r partide g\u00f6rev yapt\u0131\u011f\u0131n\u0131 ve kimseyle bir probleminin olmad\u0131\u011f\u0131&#8221; cevab\u0131n\u0131 verdi.<\/p>\n<p style=\"text-align: justify;\">Saml\u0131, ba\u015fka bir soru \u00fczerine yapt\u0131\u011f\u0131 a\u00e7\u0131klamalar\u0131n\u0131n hi\u00e7 kimseyi hedef almad\u0131\u011f\u0131n\u0131 an\u0131msatt\u0131.<\/p>\n<p style=\"text-align: justify;\">Saml\u0131, &#8221;t\u00fcz\u00fck kurultay\u0131 istedi\u011fi i\u00e7in mi g\u00f6revden al\u0131nd\u0131\u011f\u0131&#8221; y\u00f6n\u00fcndeki bir soruyu da, &#8221;Ben en demokratik hakk\u0131m\u0131 ve kad\u0131n \u00f6rg\u00fctlerimin uzun s\u00fcredir talep ettikleri, demokratik t\u00fcz\u00fck iste\u011fini dile getirdim. Sebebin bu olmad\u0131\u011f\u0131n\u0131 umuyorum&#8221; diye cevaplad\u0131.<\/p>\n<p style=\"text-align: justify;\">Bundan sonra g\u00f6revden almalar\u0131n devam edip etmeyece\u011fi y\u00f6n\u00fcndeki bir soruyu &#8221;Bilemiyorum&#8221; \u015feklinde yan\u0131tlayan Saml\u0131, yap\u0131lacak kad\u0131n kurultay\u0131nda aday olup olmayaca\u011f\u0131n\u0131n sorulmas\u0131 \u00fczerine ise, &#8221;Ben CHP&#8217;de her kademede g\u00f6rev yapmaktan onur duyan bir partiliyim. G\u00fcn geldi\u011fi zaman, partimin veya \u00f6rg\u00fct\u00fcm\u00fcn verece\u011fi her t\u00fcrl\u00fc karar\u0131 sayg\u0131yla kabul ederim. O g\u00fcn bir gelsin&#8221; diye konu\u015ftu.<\/p>\n<p style=\"text-align: justify;\"><a href=\"http:\/\/www.cumhuriyet.com.tr\/?hn=303786&amp;kw=%22Partinin+Silivri'den+ne+fark%FD+var%3F%22\" target=\"_blank\">Kaynak : Cumhuriyet Haber Portal\u0131<\/a><\/p>\n","protected":false},"excerpt":{"rendered":"<p id=\"caption-attachment-45486\" class=\"wp-caption-text\">Z\u00fchal Saml\u0131<\/p>\n<p style=\"text-align: justify;\">CHP Kad\u0131n Kollar\u0131 Genel Ba\u015fkanl\u0131\u011f\u0131 g\u00f6revinden al\u0131nan Z\u00fchal Saml\u0131, &#8221;T\u00fcrkiye&#8217;de \u00f6zg\u00fcr d\u00fc\u015f\u00fcncelerini ifade ettikleri i\u00e7in bug\u00fcn Silivri&#8217;de olanlarla, partide \u00f6zg\u00fcr d\u00fc\u015f\u00fcncelerini ifade edenler aras\u0131ndaki fark nedir?&#8221; dedi.<\/p>\n<p style=\"text-align: justify;\">Ankara- Saml\u0131, g\u00f6revden al\u0131nan baz\u0131 y\u00f6netim kurulu \u00fcyeleri ile parti genel merkezinde d\u00fczenledi\u011fi bas\u0131n toplant\u0131s\u0131nda, 21 Kas\u0131m 2010 tarihinde Kad\u0131n <\/p>\n","protected":false},"author":1,"featured_media":0,"comment_status":"open","ping_status":"open","sticky":false,"template":"","format":"standard","meta":{"footnotes":""},"categories":[105],"tags":[],"class_list":["post-45485","post","type-post","status-publish","format-standard","hentry","category-gundem","odd"],"_links":{"self":[{"href":"http:\/\/www.korhanyilmaz.com\/index.php?rest_route=\/wp\/v2\/posts\/45485","targetHints":{"allow":["GET"]}}],"collection":[{"href":"http:\/\/www.korhanyilmaz.com\/index.php?rest_route=\/wp\/v2\/posts"}],"about":[{"href":"http:\/\/www.korhanyilmaz.com\/index.php?rest_route=\/wp\/v2\/types\/post"}],"author":[{"embeddable":true,"href":"http:\/\/www.korhanyilmaz.com\/index.php?rest_route=\/wp\/v2\/users\/1"}],"replies":[{"embeddable":true,"href":"http:\/\/www.korhanyilmaz.com\/index.php?rest_route=%2Fwp%2Fv2%2Fcomments&post=45485"}],"version-history":[{"count":0,"href":"http:\/\/www.korhanyilmaz.com\/index.php?rest_route=\/wp\/v2\/posts\/45485\/revisions"}],"wp:attachment":[{"href":"http:\/\/www.korhanyilmaz.com\/index.php?rest_route=%2Fwp%2Fv2%2Fmedia&parent=45485"}],"wp:term":[{"taxonomy":"category","embeddable":true,"href":"http:\/\/www.korhanyilmaz.com\/index.php?rest_route=%2Fwp%2Fv2%2Fcategories&post=45485"},{"taxonomy":"post_tag","embeddable":true,"href":"http:\/\/www.korhanyilmaz.com\/index.php?rest_route=%2Fwp%2Fv2%2Ftags&post=45485"}],"curies":[{"name":"wp","href":"https:\/\/api.w.org\/{rel}","templated":true}]}}