{"id":4548,"date":"2009-03-03T14:10:22","date_gmt":"2009-03-03T12:10:22","guid":{"rendered":"http:\/\/www.korhanyilmaz.com\/?p=4548"},"modified":"2009-03-03T14:10:22","modified_gmt":"2009-03-03T12:10:22","slug":"%e2%80%98erdogan%e2%80%99a-uslup-ayarlamasi-yaptim%e2%80%99","status":"publish","type":"post","link":"http:\/\/www.korhanyilmaz.com\/?p=4548","title":{"rendered":"\u2018Erdo\u011fan\u2019a \u00fcslup ayarlamas\u0131 yapt\u0131m\u2019"},"content":{"rendered":"<p style=\"text-align: justify;\"><img loading=\"lazy\" decoding=\"async\" class=\"aligncenter size-full wp-image-4549\" title=\"\u2018Erdo\u011fan\u2019a \u00fcslup ayarlamas\u0131 yapt\u0131m\u2019 \" src=\"http:\/\/www.korhanyilmaz.com\/wp-content\/uploads\/2009\/03\/030320091625091082559.jpg\" alt=\"\u2018Erdo\u011fan\u2019a \u00fcslup ayarlamas\u0131 yapt\u0131m\u2019 \" width=\"376\" height=\"240\" \/><\/p>\n<p style=\"text-align: justify;\"><strong>CHP lideri Deniz Baykal, maganda benzetmesine &#8220;Cevap veririm ama cevap vermiyorum&#8221; diyen Erdo\u011fan&#8217;\u0131n Ba\u015fbakan oldu\u011funu nihayet hat\u0131rlad\u0131\u011f\u0131n\u0131 s\u00f6yledi<br \/>\n<\/strong><br \/>\nCHP Genel Ba\u015fkan\u0131 Deniz Baykal, Ba\u015fbakan Erdo\u011fan&#8217;\u0131n hakk\u0131nda dava a\u00e7mas\u0131na neden olan &#8220;maganda \u00fcslubu&#8221; de\u011ferlendirmesine grup konu\u015fmas\u0131nda a\u00e7\u0131kl\u0131k getirdi. Baykal, partisinin d\u00fcnk\u00fc grup toplant\u0131s\u0131nda yapt\u0131\u011f\u0131 konu\u015fmada \u00f6zetle \u015fu g\u00f6r\u00fc\u015fleri dile getirdi:\n<\/p>\n<p style=\"text-align: justify;\"><strong>TARZINDA GARABET VAR: <\/strong>Ba\u015fbakan \u00e7\u0131kt\u0131 dedi ki; &#8216;Muhalefet partilerinin \u00e7\u00f6z\u00fcm\u00fc varsa s\u00f6ylesinler, yapmazsam siyasi hayat\u0131m\u0131 noktalamaya haz\u0131r\u0131m&#8217;. Bunun s\u00f6yleni\u015f tarz\u0131nda bir garabet var. &#8216;Sen s\u00f6yle, uygulamazsam siyaseti b\u0131rak\u0131r\u0131m&#8217;. Bu nereden \u00e7\u0131k\u0131yor? Sana &#8216;siyaseti b\u0131rak&#8217; diyen yok. Burada bir s\u0131k\u0131nt\u0131 var, tedbir umurunda de\u011fil. Kavga \u00e7\u0131kartmak, h\u0131r \u00e7\u0131kartmak istiyor. Bu garabeti g\u00f6rd\u00fck ama g\u00f6rmezden geldik. \u0130ktidar bizi \u00e7a\u011f\u0131rm\u0131\u015f \u00e7are istiyor. S\u00f6ylemeyelim mi? Hakk\u0131m\u0131z yok mu? B\u00f6yle bir \u00e7are aranacaksa elbette iktidar ve muhalefet bir araya gelecek, \u00e7ok do\u011fal de\u011fil mi? Bizde bu sorumluluk duygusu i\u00e7erisinde \u00f6nerilerimizi ortaya koyduk. <!--more--><\/p>\n<p style=\"text-align: justify;\"><strong>AYARLAMA YAPTIM:<\/strong> \u00d6neriler ilgiyle kar\u015f\u0131land\u0131. Ama bakt\u0131k Ba\u015fbakan \u00fcslubunu bozdu. &#8216;Ne biliyorsan\u0131z s\u00f6yleyin&#8217; diyen Ba\u015fbakan \u00e7ok yak\u0131\u015f\u0131ks\u0131z bir uslupla yan\u0131t verdi. \u00c7ok f\u0131r\u0131n ekmek yememiz laz\u0131mm\u0131\u015f. &#8216;Git ehlinden \u00f6\u011fren \u00f6yle gel&#8217; gibi yan\u0131tlar ald\u0131k. Bunun \u00fczerine ben de Ba\u015fbakan&#8217;a bir \u00fcslup ayarlamas\u0131 yapma ihtiyac\u0131 hissettim. Yapt\u0131\u011f\u0131m de\u011ferlendirmenin hakl\u0131l\u0131\u011f\u0131 hakk\u0131nda zerre kadar teredd\u00fct etmiyorum. Ba\u015fbakan san\u0131r\u0131m heyecanland\u0131, &#8216;S\u00f6yleyeceklerim var. Ama s\u00f6ylemiyorum&#8217; dedi. Ben de \u00e7ok memnun oldum. San\u0131r\u0131m Ba\u015fbakan oldu\u011funu hat\u0131rlad\u0131. Ba\u015fbakan&#8217;a bunu hat\u0131rlatm\u0131\u015f olduk. Ba\u015fbakan bize \u00e7ok sayg\u0131s\u0131z ve k\u0131r\u0131c\u0131 bir \u00fcslupla yan\u0131t verdi. Sayg\u0131 g\u00f6rmek istiyorsan sayg\u0131 g\u00f6stereceksin.<\/p>\n<p style=\"text-align: justify;\"><strong>CEVABINI ALIR: <\/strong>&#8216;Ba\u015fbakana maganda \u00fcslubu yak\u0131\u015fm\u0131yor&#8217; dedik. Onun ki\u015fili\u011fi ile ilgili bir niteleme yapmad\u0131m yapm\u0131yorum, \u00fcslubu ile ilgili de\u011ferlendirmemi yapt\u0131m yapaca\u011f\u0131m, cevab\u0131n\u0131 al\u0131r. &#8216;CHP&#8217;nin cibiliyeti yok&#8217; dedi. Ard\u0131ndan &#8216;Bunlar nesepsiz&#8217; dedi, yerli yersiz &#8216;al\u00e7ak&#8217; ve &#8216;\u015ferefsiz&#8217; demeye \u00e7al\u0131\u015ft\u0131. \u00dcslup ne \u00fcslubu herkes g\u00f6rs\u00fcn istiyorum. Ba\u015fbakan beni d\u00f6rt kez mahkemeyi verdi, d\u00f6rd\u00fc de reddedildi. &#8216;Yalan s\u00f6yl\u00fcyor&#8217;dedim. Mahkemeye gitti mahkeme onu reddetti. &#8216;Sahtekarl\u0131k yap\u0131yor&#8217; dedim. Mahkeme &#8216;bir \u015fey yok&#8217; dedi.<\/p>\n<p style=\"text-align: justify;\"><strong>ARTIK NAZ\u0130K OLUR:<\/strong> Ben kendisine bir kez dava a\u00e7mad\u0131m. Ba\u015fbakan\u0131n \u00fcslubu hepimizi ilgilendirir. Ancak Ba\u015fbakan&#8217;\u0131n b\u00f6yle bir konuyu a\u00e7mas\u0131 demokrasimiz a\u00e7\u0131s\u0131ndan olduk\u00e7a iyidir. Ba\u015fbakan art\u0131k san\u0131r\u0131m daha nazik daha Ba\u015fbakanl\u0131\u011fa yak\u0131\u015fan bir \u00fcslubun i\u00e7erisine girer.<\/p>\n<p style=\"text-align: justify;\"><strong>-&#8220;VATANDA\u015eLIK NUMARASINA D\u0130KKAT&#8221;-<\/strong><\/p>\n<p style=\"text-align: justify;\">CHP lideri Baykal, sand\u0131k ba\u015f\u0131na gidildi\u011finde N\u00fcfus C\u00fczdan\u0131&#8217;nda vatanda\u015fl\u0131k numaras\u0131 yer alm\u0131yorsa oy kullanmada s\u0131k\u0131nt\u0131 ya\u015fanabilece\u011fini kaydederek, &#8220;Herkesin vatanda\u015fl\u0131k numaras\u0131n\u0131n olup olmad\u0131\u011f\u0131n\u0131 kontrol ederek sorunu \u00e7\u00f6zmelerini istiyorum&#8221; dedi. Se\u00e7ime da\u011f\u0131n\u0131k bir \u015fekilde gidildi\u011fini belirten Baykal, k\u00fct\u00fcklerle ilgili bir \u00e7ok \u015fikayet oldu\u011fu halde sorunlar\u0131n \u00e7\u00f6z\u00fclmedi\u011fini ifade eti. Yerel se\u00e7imlere y\u00f6nelik olarak CHP&#8217;nin 2007 se\u00e7imlerine &#8216;pusula&#8217; ad\u0131nda bir bildirge ile girdi\u011fini s\u00f6yleyen Baykal, &#8220;Yerel se\u00e7imlerle ilgili olarak soysal demokrat anlay\u0131\u015f\u0131m\u0131z\u0131, se\u00e7imlerden sonra neler yapaca\u011f\u0131m\u0131z\u0131 bir kitap\u00e7\u0131kta ortaya koyduk. Bu \u00e7al\u0131\u015fma sosyal demokrat anlay\u0131\u015f\u0131m\u0131z\u0131n yerel y\u00f6netimlere bak\u0131\u015f a\u00e7\u0131m\u0131z\u0131 ortaya koyan bir \u00e7al\u0131\u015fmad\u0131r, \u00e7ok ciddi bir \u00e7al\u0131\u015fmad\u0131r&#8221; dedi.<\/p>\n<p style=\"text-align: justify;\"><strong>-&#8220;M\u0130LLET \u00c7AY PARASI \u00d6DEYEM\u0130YOR&#8221;-<\/strong><\/p>\n<p style=\"text-align: justify;\">Krizin etkilerini her ge\u00e7en g\u00fcn derinden hissetti\u011fimizi belirten Baykal, &#8220;Daha d\u00fcn \u015eubat ay\u0131ndaki ihracat azalmas\u0131 y\u00fczde 25 iken \u015eubat&#8217;ta y\u00fczde 35 olmu\u015ftur. D\u00fc\u015f\u00fc\u015f daha h\u0131zl\u0131 ger\u00e7ekle\u015fmi\u015ftir. \u0130hracat\u0131n 3&#8217;te biri kayboldu gitti. D\u00f6vizdeki dalgalanmalar da kayg\u0131 verici geli\u015fmelerdir. \u0130stanbul&#8217;da i\u015f \u00e7evreleri, sendika \u00e7evreleri feryat ediyor. Hepimiz \u00e7ok ac\u0131 tablolarla kar\u015f\u0131 kar\u015f\u0131yay\u0131z. Daha d\u00fcn emekli bir polis memuru Ba\u015fbakanl\u0131k \u00f6n\u00fcnde bor\u00e7lar\u0131n\u0131 \u00f6deyemedi\u011fi i\u00e7in intihar eylemi yapm\u0131\u015ft\u0131r. Emekli maa\u015f\u0131 olan g\u00fcvenci olan bir polis ne hale gelmi\u015ftir. G\u00fcneydo\u011fu&#8217;ya giden arkada\u015flardan raporlar ald\u0131k, millet art\u0131k kahvede \u00e7ay paras\u0131 \u00f6deyemiyor. Diyarbak\u0131r Organize Sanayi sitesinde fabrikalar\u0131n yar\u0131s\u0131 kapanm\u0131\u015ft\u0131r. Di\u011ferleri yar\u0131m yamalak a\u00e7\u0131kt\u0131r. Maalesef b\u00f6yle bir tablo ile kar\u015f\u0131 kar\u015f\u0131yay\u0131z. D\u00fcn bir vatanda\u015f oylar\u0131n\u0131 sat\u0131l\u0131\u011fa \u00e7\u0131karm\u0131\u015f. Bu manzaran\u0131n arkas\u0131nda ne var bu iktidar\u0131n uzun zamand\u0131r izledi\u011fi yanl\u0131\u015f politika ve sorumsuzlu\u011fu var&#8221; diye konu\u015ftu.<\/p>\n<p style=\"text-align: justify;\">Baykal, AKP iktidar\u0131n\u0131n fabrika a\u00e7an de\u011fil, kapatan bir iktidar oldu\u011funu da belirten Baykal, \u015f\u00f6yle konu\u015ftu:<br \/>\n&#8220;AKP iktidar\u0131 i\u015fsizli\u011fi art\u0131ran, yoksullu\u011fu yayg\u0131nla\u015ft\u0131ran bir ekonomik politika uygulad\u0131\u011f\u0131 ortaya \u00e7\u0131km\u0131\u015ft\u0131r. AKP iktidar\u0131 vergi adaletini sa\u011flayan de\u011fil, tam tersini yapan bir iktidar oldu\u011fu a\u00e7\u0131kt\u0131r. B\u00f6lgesel adaletsizlik AKP iktidar\u0131nda artm\u0131\u015ft\u0131r. Bu tablo T\u00fcrkiye&#8217;yi b\u00fcy\u00fcyen bir ekonomiye de\u011fil, k\u00fc\u00e7\u00fclen bir ekonomi ger\u00e7e\u011fine getirmi\u015ftir. Bu tablo s\u00fcrd\u00fcr\u00fclemez. T\u00fcrkiye uluslar aras\u0131 sorunlar\u0131n en fazla ya\u015fand\u0131\u011f\u0131 \u00fclke konumundad\u0131r. \u0130\u015fsizlik en fazla b\u00fcy\u00fcme en az. Bunun bedelini de vatanda\u015flar \u00f6d\u00fcyor. Peki h\u00fck\u00fcmet ne yap\u0131yor? Al\u0131nm\u0131\u015f ciddi bir tedbirden s\u00f6z etmek m\u00fcmk\u00fcn m\u00fc?&#8221;\n<\/p>\n<p style=\"text-align: justify;\"><strong>-&#8220;S\u0130YAS\u0130 HAYATINI B\u0130T\u0130RMENE GEREK YOK&#8221;-<\/strong><\/p>\n<p style=\"text-align: justify;\">Ba\u015fbaka Erdo\u011fan&#8217;\u0131n &#8220;Ne tedbiri biliyorsan s\u00f6yle uygulamazsam siyasi hayat\u0131m\u0131 bitiririm&#8221; s\u00f6z\u00fcn\u00fc hat\u0131rlatan Baykal, &#8220;Biz tedbirimizi s\u00f6yleriz sen uygularsan uygulars\u0131n. Siyasi hayat\u0131n\u0131 da bitirmene gerek yok. D\u00fcnyan\u0131n her yerinde ekonomiye \u00e7are aran\u0131rken iktidarla muhalefet bir araya gelir tart\u0131\u015f\u0131r. Bu \u00e7ok do\u011fal. Ba\u015fbakan bunu isterken bile bir direnme var&#8221; dedi.<\/p>\n<p style=\"text-align: justify;\">CHP&#8217;nin meseleyi sadece siyaset olarak g\u00f6rmedi\u011fini ve \u00f6neri getirdi\u011fini, \u00e7\u00f6z\u00fcm \u00fcretti\u011fini s\u00f6yleyen Baykal, \u015f\u00f6yle konu\u015ftu:<\/p>\n<p style=\"text-align: justify;\">&#8220;Genelde, bu tip durumlarda muhalefet afaki, genel, siyasi cevap verir. Ama biz bunu yapmad\u0131k. Prati\u011fi olan \u00e7are s\u00f6ylemek laz\u0131m dedik ve 7 tane \u00e7are s\u00f6yledik. T\u00fcrkiye bir b\u00fct\u00e7e \u00e7\u0131kard\u0131, bu kriz d\u00f6neminde ger\u00e7ekle hi\u00e7bir ilgisi olmayan afaki, bo\u015f, ger\u00e7ek rakamlarla ilgisi olmayan bir b\u00fct\u00e7e. Se\u00e7im d\u00f6neminde paray\u0131 istedi\u011fi gibi kullanabilmek ad\u0131na rakamlar\u0131 d\u00fczeltmediler. Bak\u0131n yine s\u00f6yl\u00fcyoruz; Kamu harcama \u00f6ncelikleri de\u011fi\u015fsin. Alt yap\u0131 yat\u0131r\u0131m\u0131n yap\u0131n. 2008&#8217;de 2.2 kamu yat\u0131r\u0131mlar\u0131na pay ayr\u0131ld\u0131. Bu pay \u00e7ok d\u00fc\u015f\u00fck. Bunu 1.8&#8217;e d\u00fc\u015f\u00fcrd\u00fcler. Halbuki tam tersini yapmak laz\u0131m. Bu durum 3.5 katrilyonluk kaynak kayb\u0131 ya\u015fad\u0131. Otomotive dayal\u0131 t\u00fcketim mallar\u0131nda al\u0131nan KDV 6 ay kald\u0131r. Orta vadeli yeni bir mali program ilan et. T\u00fcrk Liras\u0131 a\u015f\u0131r\u0131 de\u011ferli olmaktan \u00e7\u0131kar\u0131ls\u0131n ve Maliye politikas\u0131na esneklik getirilsin. Ba\u015fbakan &#8216;TL&#8217;yi de\u011ferli k\u0131laca\u011f\u0131z&#8217; diyor. T\u00fcrk Liras\u0131&#8217;n\u0131n de\u011feri zaten 3&#8217;te 1 oran\u0131nda gitti. Bir garanti fonu olu\u015fturulsun, bu fondan yararlanan i\u015f\u00e7isini \u00e7\u0131karamas\u0131n. Vergi ve stopaj derhal 10 puan indirilsin dedik. \u0130\u015fsizlik fonunun imkanlar\u0131 daha ciddi de\u011ferlendirilsin dedik. Bu kamuoyunda \u00e7ok g\u00fczel bir \u015fekilde yer buldu. Ama birden bire ba\u015fbakan \u00fcslubunu bozdu ve 2 g\u00fcn sonra \u00e7ok yak\u0131\u015f\u0131ks\u0131z bir \u00fcslupla bu yakla\u015f\u0131ma cevap verdi. &#8216;Sana ne? Siz kim oluyorsunuz da yakla\u015f\u0131m sergiliyorsunuz?&#8217; dedi. Bunun \u00fczerine ben de Ba\u015fbakana bir \u00fcslup ayarlamas\u0131 \u00f6nerisi getirdim.&#8221;<\/p>\n<p style=\"text-align: justify;\"><strong>-&#8220;BA\u015eBAKAN TELA\u015eLANDI&#8221;-<\/strong><\/p>\n<p style=\"text-align: justify;\">CHP lideri Baykal, \u00f6nerdi\u011fi \u00fcslup ayarlamas\u0131n\u0131n yararl\u0131 oldu\u011funu da belirterek, konu\u015fmas\u0131na \u015f\u00f6yle devam etti:<br \/>\n&#8220;\u015eimdi Ba\u015fbakan bundan tela\u015fland\u0131 &#8216;Ben Ba\u015fbakan\u0131m. \u015fimdi cevap vermeyi uygun g\u00f6rm\u00fcyorum&#8217; dedi. Ben de bundan memnun oldum. Ba\u015fbakan k\u0131r\u0131c\u0131 bir \u00fcslupla \u015fiddeti, nefreti ortaya koyan bir anlay\u0131\u015fla cevap veriyor. Bu nerde g\u00f6r\u00fclm\u00fc\u015f? Sayg\u0131 g\u00f6rmek istiyorsan sayg\u0131 g\u00f6stereceksin. &#8216;Maganda \u00fcslubu Ba\u015fbakana yak\u0131\u015fm\u0131yor&#8217;dedim. \u015eahs\u0131yla ilgili de\u011fil, \u00fcslubu ile ilgili konu\u015ftum. Bir \u015fey yapt\u0131 m\u0131 cevab\u0131n\u0131 al\u0131r. O bize neler s\u00f6yledi ben k\u0131l\u0131m\u0131 bile k\u0131p\u0131rdatmad\u0131m. Ba\u015fbakan neler s\u00f6yledi k\u0131sa bir hat\u0131rlatma yap\u0131yorum. Bunlar &#8216;mezhepsiz&#8217; dedi. Yerli yersiz &#8216;al\u00e7akt\u0131r, \u015ferefsizdir&#8217; dedi. Bana &#8216;k\u0131rk f\u0131r\u0131n ye \u00f6\u011fren de gel&#8217; dedi. &#8216;Siyasi ahlaktan uzak bunlar&#8217; dedi. 15 \u015eubat&#8217;ta Sinop&#8217;ta bir a\u00e7\u0131l\u0131\u015fta AKP&#8217;li bir g\u00f6revliye bana \u015fimdi k\u00fcfrettireceksiniz dedi. Askerlik yan gelip yatma yeri de\u011fil, \u00e7ift\u00e7iye &#8216;anan\u0131 da al git&#8217; dedi. &#8216;\u00c7ift\u00e7inin durumu ne olacak?&#8217; diyen vatanda\u015fa, bu millet size mi \u00e7al\u0131\u015facak dedi. Bir gazeteciye &#8216;ya sev ya terk et&#8217; dedi. &#8216;Oraya \u00fc\u00e7 nokta koyuyorum&#8217; dedi. Bu \u00fcsluba maganda \u00fcslubu demekten daha do\u011fal ne olabilir? Ba\u015fbakan beni 4 defa mahkemeye verdi. Mahkeme 4&#8217;\u00fcn\u00fc de reddetti. Birinde yalan s\u00f6yl\u00fcyor, di\u011ferinde sahtekarl\u0131k yap\u0131yor dedim. Mahkeme reddetti. Bizim anlay\u0131\u015f\u0131m\u0131za g\u00f6re kendine g\u00fcvenen insanlar kamuoyunun takdirine sayg\u0131 duyar. Biz \u00f6yle yapt\u0131k bu g\u00fcne kadar hi\u00e7 mahkemeye vermedik. Ancak Ba\u015fbakan\u0131n bir \u00fcslup tart\u0131\u015fmas\u0131 a\u00e7mas\u0131 da demokrasimiz a\u00e7\u0131s\u0131ndan \u00f6nemlidir. Daha sorumlu davranma ihtiyac\u0131 duyar, bu ona bir ders olur.&#8221;\n<\/p>\n<p style=\"text-align: justify;\"><strong>-&#8220;OLUMSUZ G\u0130D\u0130\u015e\u0130 M\u0130LLET DURDURUR&#8221;-<\/strong><\/p>\n<p style=\"text-align: justify;\">T\u00fcrkiye&#8217;de demokrasinin sorgulanmas\u0131 gerekti\u011fini ve \u00f6zg\u00fcrl\u00fcklerin k\u0131s\u0131tland\u0131\u011f\u0131n\u0131 s\u00f6yleyen Baykal, &#8220;Savc\u0131lar\u0131m\u0131z 7 y\u0131l \u00f6ncesinden daha ba\u011f\u0131ms\u0131z de\u011fildir&#8221; dedi. Bireysel hak ve \u00f6zg\u00fcrl\u00fcklerin tehdit alt\u0131na girdi\u011fini, telefon dinlemelerin ba\u015flad\u0131\u011f\u0131n\u0131 belirten Baykal, &#8220;Biz bu \u00e7a\u011fda\u015f gidi\u015f de\u011fildir diye feryat ediyoruz. \u015eimdi \u00e7e\u015fitli \u00e7evreler taraf\u0131ndan bunun takdir edildi\u011fini g\u00f6rmek beni mutlu ediyor&#8221; diye konu\u015ftu.<\/p>\n<p style=\"text-align: justify;\">Erdo\u011fan&#8217;\u0131n &#8216;A\u011fa\u00e7 kesenin biz de ba\u015f\u0131 kesilir&#8217; s\u00f6z\u00fcn\u00fc de de\u011ferlendiren Baykal, &#8220;B\u00f6yle diyor. E arkada\u015f sen a\u011fa\u00e7 kesmekten 10 ay mahkum oldun&#8221; \u015feklinde konu\u015ftu. Baykal, milletin d\u0131\u015f\u0131nda T\u00fcrkiye&#8217;yi bu olumsuz gidi\u015ften kurtaracak hi\u00e7bir ba\u015fka g\u00fc\u00e7 kalmad\u0131\u011f\u0131n\u0131 da belirterek, &#8220;\u00c7\u0131k\u0131\u015f milletin kendi \u00f6z iradesi ve karar\u0131d\u0131r. \u00d6n\u00fcm\u00fczdeki se\u00e7imlerde verilecek oylar sadece yerel y\u00f6netimleri daha d\u00fcr\u00fcst, daha bilgili bir kadronun eline ta\u015f\u0131mayacakt\u0131r, bu olumsuz gidi\u015fe de dur deme \u015fans\u0131n\u0131 getirecektir. Ben vicdan sahibi herkesten bu gidi\u015fe dur denilmesi i\u00e7in elinden gelen her \u015feyi yapmalar\u0131n\u0131 istiyorum&#8221; dedi.<\/p>\n<p style=\"text-align: justify;\"><span style=\"color: #888888;\">ANKA<\/span><\/p>\n","protected":false},"excerpt":{"rendered":"<p style=\"text-align: justify;\">\n<p style=\"text-align: justify;\">CHP lideri Deniz Baykal, maganda benzetmesine &#8220;Cevap veririm ama cevap vermiyorum&#8221; diyen Erdo\u011fan&#8217;\u0131n Ba\u015fbakan oldu\u011funu nihayet hat\u0131rlad\u0131\u011f\u0131n\u0131 s\u00f6yledi CHP Genel Ba\u015fkan\u0131 Deniz Baykal, Ba\u015fbakan Erdo\u011fan&#8217;\u0131n hakk\u0131nda dava a\u00e7mas\u0131na neden olan &#8220;maganda \u00fcslubu&#8221; de\u011ferlendirmesine grup konu\u015fmas\u0131nda a\u00e7\u0131kl\u0131k getirdi. Baykal, partisinin d\u00fcnk\u00fc grup toplant\u0131s\u0131nda yapt\u0131\u011f\u0131 konu\u015fmada \u00f6zetle \u015fu g\u00f6r\u00fc\u015fleri dile getirdi: <\/p>\n","protected":false},"author":1,"featured_media":0,"comment_status":"open","ping_status":"closed","sticky":false,"template":"","format":"standard","meta":{"footnotes":""},"categories":[105],"tags":[],"class_list":["post-4548","post","type-post","status-publish","format-standard","hentry","category-gundem","odd"],"_links":{"self":[{"href":"http:\/\/www.korhanyilmaz.com\/index.php?rest_route=\/wp\/v2\/posts\/4548","targetHints":{"allow":["GET"]}}],"collection":[{"href":"http:\/\/www.korhanyilmaz.com\/index.php?rest_route=\/wp\/v2\/posts"}],"about":[{"href":"http:\/\/www.korhanyilmaz.com\/index.php?rest_route=\/wp\/v2\/types\/post"}],"author":[{"embeddable":true,"href":"http:\/\/www.korhanyilmaz.com\/index.php?rest_route=\/wp\/v2\/users\/1"}],"replies":[{"embeddable":true,"href":"http:\/\/www.korhanyilmaz.com\/index.php?rest_route=%2Fwp%2Fv2%2Fcomments&post=4548"}],"version-history":[{"count":0,"href":"http:\/\/www.korhanyilmaz.com\/index.php?rest_route=\/wp\/v2\/posts\/4548\/revisions"}],"wp:attachment":[{"href":"http:\/\/www.korhanyilmaz.com\/index.php?rest_route=%2Fwp%2Fv2%2Fmedia&parent=4548"}],"wp:term":[{"taxonomy":"category","embeddable":true,"href":"http:\/\/www.korhanyilmaz.com\/index.php?rest_route=%2Fwp%2Fv2%2Fcategories&post=4548"},{"taxonomy":"post_tag","embeddable":true,"href":"http:\/\/www.korhanyilmaz.com\/index.php?rest_route=%2Fwp%2Fv2%2Ftags&post=4548"}],"curies":[{"name":"wp","href":"https:\/\/api.w.org\/{rel}","templated":true}]}}