{"id":45479,"date":"2011-12-28T12:01:59","date_gmt":"2011-12-28T10:01:59","guid":{"rendered":"http:\/\/www.korhanyilmaz.com\/?p=45479"},"modified":"2011-12-28T12:11:16","modified_gmt":"2011-12-28T10:11:16","slug":"iktidarin-degil-meclisin-baskani-oldugunu-hatirla","status":"publish","type":"post","link":"http:\/\/www.korhanyilmaz.com\/?p=45479","title":{"rendered":"&#8216;\u0130ktidar\u0131n de\u011fil, Meclis&#8217;in Ba\u015fkan\u0131 oldu\u011funu hat\u0131rla&#8217;"},"content":{"rendered":"<p style=\"text-align: center;\"><a href=\"http:\/\/www.korhanyilmaz.com\/wp-content\/uploads\/2011\/12\/8807.jpg\"  class=\"lightview\"><img loading=\"lazy\" decoding=\"async\" class=\"aligncenter  wp-image-45480\" src=\"http:\/\/www.korhanyilmaz.com\/wp-content\/uploads\/2011\/12\/8807.jpg\" alt=\"\" width=\"322\" height=\"241\" \/><\/a><\/p>\n<p style=\"text-align: justify;\">CHP K\u0131rklareli Milletvekili Mehmet Siyam Kesimo\u011flu, TBMM Ba\u015fkan\u0131 Cemil \u00c7icek&#8217;e, &#8220;\u0130ktidar partisinin de\u011fil, t\u00fcm Meclis&#8217;in Ba\u015fkan\u0131 oldu\u011funu ve milletin iradesini temsilen Meclis Ba\u015fkanl\u0131\u011f\u0131 koltu\u011funda oturdu\u011funu hat\u0131rlamaya davet ediyorum&#8221; \u00e7a\u011fr\u0131s\u0131 yapt\u0131.<!--more--><\/p>\n<p style=\"text-align: justify;\">Ankara- CHP K\u0131rklareli Milletvekili Mehmet Siyam Kesimo\u011flu, \u0130\u00e7i\u015fleri Bakan\u0131 \u0130dris Naim \u015eahin&#8217;e y\u00f6neltti\u011fi \u00fc\u00e7 yaz\u0131l\u0131 soru \u00f6nergesinin Meclis Ba\u015fkan\u0131 Cemil \u00c7i\u00e7ek taraf\u0131ndan \u0130\u00e7t\u00fcz\u00fc\u011fe uygun olmad\u0131\u011f\u0131 gerek\u00e7esiyle geri \u00e7evrildi\u011fini belirterek, &#8220;AKP soru \u00f6nergelerinden korkuyor, muhalefete sans\u00fcr koyuyor&#8221; dedi.<\/p>\n<p style=\"text-align: justify;\">Yaz\u0131l\u0131 bir a\u00e7\u0131klama yapan CHP K\u0131rklareli Milletvekili Mehmet Siyam Kesimo\u011flu, &#8220;Soru \u00f6nergelerimin geri \u00e7evrilmesi rutin bir i\u015flem midir, yoksa AKP&#8217;nin yeni d\u00f6nemde TBMM&#8217;de uygulayaca\u011f\u0131 anlay\u0131\u015f\u0131n ilk \u00f6rnekleri midir&#8221; diye sordu. &#8220;Sans\u00fcr, bakanlara m\u0131 ili\u015fkindir, konulara m\u0131&#8221; diyen Kesimo\u011flu, \u015f\u00f6yle devam etti: &#8220;Soru \u00f6nergelerimin \u00fc\u00e7\u00fc de \u0130\u00e7i\u015fleri Bakan\u0131&#8217;nad\u0131r ve \u00f6nergelerimin geri \u00e7evrilmesi Say\u0131n \u0130dris Naim \u015eahin&#8217;in bas\u0131n\u0131n \u00f6n\u00fcnde hatalar yapt\u0131\u011f\u0131 ve kamuoyunda kendisi hakk\u0131nda ku\u015fkular\u0131n artt\u0131\u011f\u0131 bir d\u00f6neme rastlamaktad\u0131r. AKP, ayn\u0131 duruma d\u00fc\u015fecek bakanlar\u0131n\u0131, benzer sans\u00fcr uygulamalar\u0131yla Meclis Ba\u015fkan\u0131&#8217;n\u0131n korumas\u0131 alt\u0131na alacak m\u0131d\u0131r? Sans\u00fcr, bakanlara m\u0131 ili\u015fkindir, konulara m\u0131? \u00d6rne\u011fin, partimizin ve Cumhuriyetimizin kurucusu Mustafa Kemal Atat\u00fcrk aleyhinde a\u00e7\u0131k\u00e7a eylem yapanlar, g\u00fcvenlik g\u00fc\u00e7lerince korundu\u011fu gibi, AKP ve Meclis Ba\u015fkan\u0131 taraf\u0131ndan da m\u0131 korunacakt\u0131r?&#8221;<\/p>\n<p style=\"text-align: justify;\"><strong>Meclis Ba\u015fkan\u0131&#8217;na seslendi\u00a0<\/strong><\/p>\n<p style=\"text-align: justify;\">&#8220;Meclis Ba\u015fkan\u0131 yasaman\u0131n ba\u015f\u0131nda oldu\u011funu unutup h\u00fck\u00fcmeti ve h\u00fck\u00fcmetin g\u00f6revlisi gibi davranan valileri korumay\u0131 ilk g\u00f6revi say\u0131yor&#8221; diyen Kesimo\u011flu, \u015funlar\u0131 kaydetti:<\/p>\n<p style=\"text-align: justify;\">&#8220;Demokrasinin daha demokratik bir Anayasa yapmak iddias\u0131yla yola \u00e7\u0131kan iktidar partisi eliyle nas\u0131l katledildi\u011finin \u00f6rneklerinden olan bu uygulamay\u0131 kamuoyunun dikkatine sunuyor, Meclis Ba\u015fkan\u0131 Say\u0131n \u00c7i\u00e7ek&#8217;i iktidar partisinin de\u011fil t\u00fcm Meclis&#8217;in Ba\u015fkan\u0131 oldu\u011funu ve milletin iradesini temsilen Meclis Ba\u015fkanl\u0131\u011f\u0131 koltu\u011funda oturdu\u011funu hat\u0131rlamaya davet ediyorum.&#8221;<\/p>\n<p style=\"text-align: justify;\"><a href=\"http:\/\/www.cumhuriyet.com.tr\/?hn=303648\" target=\"_blank\">Kaynak : Cumhuriyet Haber Portal\u0131<\/a><\/p>\n","protected":false},"excerpt":{"rendered":"<p style=\"text-align: center;\">\n<p style=\"text-align: justify;\">CHP K\u0131rklareli Milletvekili Mehmet Siyam Kesimo\u011flu, TBMM Ba\u015fkan\u0131 Cemil \u00c7icek&#8217;e, &#8220;\u0130ktidar partisinin de\u011fil, t\u00fcm Meclis&#8217;in Ba\u015fkan\u0131 oldu\u011funu ve milletin iradesini temsilen Meclis Ba\u015fkanl\u0131\u011f\u0131 koltu\u011funda oturdu\u011funu hat\u0131rlamaya davet ediyorum&#8221; \u00e7a\u011fr\u0131s\u0131 yapt\u0131.<\/p>\n","protected":false},"author":1,"featured_media":0,"comment_status":"open","ping_status":"open","sticky":false,"template":"","format":"standard","meta":{"footnotes":""},"categories":[105],"tags":[],"class_list":["post-45479","post","type-post","status-publish","format-standard","hentry","category-gundem","odd"],"_links":{"self":[{"href":"http:\/\/www.korhanyilmaz.com\/index.php?rest_route=\/wp\/v2\/posts\/45479","targetHints":{"allow":["GET"]}}],"collection":[{"href":"http:\/\/www.korhanyilmaz.com\/index.php?rest_route=\/wp\/v2\/posts"}],"about":[{"href":"http:\/\/www.korhanyilmaz.com\/index.php?rest_route=\/wp\/v2\/types\/post"}],"author":[{"embeddable":true,"href":"http:\/\/www.korhanyilmaz.com\/index.php?rest_route=\/wp\/v2\/users\/1"}],"replies":[{"embeddable":true,"href":"http:\/\/www.korhanyilmaz.com\/index.php?rest_route=%2Fwp%2Fv2%2Fcomments&post=45479"}],"version-history":[{"count":0,"href":"http:\/\/www.korhanyilmaz.com\/index.php?rest_route=\/wp\/v2\/posts\/45479\/revisions"}],"wp:attachment":[{"href":"http:\/\/www.korhanyilmaz.com\/index.php?rest_route=%2Fwp%2Fv2%2Fmedia&parent=45479"}],"wp:term":[{"taxonomy":"category","embeddable":true,"href":"http:\/\/www.korhanyilmaz.com\/index.php?rest_route=%2Fwp%2Fv2%2Fcategories&post=45479"},{"taxonomy":"post_tag","embeddable":true,"href":"http:\/\/www.korhanyilmaz.com\/index.php?rest_route=%2Fwp%2Fv2%2Ftags&post=45479"}],"curies":[{"name":"wp","href":"https:\/\/api.w.org\/{rel}","templated":true}]}}