{"id":45475,"date":"2011-12-28T08:50:10","date_gmt":"2011-12-28T06:50:10","guid":{"rendered":"http:\/\/www.korhanyilmaz.com\/?p=45475"},"modified":"2011-12-28T11:52:43","modified_gmt":"2011-12-28T09:52:43","slug":"otonomi-yetmez","status":"publish","type":"post","link":"http:\/\/www.korhanyilmaz.com\/?p=45475","title":{"rendered":"&#8220;Otonomi yetmez&#8221;"},"content":{"rendered":"<p style=\"text-align: center;\"><a href=\"http:\/\/www.korhanyilmaz.com\/wp-content\/uploads\/2011\/12\/8806.jpg\"  class=\"lightview\"><img loading=\"lazy\" decoding=\"async\" class=\"aligncenter  wp-image-45476\" src=\"http:\/\/www.korhanyilmaz.com\/wp-content\/uploads\/2011\/12\/8806.jpg\" alt=\"\" width=\"307\" height=\"236\" \/><\/a><\/p>\n<p style=\"text-align: justify;\">K\u00fcrtlerin kendi geleceklerine referandumla karar vermesi gerekti\u011fini savunan Zana, iki kere ba\u011f\u0131ms\u0131zl\u0131k referandumu yap\u0131lan Kanada\u2019n\u0131n Quebec b\u00f6lgesini \u00f6rnek g\u00f6sterdi.<\/p>\n<p style=\"text-align: justify;\">BDP milletvekili Leyla Zana Almanya\u2019da kat\u0131ld\u0131\u011f\u0131 bir konferans s\u0131ras\u0131nda K\u00fcrt haber sitesi Rudaw\u2019a verdi\u011fi r\u00f6portajda, T\u00fcrkiye K\u00fcrtlerinin beklentilerini anlatt\u0131. K\u00fcrtlerin kendi geleceklerine referandumla karar vermesi gerekti\u011fini savunan Zana, Kanada\u2019n\u0131n Quebec b\u00f6lgesini \u00f6rnek g\u00f6sterdi.<!--more--><\/p>\n<p style=\"text-align: justify;\"><span style=\"text-decoration: underline;\">Zana\u2019n\u0131n r\u00f6portaj\u0131ndan dikkat \u00e7eken baz\u0131 b\u00f6l\u00fcmler \u015f\u00f6yle<\/span>:<\/p>\n<p style=\"text-align: justify;\">&#8211; \u0130ran, T\u00fcrkiye, Suriye ve Irak K\u00fcrtlerin kendi otoriteleri alt\u0131nda kald\u0131\u011f\u0131ndan emin olmak istiyor. Bu \u00fclkeler birbirleriyle bir\u00e7ok konuda anla\u015fmazl\u0131k ya\u015fayabiliyor ama K\u00fcrtler konu oldu\u011funda hep hemfikirler.<\/p>\n<p style=\"text-align: justify;\">&#8211; Birle\u015fmi\u015f Milletler milletlere kendi geleceklerini tayin etme hakk\u0131 veriyor. K\u00fcrtlere kar\u015f\u0131 tehdit politikas\u0131 art\u0131k bitmeli. Kendi topraklar\u0131nda geleceklerine karar verebilmeliler. \u00d6zg\u00fcrl\u00fck, otonomi, federalizm, ba\u011f\u0131ms\u0131zl\u0131k K\u00fcrtlerin de hakk\u0131.<\/p>\n<p style=\"text-align: justify;\">&#8211; Quebec b\u00f6lgesi halk\u0131 her 4 y\u0131lda bir sand\u0131\u011fa giderek kendi geleceklerine karar veriyorlar. Baz\u0131lar\u0131 ba\u011f\u0131ms\u0131zl\u0131k baz\u0131lar\u0131 otonomi ya da federalizm i\u00e7in oy kullan\u0131yor. Quebec halk\u0131 kendi sesini oy kullanarak duyurabiliyor. Bu halk\u0131n sesi ve kimse buna sayg\u0131s\u0131zl\u0131k etmemeli. Bence K\u00fcrtlerin de art\u0131k geleceklerine referandumla karar vermesinin zaman\u0131 geldi.<\/p>\n<p style=\"text-align: justify;\">&#8211; T\u00fcrkiye\u2019deki K\u00fcrtlerden baz\u0131lar\u0131 otonomi istiyor. Peki ka\u00e7\u0131 bunu istiyor? Bununla ilgili de tart\u0131\u015fma olmal\u0131. Ba\u015fta otonomi istiyorduk ama art\u0131k T\u00fcrkiye\u2019deki k\u00fcrtler bunun yeterli oldu\u011funa inanm\u0131yor.<\/p>\n<p style=\"text-align: justify;\">&#8211; T\u00fcrkiye, Almanya\u2019daki gibi federal bir sistem kurabilir. Ankara federal konularda, K\u00fcrtler ise b\u00f6lgesel konularda karar verebilir. K\u00fcrtler referanduma gitmeli ve t\u00fcm d\u00fcnya bu referandumun sonucunu kabul etmeli.<\/p>\n<p style=\"text-align: justify;\"><strong>Quebec s\u00fcreci<\/strong><\/p>\n<p style=\"text-align: justify;\">Kanada\u2019n\u0131n resmi dilin Frans\u0131zca oldu\u011fu tek eyaleti olan Quebec\u2019in bu farkl\u0131l\u0131\u011f\u0131, ba\u011f\u0131ms\u0131zl\u0131k taleplerini de beraberinde getirdi. Frans\u0131z kolonicilerinin 1608\u2019de kurdu\u011fu Quebec \u015fehri 1867\u2019de Kanada devletinin kurulmas\u0131 ile eyalet oldu. Ancak k\u00fclt\u00fcrel de\u011ferlerini ve dillerini korumak isteyen Quebecliler ba\u011f\u0131ms\u0131zl\u0131k m\u00fccadelesine ba\u015flad\u0131.<\/p>\n<p style=\"text-align: justify;\">1960\u2019larda Quebec i\u00e7in \u00d6zg\u00fcrl\u00fck Cephesi adl\u0131 grup, ter\u00f6re ba\u015flad\u0131. Bu d\u00f6nemde, ba\u011f\u0131ms\u0131zl\u0131k yanl\u0131lar\u0131 Quebec Partisi (QP) alt\u0131nda birle\u015fti ve 1976\u2019daki se\u00e7imleri kazand\u0131. 1980\u2019de ba\u011f\u0131ms\u0131zl\u0131k i\u00e7in referandum yap\u0131ld\u0131, y\u00fczde 59.56 \u201chay\u0131r\u201d \u00e7\u0131kt\u0131. Ancak QP, Frans\u0131zca dilini resmi dil olarak ilan etirdi. 1995\u2019te yine referandum yap\u0131ld\u0131, bu sefer de 50.58 oran\u0131nda \u201chay\u0131r\u201d \u00e7\u0131kt\u0131. Fakat Kanada Avam Kamaras\u0131 Quebeclileri \u201cFrans\u0131z Kanadal\u0131lar\u201d yerine \u201cQuebecliler\u201d ad\u0131yla resmi bir ulus olarak tan\u0131d\u0131.<\/p>\n<p style=\"text-align: justify;\"><a href=\"http:\/\/www.cnnturk.com\/2011\/guncel\/12\/28\/otonomi.yetmez\/642244.0\/index.html\" target=\"_blank\">Kaynak : CNN T\u00dcRK<\/a><\/p>\n","protected":false},"excerpt":{"rendered":"<p style=\"text-align: center;\">\n<p style=\"text-align: justify;\">K\u00fcrtlerin kendi geleceklerine referandumla karar vermesi gerekti\u011fini savunan Zana, iki kere ba\u011f\u0131ms\u0131zl\u0131k referandumu yap\u0131lan Kanada\u2019n\u0131n Quebec b\u00f6lgesini \u00f6rnek g\u00f6sterdi.<\/p>\n<p style=\"text-align: justify;\">BDP milletvekili Leyla Zana Almanya\u2019da kat\u0131ld\u0131\u011f\u0131 bir konferans s\u0131ras\u0131nda K\u00fcrt haber sitesi Rudaw\u2019a verdi\u011fi r\u00f6portajda, T\u00fcrkiye K\u00fcrtlerinin beklentilerini anlatt\u0131. K\u00fcrtlerin kendi geleceklerine referandumla karar vermesi gerekti\u011fini savunan Zana, Kanada\u2019n\u0131n <\/p>\n","protected":false},"author":1,"featured_media":0,"comment_status":"open","ping_status":"open","sticky":false,"template":"","format":"standard","meta":{"footnotes":""},"categories":[105],"tags":[],"class_list":["post-45475","post","type-post","status-publish","format-standard","hentry","category-gundem","odd"],"_links":{"self":[{"href":"http:\/\/www.korhanyilmaz.com\/index.php?rest_route=\/wp\/v2\/posts\/45475","targetHints":{"allow":["GET"]}}],"collection":[{"href":"http:\/\/www.korhanyilmaz.com\/index.php?rest_route=\/wp\/v2\/posts"}],"about":[{"href":"http:\/\/www.korhanyilmaz.com\/index.php?rest_route=\/wp\/v2\/types\/post"}],"author":[{"embeddable":true,"href":"http:\/\/www.korhanyilmaz.com\/index.php?rest_route=\/wp\/v2\/users\/1"}],"replies":[{"embeddable":true,"href":"http:\/\/www.korhanyilmaz.com\/index.php?rest_route=%2Fwp%2Fv2%2Fcomments&post=45475"}],"version-history":[{"count":0,"href":"http:\/\/www.korhanyilmaz.com\/index.php?rest_route=\/wp\/v2\/posts\/45475\/revisions"}],"wp:attachment":[{"href":"http:\/\/www.korhanyilmaz.com\/index.php?rest_route=%2Fwp%2Fv2%2Fmedia&parent=45475"}],"wp:term":[{"taxonomy":"category","embeddable":true,"href":"http:\/\/www.korhanyilmaz.com\/index.php?rest_route=%2Fwp%2Fv2%2Fcategories&post=45475"},{"taxonomy":"post_tag","embeddable":true,"href":"http:\/\/www.korhanyilmaz.com\/index.php?rest_route=%2Fwp%2Fv2%2Ftags&post=45475"}],"curies":[{"name":"wp","href":"https:\/\/api.w.org\/{rel}","templated":true}]}}