{"id":45471,"date":"2011-12-27T18:52:07","date_gmt":"2011-12-27T16:52:07","guid":{"rendered":"http:\/\/www.korhanyilmaz.com\/?p=45471"},"modified":"2011-12-28T11:48:28","modified_gmt":"2011-12-28T09:48:28","slug":"atina-mesut-yilmaz-icin-harekete-gecti","status":"publish","type":"post","link":"http:\/\/www.korhanyilmaz.com\/?p=45471","title":{"rendered":"Atina Mesut Y\u0131lmaz i\u00e7in harekete ge\u00e7ti"},"content":{"rendered":"<p style=\"text-align: center;\"><a href=\"http:\/\/www.korhanyilmaz.com\/wp-content\/uploads\/2011\/12\/8805.jpg\"  class=\"lightview\"><img loading=\"lazy\" decoding=\"async\" class=\"size-full wp-image-45472 aligncenter\" src=\"http:\/\/www.korhanyilmaz.com\/wp-content\/uploads\/2011\/12\/8805.jpg\" alt=\"\" width=\"292\" height=\"224\" \/><\/a><\/p>\n<p style=\"text-align: justify;\">Yunanistan D\u0131\u015fi\u015fleri Bakanl\u0131\u011f\u0131, eski Ba\u015fbakan Mesut Y\u0131lmaz&#8217;\u0131n, T\u00fcrk bas\u0131n\u0131nda yer alan Yunanistan konusundaki s\u00f6zleriyle ilgili T\u00fcrkiye&#8217;nin Atina B\u00fcy\u00fckel\u00e7ili\u011fi nezdinde giri\u015fimde bulundu.\u00a0<!--more--><\/p>\n<p style=\"text-align: justify;\">Yunanistan D\u0131\u015fi\u015fleri Bakanl\u0131\u011f\u0131ndan yap\u0131lan yaz\u0131l\u0131 a\u00e7\u0131klamada, T\u00fcrk bas\u0131n\u0131nda \u00e7\u0131kan ve eski Ba\u015fbakan Mesut Y\u0131lmaz&#8217;a atfedilen a\u00e7\u0131klamalarla ilgili B\u00fcy\u00fckel\u00e7ilik Maslahatg\u00fczar\u0131 d\u00fczeyinde giri\u015fimde bulunuldu\u011fu belirtilerek, &#8220;Atina&#8217;n\u0131n, Y\u0131lmaz&#8217;\u0131n a\u00e7\u0131klamalar\u0131n\u0131n ve daha \u00f6nce bu konuda bas\u0131na yans\u0131yan benzer bilgilerin ara\u015ft\u0131r\u0131lmas\u0131n\u0131 ve Yunan taraf\u0131n\u0131n bilgilendirilmesini istedi\u011fi&#8221; ifade edildi.<\/p>\n<p style=\"text-align: justify;\">Bakanl\u0131k a\u00e7\u0131klamas\u0131nda, Yunanistan&#8217;\u0131n Ankara B\u00fcy\u00fckel\u00e7isinin de D\u0131\u015fi\u015fleri Bakanl\u0131\u011f\u0131 nezdinde ayn\u0131 giri\u015fimde bulundu\u011fu kaydedildi.<\/p>\n<p style=\"text-align: justify;\"><a href=\"http:\/\/www.cnnturk.com\/2011\/dunya\/12\/27\/atina.mesut.yilmaz.icin.harekete.gecti\/642218.0\/index.html\" target=\"_blank\">Kaynak : CNN T\u00dcRK<\/a><\/p>\n","protected":false},"excerpt":{"rendered":"<p style=\"text-align: center;\">\n<p style=\"text-align: justify;\">Yunanistan D\u0131\u015fi\u015fleri Bakanl\u0131\u011f\u0131, eski Ba\u015fbakan Mesut Y\u0131lmaz&#8217;\u0131n, T\u00fcrk bas\u0131n\u0131nda yer alan Yunanistan konusundaki s\u00f6zleriyle ilgili T\u00fcrkiye&#8217;nin Atina B\u00fcy\u00fckel\u00e7ili\u011fi nezdinde giri\u015fimde bulundu. <\/p>\n","protected":false},"author":1,"featured_media":0,"comment_status":"open","ping_status":"open","sticky":false,"template":"","format":"standard","meta":{"footnotes":""},"categories":[105],"tags":[159],"class_list":["post-45471","post","type-post","status-publish","format-standard","hentry","category-gundem","tag-mesut-yilmaz","odd"],"_links":{"self":[{"href":"http:\/\/www.korhanyilmaz.com\/index.php?rest_route=\/wp\/v2\/posts\/45471","targetHints":{"allow":["GET"]}}],"collection":[{"href":"http:\/\/www.korhanyilmaz.com\/index.php?rest_route=\/wp\/v2\/posts"}],"about":[{"href":"http:\/\/www.korhanyilmaz.com\/index.php?rest_route=\/wp\/v2\/types\/post"}],"author":[{"embeddable":true,"href":"http:\/\/www.korhanyilmaz.com\/index.php?rest_route=\/wp\/v2\/users\/1"}],"replies":[{"embeddable":true,"href":"http:\/\/www.korhanyilmaz.com\/index.php?rest_route=%2Fwp%2Fv2%2Fcomments&post=45471"}],"version-history":[{"count":0,"href":"http:\/\/www.korhanyilmaz.com\/index.php?rest_route=\/wp\/v2\/posts\/45471\/revisions"}],"wp:attachment":[{"href":"http:\/\/www.korhanyilmaz.com\/index.php?rest_route=%2Fwp%2Fv2%2Fmedia&parent=45471"}],"wp:term":[{"taxonomy":"category","embeddable":true,"href":"http:\/\/www.korhanyilmaz.com\/index.php?rest_route=%2Fwp%2Fv2%2Fcategories&post=45471"},{"taxonomy":"post_tag","embeddable":true,"href":"http:\/\/www.korhanyilmaz.com\/index.php?rest_route=%2Fwp%2Fv2%2Ftags&post=45471"}],"curies":[{"name":"wp","href":"https:\/\/api.w.org\/{rel}","templated":true}]}}