{"id":45466,"date":"2011-12-28T11:27:13","date_gmt":"2011-12-28T09:27:13","guid":{"rendered":"http:\/\/www.korhanyilmaz.com\/?p=45466"},"modified":"2011-12-28T11:45:04","modified_gmt":"2011-12-28T09:45:04","slug":"hasdal-ziyaretine-sorusturma","status":"publish","type":"post","link":"http:\/\/www.korhanyilmaz.com\/?p=45466","title":{"rendered":"Hasdal ziyaretine soru\u015fturma"},"content":{"rendered":"<p style=\"text-align: center;\"><a href=\"http:\/\/www.korhanyilmaz.com\/wp-content\/uploads\/2011\/12\/8804.jpg\"  class=\"lightview\"><img loading=\"lazy\" decoding=\"async\" class=\" wp-image-45467 aligncenter\" src=\"http:\/\/www.korhanyilmaz.com\/wp-content\/uploads\/2011\/12\/8804.jpg\" alt=\"\" width=\"307\" height=\"236\" \/><\/a><\/p>\n<p style=\"text-align: justify;\">Hasdal Cezaevi&#8217;nde yatan muvazzaf askerleri ziyaret eden 4 komutan hakk\u0131nda soru\u015fturma a\u00e7\u0131ld\u0131. Eski Genelkurmay Ba\u015fkan\u0131 I\u015f\u0131k Ko\u015faner&#8217;in de aralar\u0131nda bulundu\u011fu komutanlar\u0131n ziyaretini \u00f6zel yetkili savc\u0131l\u0131k, &#8220;ter\u00f6r \u00f6rg\u00fct\u00fcne yard\u0131m yatakl\u0131k ve g\u00f6revini k\u00f6t\u00fcye kullanma&#8221; su\u00e7u kapsam\u0131nda soru\u015fturuyor.\u00a0<!--more--><\/p>\n<p style=\"text-align: justify;\">Sabah gazetesinin iddias\u0131na g\u00f6re ge\u00e7en \u015fubat ay\u0131nda Hasdal Cezaevi&#8217;ni ziyaret eden d\u00f6nemin Genelkurmay Ba\u015fkan\u0131 I\u015f\u0131k Ko\u015faner&#8217;in de aralar\u0131nda bulundu\u011fu generaller hakk\u0131nda \u00d6zel Yetkili \u0130stanbul Cumhuriyet Ba\u015fsavc\u0131l\u0131\u011f\u0131&#8217;nca &#8220;ter\u00f6r \u00f6rg\u00fct\u00fcne yard\u0131m ve yatakl\u0131k&#8221; iddias\u0131 ile soru\u015fturma y\u00fcr\u00fct\u00fcld\u00fc\u011f\u00fc ortaya \u00e7\u0131kt\u0131. 2011\/2036 soru\u015fturma numaras\u0131 verilen dosyada \u015f\u00fcpheli olarak eski Genelkurmay Ba\u015fkan\u0131 I\u015f\u0131k Ko\u015faner, eski Deniz Kuvvetleri Komutan\u0131 E\u015fref U\u011fur Yi\u011fit, eski Kara Kuvvetleri Komutan\u0131 Erdal Ceylano\u011flu ve eski Hava Kuvvetleri Komutan\u0131 Hasan Aksay&#8217;\u0131n isimleri ge\u00e7iyor. Komutanlar, 18 \u015eubat 2011&#8217;de Balyoz davas\u0131 kapsam\u0131nda tutuklanarak Hasdal Cezaevi&#8217;ne konulan 24&#8217;\u00fc general ve amiral toplam 102 muvazzaf subay\u0131 ziyaret etmi\u015fti. Bu ziyaret sonras\u0131 Gen\u00e7 Siviller ve Adalet Platformu, \u0130stanbul \u00d6zel Yetkili Cumhuriyet Ba\u015fsavc\u0131l\u0131\u011f\u0131&#8217;na ayr\u0131 ayr\u0131 su\u00e7 duyurusunda bulundu. Edinilen bilgilere g\u00f6re yap\u0131lan su\u00e7 duyurular\u0131 birle\u015ftirildi ve soru\u015fturma a\u00e7\u0131ld\u0131.<\/p>\n<p style=\"text-align: justify;\"><strong>4 komutan \u015f\u00fcpheli<\/strong><\/p>\n<p style=\"text-align: justify;\">Dosya kapsam\u0131nda bulunan I\u015f\u0131k Ko\u015faner&#8217;in ses kayd\u0131n\u0131n Ankara&#8217;da benzer bir soru\u015fturma y\u00fcr\u00fcten \u00d6zel Yetkili Cumhuriyet Savc\u0131s\u0131 Cemil Tu\u011ftekin&#8217;e g\u00f6nderildi\u011fi belirtildi.Y\u00fcr\u00fct\u00fclen soru\u015fturman\u0131n ilk evresinde \u0130stanbul Cumhuriyet Ba\u015fsavc\u0131l\u0131\u011f\u0131&#8217;n\u0131n g\u00f6revsizlik karar\u0131 vererek dosyay\u0131 Yarg\u0131tay Cumhuriyet Ba\u015fsavc\u0131l\u0131\u011f\u0131&#8217;na g\u00f6nderdi\u011fi \u00f6\u011frenildi. Yarg\u0131tay g\u00f6rev su\u00e7u bulsayd\u0131 komutanlar Y\u00fcce Divan&#8217;da yarg\u0131lanacaklard\u0131. Yarg\u0131tay Cumhuriyet Ba\u015fsavc\u0131l\u0131\u011f\u0131&#8217;n\u0131n, yapt\u0131\u011f\u0131 incelemenin ard\u0131ndan dosyay\u0131 g\u00f6rev su\u00e7u olmad\u0131\u011f\u0131 iddias\u0131 ile \u00d6zel Yetkili \u0130stanbul Cumhuriyet Ba\u015fsavc\u0131l\u0131\u011f\u0131&#8217;na iade etti\u011fi \u00f6\u011frenildi. \u00d6zel Yetkili Cumhuriyet Savc\u0131s\u0131 Muammer Akka\u015f, Yarg\u0131tay&#8217;dan gelen dosya \u00fczerindeki \u00e7al\u0131\u015fmalar\u0131n\u0131 s\u00fcrd\u00fcr\u00fcyor. Komutanlar\u0131n soru\u015fturma kapsam\u0131nda \u00f6n\u00fcm\u00fczdeki g\u00fcnlerde ifadeye \u00e7a\u011fr\u0131labilecekleri belirtiliyor.<\/p>\n<p style=\"text-align: justify;\"><strong>Silivri&#8217;de asker yasa\u011f\u0131<\/strong><\/p>\n<p style=\"text-align: justify;\">Muvazzaf generallerden, Ergenekon ve Balyoz davas\u0131 tutuklular\u0131na Silivri Cezaevi&#8217;nde yap\u0131lan ve kamuoyunda &#8220;genelkurmay deste\u011fi&#8221; olarak yorumlanan ziyaretlere Silivri Cumhuriyet Ba\u015fsavc\u0131l\u0131\u011f\u0131&#8217;ndan yasak geldi. San\u0131klar\u0131; sadece aileleri, avukatlar\u0131 ve yasa gere\u011fi kendilerinin talep ettikleri \u00fc\u00e7 yak\u0131nlar\u0131 ziyaret edebilecek.<\/p>\n<p style=\"text-align: justify;\"><a href=\"http:\/\/www.cnnturk.com\/2011\/guncel\/12\/28\/hasdal.ziyaretine.sorusturma\/642262.0\/index.html\" target=\"_blank\">Kaynak : CNN T\u00dcRK<br \/>\n<\/a><\/p>\n","protected":false},"excerpt":{"rendered":"<p style=\"text-align: center;\">\n<p style=\"text-align: justify;\">Hasdal Cezaevi&#8217;nde yatan muvazzaf askerleri ziyaret eden 4 komutan hakk\u0131nda soru\u015fturma a\u00e7\u0131ld\u0131. Eski Genelkurmay Ba\u015fkan\u0131 I\u015f\u0131k Ko\u015faner&#8217;in de aralar\u0131nda bulundu\u011fu komutanlar\u0131n ziyaretini \u00f6zel yetkili savc\u0131l\u0131k, &#8220;ter\u00f6r \u00f6rg\u00fct\u00fcne yard\u0131m yatakl\u0131k ve g\u00f6revini k\u00f6t\u00fcye kullanma&#8221; su\u00e7u kapsam\u0131nda soru\u015fturuyor. <\/p>\n","protected":false},"author":1,"featured_media":0,"comment_status":"open","ping_status":"open","sticky":false,"template":"","format":"standard","meta":{"footnotes":""},"categories":[105],"tags":[],"class_list":["post-45466","post","type-post","status-publish","format-standard","hentry","category-gundem","odd"],"_links":{"self":[{"href":"http:\/\/www.korhanyilmaz.com\/index.php?rest_route=\/wp\/v2\/posts\/45466","targetHints":{"allow":["GET"]}}],"collection":[{"href":"http:\/\/www.korhanyilmaz.com\/index.php?rest_route=\/wp\/v2\/posts"}],"about":[{"href":"http:\/\/www.korhanyilmaz.com\/index.php?rest_route=\/wp\/v2\/types\/post"}],"author":[{"embeddable":true,"href":"http:\/\/www.korhanyilmaz.com\/index.php?rest_route=\/wp\/v2\/users\/1"}],"replies":[{"embeddable":true,"href":"http:\/\/www.korhanyilmaz.com\/index.php?rest_route=%2Fwp%2Fv2%2Fcomments&post=45466"}],"version-history":[{"count":0,"href":"http:\/\/www.korhanyilmaz.com\/index.php?rest_route=\/wp\/v2\/posts\/45466\/revisions"}],"wp:attachment":[{"href":"http:\/\/www.korhanyilmaz.com\/index.php?rest_route=%2Fwp%2Fv2%2Fmedia&parent=45466"}],"wp:term":[{"taxonomy":"category","embeddable":true,"href":"http:\/\/www.korhanyilmaz.com\/index.php?rest_route=%2Fwp%2Fv2%2Fcategories&post=45466"},{"taxonomy":"post_tag","embeddable":true,"href":"http:\/\/www.korhanyilmaz.com\/index.php?rest_route=%2Fwp%2Fv2%2Ftags&post=45466"}],"curies":[{"name":"wp","href":"https:\/\/api.w.org\/{rel}","templated":true}]}}