{"id":45448,"date":"2011-12-28T08:02:11","date_gmt":"2011-12-28T06:02:11","guid":{"rendered":"http:\/\/www.korhanyilmaz.com\/?p=45448"},"modified":"2011-12-28T10:02:00","modified_gmt":"2011-12-28T08:02:00","slug":"45448","status":"publish","type":"post","link":"http:\/\/www.korhanyilmaz.com\/?p=45448","title":{"rendered":"CHP k\u00fc\u00e7\u00fck muhalefet yap\u0131yor"},"content":{"rendered":"<div id=\"attachment_45449\" style=\"width: 83px\" class=\"wp-caption alignright\"><img loading=\"lazy\" decoding=\"async\" aria-describedby=\"caption-attachment-45449\" class=\" wp-image-45449  \" title=\"Safile Usul - GAZETEPORT\" src=\"http:\/\/www.korhanyilmaz.com\/wp-content\/uploads\/2011\/12\/8803.jpg\" alt=\"\" width=\"73\" height=\"99\" \/><p id=\"caption-attachment-45449\" class=\"wp-caption-text\">Safile Usul<\/p><\/div>\n<p style=\"text-align: justify;\">CHP, milletvekili maa\u015flar\u0131na zam tepkisini yasa ge\u00e7tiktan hemen sonra verseydi inand\u0131r\u0131c\u0131 olabilirdi ama art\u0131k b\u00f6yle bir \u015fans\u0131 yok.<\/p>\n<p style=\"text-align: justify;\">Yasa per\u015fembe g\u00fcn\u00fc ge\u00e7ti, CHP hi\u00e7bir spontane ve do\u011fal tepki vermedi, herkes iyiydi, ho\u015ftu.<\/p>\n<p style=\"text-align: justify;\">Ne zaman fark edildi ki kamuoyu tepkili o zaman ilk tepki verildi.<\/p>\n<p style=\"text-align: justify;\">Sonra \u00e7ok daha ay\u0131p bir bi\u00e7imde imzay\u0131 atan iki ki\u015fi i\u00e7in, &#8220;disipline verece\u011fiz&#8221; a\u00e7\u0131klamas\u0131 yap\u0131ld\u0131.<\/p>\n<p style=\"text-align: justify;\">Yani, bir de, kendini kurtarmak i\u00e7in alttakini kurban etme gibi \u00e7ok ay\u0131p bir i\u015fe imza at\u0131ld\u0131.\u00a0<!--more--><\/p>\n<p style=\"text-align: justify;\">G\u00fcnlerdir bak\u0131yorum, okuyorum&#8230;<\/p>\n<p style=\"text-align: justify;\">Besbelli ki CHP bu i\u015fe onay vermi\u015f.<\/p>\n<p style=\"text-align: justify;\">Baz\u0131 milletvekilleri ile konu\u015ftum.<\/p>\n<p style=\"text-align: justify;\">Diyorlar ki, &#8220;Bir vekilin grup ba\u015fkanvekilinin bilgisi olmadan, grup ba\u015fkanvekilinin de genel ba\u015fkan\u0131n haberi olmadan hareket etmesi inan\u0131n ki m\u00fcmk\u00fcn de\u011fildir.&#8221;<\/p>\n<p style=\"text-align: justify;\">Tabii ki \u00f6yledir, o iki milletvekili tek ba\u015f\u0131na yapmaz bunu, adamlar\u0131 kurban olarak se\u00e7meye devam edip daha da fazla utan\u0131lacak duruma d\u00fc\u015fmeyin bence o nedenle.<\/p>\n<p style=\"text-align: justify;\">Ayr\u0131ca, bundan oy \u00e7\u0131kmaz, korkulmas\u0131n.<\/p>\n<p style=\"text-align: justify;\">Ki, bir muhalefet partisi kendisini iktidar partisinden \u00e7ok daha asil bir seviyede konumland\u0131rmak zorundad\u0131r.<\/p>\n<p style=\"text-align: justify;\">\u00c7\u00fcnk\u00fc iktidar partileri iktidar g\u00fcc\u00fcn\u00fcn etkisinden istifade ederler ama&#8230;<\/p>\n<p style=\"text-align: justify;\">Bir muhalif parti &#8220;idee&#8221; ve ahlaktan beslenir.<\/p>\n<p style=\"text-align: justify;\">Ve, \u00f6nce imzalat\u0131p, sonra susup, tepki gelince, &#8220;ben yapmad\u0131m, o yapt\u0131&#8221; demek asil de\u011fil, ay\u0131pt\u0131r, ilkokul \u00e7ocu\u011fu haline sokar insan\u0131 ayr\u0131ca da.<\/p>\n<p style=\"text-align: justify;\">Kimse de k\u0131l\u0131n\u0131 k\u0131p\u0131rdat\u0131p, ilkokul \u00e7ocu\u011funa oy vereyim demez extradan.<\/p>\n<p style=\"text-align: justify;\">Veren zaten veriyordur vatan, millet a\u015fk\u0131na ama her vatanda\u015f a\u015f\u0131r\u0131 siyasal duyarl\u0131l\u0131k ta\u015f\u0131maz.<\/p>\n<p style=\"text-align: justify;\">Onlar\u0131n da sende bir ak\u0131l, bir fikir, bir seviye, bir orijinallik vs. bulmas\u0131 gerekir.<\/p>\n<p style=\"text-align: justify;\">\u015eimdi madem ba\u015flad\u0131k, devam edelim CHP&#8217;den.<\/p>\n<p style=\"text-align: justify;\">CHP 2011 senesinde orijinal bir parti oldu\u011fu y\u00f6n\u00fcnde hi\u00e7bir emare vermedi kamuoyuna.<\/p>\n<p style=\"text-align: justify;\">Bol bol komiklik yapt\u0131.<\/p>\n<p style=\"text-align: justify;\">\u00d6rnek veriyorum&#8230;<\/p>\n<p style=\"text-align: justify;\">H\u00fck\u00fcmet partisi bedelli askerlik yasas\u0131n\u0131 \u00e7\u0131kard\u0131.<\/p>\n<p style=\"text-align: justify;\">\u00d6nce Akif Hamza\u00e7ebi kameralara dedi ki..<\/p>\n<p style=\"text-align: justify;\">&#8220;AKP kuzu kuzu bizim dedi\u011fimize geldi.&#8221;<\/p>\n<p style=\"text-align: justify;\">Bundan \u00e7\u0131kan anlam ne?<\/p>\n<p style=\"text-align: justify;\">&#8220;Bu bizim projemizdi, \u00f6nce kar\u015f\u0131 \u00e7\u0131kt\u0131lar, sonra t\u0131p\u0131\u015f t\u0131p\u0131\u015f yapt\u0131lar.&#8221;<\/p>\n<p style=\"text-align: justify;\">Sonra ne oldu?<\/p>\n<p style=\"text-align: justify;\">Bas\u0131nda, &#8220;CHP bedelliyi Anayasa Mahkemesi&#8217;ne g\u00f6t\u00fcrecek&#8221; haberleri \u00e7\u0131kt\u0131.<\/p>\n<p style=\"text-align: justify;\">Ama olay\u0131n abesli\u011fi o kadar belliydi ki sonra bundan vazge\u00e7ildi.<\/p>\n<p style=\"text-align: justify;\">Lakin CHP bedelli askerlik konusunda bin t\u00fcrl\u00fc varyasyon proje \u00fcretti.<\/p>\n<p style=\"text-align: justify;\">Alt varyasyon tabii, yani H\u00fck\u00fcmet&#8217;in bedelli projesine alt varyasyon.<\/p>\n<p style=\"text-align: justify;\">\u00dcstelik arada bir de, &#8220;Bedelli askerlik Anayasa&#8217;n\u0131n e\u015fitlik ilkesine ayk\u0131r\u0131d\u0131r&#8221; denerek.<\/p>\n<p style=\"text-align: justify;\">Bu bedelli olay\u0131 d\u0131\u015f\u0131nda di\u011fer hemen her konuda AKP konular\u0131 takip edildi.<\/p>\n<p style=\"text-align: justify;\">K\u00fcrt meselesi dendi&#8230;<\/p>\n<p style=\"text-align: justify;\">Hadi biz de bir\u015fey diyelim, ondan geri kalmayal\u0131m.<\/p>\n<p style=\"text-align: justify;\">\u015eunu dedi, biz \u00f6nceden demi\u015f olal\u0131m.<\/p>\n<p style=\"text-align: justify;\">Vs. vs.<\/p>\n<p style=\"text-align: justify;\">Bir de&#8230;<\/p>\n<p style=\"text-align: justify;\">Ekranlarda s\u00fcrekli, &#8220;Say\u0131n Ba\u015fbakan&#8221; diyen CHP yetkilileri.<\/p>\n<p style=\"text-align: justify;\">Ama nas\u0131l, pe\u015fpe\u015fe, aral\u0131ks\u0131z, ardarda, sesini bu vurguya vererek&#8230;<\/p>\n<p style=\"text-align: justify;\">Ona kar\u015f\u0131 bir s\u0131\u011f\u0131nma hissi duyuyor gibi.<\/p>\n<p style=\"text-align: justify;\">Olabilir ama o zaman neden muhalefet partisinde?<\/p>\n<p style=\"text-align: justify;\">Muhalefet partisi demek&#8230;<\/p>\n<p style=\"text-align: justify;\">&#8220;Ben iktidardaki siyasi partiyi ve onun liderlerini be\u011fenmiyorum, siz de be\u011fenmeyin, bana bak\u0131n, i\u015f bende&#8221; hissini veren parti ve ki\u015fi\/ki\u015filer demektir.<\/p>\n<p style=\"text-align: justify;\">Pardooooooon&#8230;<\/p>\n<p style=\"text-align: justify;\">Bu hissi vermekten \u00f6nce, bu hissi kendisi ta\u015f\u0131yan demektir.<\/p>\n<p style=\"text-align: justify;\">Bir insan veya bir parti kendisinin ta\u015f\u0131mad\u0131\u011f\u0131 bir hissi bir ba\u015fkas\u0131na da yans\u0131tamaz ve onu bu y\u00f6nde etkisi alt\u0131na alamaz.<\/p>\n<p style=\"text-align: justify;\">Yine, ba\u015fka bir \u00f6rnek&#8230;<\/p>\n<p style=\"text-align: justify;\">Ba\u015fbakan&#8217;\u0131n annesinin cenaze t\u00f6reninde bir CHP y\u00f6neticisinin taziye mesaj\u0131&#8230;<\/p>\n<p style=\"text-align: justify;\">&#8220;Anneci\u011finiz&#8221; ifadeli.<\/p>\n<p style=\"text-align: justify;\">Bu \u00e7ok mesafesiz bir ifade tarz\u0131 olmas\u0131n\u0131n yan\u0131 s\u0131ra bir muhalefet partisi yetkilisinin muhalafet yapt\u0131\u011f\u0131 bir ba\u015fbakan ile ili\u015fkisinde kullanaca\u011f\u0131 dil olamaz.<\/p>\n<p style=\"text-align: justify;\">\u00c7\u00fcnk\u00fc bu dil muhalefet yapt\u0131\u011f\u0131 ki\u015finin g\u00fcc\u00fcne \u00f6nem atfeden bir sembold\u00fcr.<\/p>\n<p style=\"text-align: justify;\">Bu mesaj\u0131n sahibinin TV g\u00f6r\u00fcnt\u00fclerindeki hali ise, \u015f\u00f6yle&#8230;<\/p>\n<p style=\"text-align: justify;\">Eli havada, dakikalarca Ba\u015fbakan onu g\u00f6rs\u00fcn ve elini tutsun diye bekliyor.<\/p>\n<p style=\"text-align: justify;\">Oysa Ba\u015fbakan onu g\u00f6rm\u00fcyor bile, eli havada \u00f6ylece bekliyor.<\/p>\n<p style=\"text-align: justify;\">Beden dilini bir g\u00f6rseniz, ac\u0131rs\u0131n\u0131z.<\/p>\n<p style=\"text-align: justify;\">B\u00f6yle bir resim hangi halkta muhalefetin g\u00fcc\u00fc hissi uyand\u0131r\u0131r?<\/p>\n<p style=\"text-align: justify;\">Hi\u00e7bir halkta.<\/p>\n<p style=\"text-align: justify;\">Muhalefet en \u00f6nce bir histir, ta\u015f\u0131n\u0131r ve verilir.<\/p>\n<p style=\"text-align: justify;\">Ve&#8230;<\/p>\n<p style=\"text-align: justify;\">Varsa vard\u0131r, yoksa da yok.<\/p>\n<p style=\"text-align: justify;\"><a href=\"http:\/\/www.gazeteport.com.tr\/yazar\/12\/safile_usul\/1758\" target=\"_blank\">Kaynak : GAZETEPORT<\/a><\/p>\n","protected":false},"excerpt":{"rendered":"<p id=\"caption-attachment-45449\" class=\"wp-caption-text\">Safile Usul<\/p>\n<p style=\"text-align: justify;\">CHP, milletvekili maa\u015flar\u0131na zam tepkisini yasa ge\u00e7tiktan hemen sonra verseydi inand\u0131r\u0131c\u0131 olabilirdi ama art\u0131k b\u00f6yle bir \u015fans\u0131 yok.<\/p>\n<p style=\"text-align: justify;\">Yasa per\u015fembe g\u00fcn\u00fc ge\u00e7ti, CHP hi\u00e7bir spontane ve do\u011fal tepki vermedi, herkes iyiydi, ho\u015ftu.<\/p>\n<p style=\"text-align: justify;\">Ne zaman fark edildi ki kamuoyu tepkili o zaman ilk tepki verildi.<\/p>\n<p  \n\n","protected":false},"author":1,"featured_media":0,"comment_status":"open","ping_status":"open","sticky":false,"template":"","format":"standard","meta":{"footnotes":""},"categories":[16],"tags":[40],"class_list":["post-45448","post","type-post","status-publish","format-standard","hentry","category-kose-yazilari","tag-safile-usul","odd"],"_links":{"self":[{"href":"http:\/\/www.korhanyilmaz.com\/index.php?rest_route=\/wp\/v2\/posts\/45448","targetHints":{"allow":["GET"]}}],"collection":[{"href":"http:\/\/www.korhanyilmaz.com\/index.php?rest_route=\/wp\/v2\/posts"}],"about":[{"href":"http:\/\/www.korhanyilmaz.com\/index.php?rest_route=\/wp\/v2\/types\/post"}],"author":[{"embeddable":true,"href":"http:\/\/www.korhanyilmaz.com\/index.php?rest_route=\/wp\/v2\/users\/1"}],"replies":[{"embeddable":true,"href":"http:\/\/www.korhanyilmaz.com\/index.php?rest_route=%2Fwp%2Fv2%2Fcomments&post=45448"}],"version-history":[{"count":0,"href":"http:\/\/www.korhanyilmaz.com\/index.php?rest_route=\/wp\/v2\/posts\/45448\/revisions"}],"wp:attachment":[{"href":"http:\/\/www.korhanyilmaz.com\/index.php?rest_route=%2Fwp%2Fv2%2Fmedia&parent=45448"}],"wp:term":[{"taxonomy":"category","embeddable":true,"href":"http:\/\/www.korhanyilmaz.com\/index.php?rest_route=%2Fwp%2Fv2%2Fcategories&post=45448"},{"taxonomy":"post_tag","embeddable":true,"href":"http:\/\/www.korhanyilmaz.com\/index.php?rest_route=%2Fwp%2Fv2%2Ftags&post=45448"}],"curies":[{"name":"wp","href":"https:\/\/api.w.org\/{rel}","templated":true}]}}