{"id":45443,"date":"2011-12-28T08:01:11","date_gmt":"2011-12-28T06:01:11","guid":{"rendered":"http:\/\/www.korhanyilmaz.com\/?p=45443"},"modified":"2011-12-28T10:03:08","modified_gmt":"2011-12-28T08:03:08","slug":"dalkavuk","status":"publish","type":"post","link":"http:\/\/www.korhanyilmaz.com\/?p=45443","title":{"rendered":"Dalkavuk"},"content":{"rendered":"<div id=\"attachment_45444\" style=\"width: 85px\" class=\"wp-caption alignright\"><img loading=\"lazy\" decoding=\"async\" aria-describedby=\"caption-attachment-45444\" class=\" wp-image-45444    \" title=\"H\u00fcrrem \u015eat\u0131ro\u011flu - GAZETEPORT\" src=\"http:\/\/www.korhanyilmaz.com\/wp-content\/uploads\/2011\/12\/8802.jpg\" alt=\"\" width=\"75\" height=\"102\" \/><p id=\"caption-attachment-45444\" class=\"wp-caption-text\">H\u00fcrrem \u015eat\u0131ro\u011flu<\/p><\/div>\n<p style=\"text-align: justify;\">&#8220;Kendisine \u00e7\u0131kar sa\u011flayacak olanlara a\u015f\u0131r\u0131 bir sayg\u0131 ve hayranl\u0131k g\u00f6stererek yaranmak isteyen kimse, hulusk\u00e2r, ya\u011fc\u0131, yalaka, ya\u011fdanl\u0131k, yalpak, kemik yalay\u0131c\u0131, \u00e7anak yalay\u0131c\u0131..<\/p>\n<p style=\"text-align: justify;\">Saraylarda devlet b\u00fcy\u00fcklerini n\u00fckteli s\u00f6zlerle e\u011flendiren kimse.<\/p>\n<p style=\"text-align: justify;\">Kendi \u00e7\u0131kar\u0131 i\u00e7in ba\u015fkalar\u0131n\u0131n elini ete\u011fini \u00f6pen tip.<\/p>\n<p style=\"text-align: justify;\">Kendi \u00e7\u0131kar\u0131 i\u00e7in ba\u015fkalar\u0131na kavuk sallayan oyun ki\u015fisi.&#8221;<\/p>\n<p style=\"text-align: justify;\">***<!--more--><\/p>\n<p style=\"text-align: justify;\">TDK, &#8216;dalkavuk&#8217;u b\u00f6yle tan\u0131ml\u0131yor.<\/p>\n<p style=\"text-align: justify;\">TBMM Ba\u015fkan\u0131 Cemil \u00c7i\u00e7ek&#8217;e g\u00f6re vekillerin maa\u015f zamlar\u0131na &#8216;olmaz ama&#8217; diyenler dalkavuk.<\/p>\n<p style=\"text-align: justify;\">Halk dalkavu\u011fu..<\/p>\n<p style=\"text-align: justify;\">Bu durumda CHP Genel Ba\u015fkan\u0131 Kemal K\u0131l\u0131\u00e7daro\u011flu, &#8216;halk dalkavu\u011fu&#8217;..<\/p>\n<p style=\"text-align: justify;\">Bana g\u00f6reyse; K\u0131l\u0131\u00e7daro\u011flu, CHP&#8217;nin ba\u015f\u0131na ge\u00e7ti\u011fi andan itibaren en anlaml\u0131 duru\u015flar\u0131ndan birini sergiliyor..<\/p>\n<p style=\"text-align: justify;\">Hatta az daha zorlasa, olay kendili\u011finden &#8216;al zamm\u0131n\u0131 geri&#8217; kampanyas\u0131na d\u00f6n\u00fc\u015fecek..<\/p>\n<p style=\"text-align: justify;\">***<\/p>\n<p style=\"text-align: justify;\">Bak\u0131n\u0131z..<\/p>\n<p style=\"text-align: justify;\">***<\/p>\n<p style=\"text-align: justify;\">Kad\u0131n\u0131n pantolonunu ulusal tart\u0131\u015fma konusu yapan hanzolar\u0131n;<\/p>\n<p style=\"text-align: justify;\">Maa\u015f\u0131 da tart\u0131\u015fma konusu haline getirecek kadar y\u00fcrekli olmas\u0131n\u0131 beklerim..<\/p>\n<p style=\"text-align: justify;\">***<\/p>\n<p style=\"text-align: justify;\">K\u00fcrs\u00fcde bardak k\u0131ran delikanl\u0131n\u0131n;<\/p>\n<p style=\"text-align: justify;\">\u00c7\u0131k\u0131p \u00fclke g\u00fcndeminde &#8216;maa\u015f\u0131m\u0131 katlayaca\u011f\u0131m lan&#8217; diye yer almas\u0131n\u0131 da \u00fcmit etme hakk\u0131m\u0131 kullan\u0131r\u0131m..<\/p>\n<p style=\"text-align: justify;\">***<\/p>\n<p style=\"text-align: justify;\">\u00c7orba fiyatlar\u0131n\u0131 art\u0131rmamak i\u00e7in giderlerini \u00f6ne s\u00fcren erkek \u015f\u0131ll\u0131\u011f\u0131n;<\/p>\n<p style=\"text-align: justify;\">Gece yar\u0131s\u0131ndan \u00f6nce bir ara &#8216;\u00e7orba sabit maa\u015f katl\u0131&#8217; kampanyas\u0131n\u0131 ba\u015flatmas\u0131n\u0131 isterim..<\/p>\n<p style=\"text-align: justify;\">***<\/p>\n<p style=\"text-align: justify;\">Y\u0131llard\u0131r; ki o y\u0131llar AKP y\u0131llar\u0131d\u0131r, enflasyonu d\u00fc\u015f\u00fcrmek gayesiyle \u00fccretlere \u00e7ok d\u00fc\u015f\u00fck art\u0131\u015f yap\u0131lmas\u0131na g\u0131k \u00e7\u0131karmayan TBMM dolusu tipin;<\/p>\n<p style=\"text-align: justify;\">Kendi maa\u015f\u0131 i\u00e7in de ayn\u0131 oranda zam yapacak y\u00fcreklili\u011fi g\u00f6stermesini dilerim..<\/p>\n<p style=\"text-align: justify;\">***<\/p>\n<p style=\"text-align: justify;\">TBMM&#8217;ye gelenlerin, &#8216;s\u00fcrekli da\u011f\u0131tt\u0131klar\u0131 paradan ve ge\u00e7inememekten bahsetmek&#8217; yerine;<\/p>\n<p style=\"text-align: justify;\">Hala \u00f6nemli k\u0131sm\u0131 yetersiz beslenme sorun ya\u015fayan milletinin kendisinden \u00f6nce refaha ula\u015fmas\u0131n\u0131 beklemesini dilerim..<\/p>\n<p style=\"text-align: justify;\">***<\/p>\n<p style=\"text-align: justify;\">Muhalefet denilen mahlukat\u0131n;<\/p>\n<p style=\"text-align: justify;\">\u0130ktidardaki halk dalkavuklar\u0131n\u0131n d\u00fcmen suyundan arada bir \u00e7\u0131kmas\u0131n\u0131 dilerim..<\/p>\n<p style=\"text-align: justify;\"><a href=\"http:\/\/www.gazeteport.com.tr\/yazar\/13\/hurrem_satiroglu\/1757\" target=\"_blank\">Kaynak : GAZETEPORT<\/a><\/p>\n","protected":false},"excerpt":{"rendered":"<p id=\"caption-attachment-45444\" class=\"wp-caption-text\">H\u00fcrrem \u015eat\u0131ro\u011flu<\/p>\n<p style=\"text-align: justify;\">&#8220;Kendisine \u00e7\u0131kar sa\u011flayacak olanlara a\u015f\u0131r\u0131 bir sayg\u0131 ve hayranl\u0131k g\u00f6stererek yaranmak isteyen kimse, hulusk\u00e2r, ya\u011fc\u0131, yalaka, ya\u011fdanl\u0131k, yalpak, kemik yalay\u0131c\u0131, \u00e7anak yalay\u0131c\u0131..<\/p>\n<p style=\"text-align: justify;\">Saraylarda devlet b\u00fcy\u00fcklerini n\u00fckteli s\u00f6zlerle e\u011flendiren kimse.<\/p>\n<p style=\"text-align: justify;\">Kendi \u00e7\u0131kar\u0131 i\u00e7in ba\u015fkalar\u0131n\u0131n elini ete\u011fini \u00f6pen tip.<\/p>\n<p style=\"text-align: justify;\">Kendi \u00e7\u0131kar\u0131 i\u00e7in ba\u015fkalar\u0131na kavuk sallayan <\/p>\n","protected":false},"author":1,"featured_media":0,"comment_status":"open","ping_status":"open","sticky":false,"template":"","format":"standard","meta":{"footnotes":""},"categories":[16],"tags":[608],"class_list":["post-45443","post","type-post","status-publish","format-standard","hentry","category-kose-yazilari","tag-hurrem-satiroglu","odd"],"_links":{"self":[{"href":"http:\/\/www.korhanyilmaz.com\/index.php?rest_route=\/wp\/v2\/posts\/45443","targetHints":{"allow":["GET"]}}],"collection":[{"href":"http:\/\/www.korhanyilmaz.com\/index.php?rest_route=\/wp\/v2\/posts"}],"about":[{"href":"http:\/\/www.korhanyilmaz.com\/index.php?rest_route=\/wp\/v2\/types\/post"}],"author":[{"embeddable":true,"href":"http:\/\/www.korhanyilmaz.com\/index.php?rest_route=\/wp\/v2\/users\/1"}],"replies":[{"embeddable":true,"href":"http:\/\/www.korhanyilmaz.com\/index.php?rest_route=%2Fwp%2Fv2%2Fcomments&post=45443"}],"version-history":[{"count":0,"href":"http:\/\/www.korhanyilmaz.com\/index.php?rest_route=\/wp\/v2\/posts\/45443\/revisions"}],"wp:attachment":[{"href":"http:\/\/www.korhanyilmaz.com\/index.php?rest_route=%2Fwp%2Fv2%2Fmedia&parent=45443"}],"wp:term":[{"taxonomy":"category","embeddable":true,"href":"http:\/\/www.korhanyilmaz.com\/index.php?rest_route=%2Fwp%2Fv2%2Fcategories&post=45443"},{"taxonomy":"post_tag","embeddable":true,"href":"http:\/\/www.korhanyilmaz.com\/index.php?rest_route=%2Fwp%2Fv2%2Ftags&post=45443"}],"curies":[{"name":"wp","href":"https:\/\/api.w.org\/{rel}","templated":true}]}}